{"id":193,"date":"2010-04-13T00:12:00","date_gmt":"2010-04-13T00:12:00","guid":{"rendered":"http:\/\/blogs.larioja.com\/insolencias\/?p=193"},"modified":"2010-04-13T00:12:00","modified_gmt":"2010-04-13T00:12:00","slug":"inaudito-y-repugnante","status":"publish","type":"post","link":"https:\/\/blogs.larioja.com\/insolencias\/2010\/04\/13\/inaudito-y-repugnante\/","title":{"rendered":"Inaudito y repugnante."},"content":{"rendered":"<p><P class=MsoNormal style=\"MARGIN: 0cm 0cm 0pt\"><SPAN style=\"FONT-SIZE: 16pt\"><FONT face=\"Times New Roman\"><IMG class=imgizqda id=img_0 src=\"https:\/\/blogs.larioja.com\/insolencias\/files\/garz\u00f3n.jpg\"><\/FONT><\/SPAN><\/p>\n<p> <P class=MsoNormal style=\"MARGIN: 0cm 0cm 0pt\"><SPAN style=\"FONT-SIZE: 16pt\"><?xml:namespace prefix = o ns = \"urn:schemas-microsoft-com:office:office\" \/><o:p><FONT face=\"Times New Roman\"><\/FONT><\/o:p><\/SPAN><\/p>\n<p> <P class=MsoNormal style=\"MARGIN: 0cm 0cm 0pt\"><SPAN style=\"FONT-SIZE: 16pt\"><FONT face=\"Times New Roman\">La existencia de partidos pol\u00edticos fascistas &#8211; al mismo tiempo legales- en Espa\u00f1a, es un claro s\u00edntoma de que algo no se ha superado todav\u00eda en nuestra democracia. <o:p><\/o:p><\/FONT><\/SPAN><\/p>\n<p> <P class=MsoNormal style=\"MARGIN: 0cm 0cm 0pt\"><SPAN style=\"FONT-SIZE: 16pt\"><FONT face=\"Times New Roman\">Partidos de ideolog\u00eda, xen\u00f3foba, hom\u00f3fona y basada en el terror, -con demostrado curr\u00edculum hist\u00f3rico en la comisi\u00f3n de atrocidades-, <SPAN style=\"mso-spacerun: yes\"><\/SPAN>que tienen la desfachatez \u2013 y la posibilidad legal- de <SPAN style=\"mso-spacerun: yes\"><\/SPAN>pedir <SPAN style=\"mso-spacerun: yes\"><\/SPAN>que un juez ejemplar (a mi particular opini\u00f3n) se tenga que sentar en un banquillo por querer investigar los asesinatos cometidos por ese mismo partido pol\u00edtico y semejantes en la Guerra Civil Espa\u00f1ola y en los ulteriores episodios de matanzas y terrorismo institucional propiciado por Franco y sus ac\u00f3litos\u2026entre los que se encontraban estos que ahora quieren que nuestras leyes constitucionales (de una Espa\u00f1a constitucional que no aceptan y quieren destruir) <SPAN style=\"mso-spacerun: yes\"><\/SPAN>les sirvan para sus fines. En ese particular son exactamente iguales a los batasunos. Ambos se dan la mano en rechazar al actual Estado democr\u00e1tico que hemos construido, pero no dudan en echar mano de sus leyes cuando les conviene.<o:p><\/o:p><\/FONT><\/SPAN><\/p>\n<p> <P class=MsoNormal style=\"MARGIN: 0cm 0cm 0pt\"><SPAN style=\"FONT-SIZE: 16pt\"><FONT face=\"Times New Roman\">.<o:p><\/o:p><\/FONT><\/SPAN><\/p>\n<p> <P class=MsoNormal style=\"MARGIN: 0cm 0cm 0pt\"><SPAN style=\"FONT-SIZE: 16pt\"><FONT face=\"Times New Roman\">Dicen que lo pol\u00edticamente correcto es respetar las decisiones judiciales. Yo en este caso voy a hacer como el padre de Mariluz\u2026el recientemente nombrado asesor <SPAN style=\"mso-spacerun: yes\"><\/SPAN>del PP para asuntos judiciales. Este se\u00f1or ni comparte ni respeta la decisi\u00f3n de un juez que dej\u00f3 en libertad al que despu\u00e9s result\u00f3 ser el asesino de su hija. Me parece muy bien\u2026que no est\u00e9 de acuerdo\u2026ni respete.<o:p><\/o:p><\/FONT><\/SPAN><\/p>\n<p> <P class=MsoNormal style=\"MARGIN: 0cm 0cm 0pt\"><SPAN style=\"FONT-SIZE: 16pt\"><FONT face=\"Times New Roman\">De momento <SPAN style=\"mso-spacerun: yes\"><\/SPAN>la decisi\u00f3n adoptada por los magistrados del Supremo, con respecto al juez Baltasar Garz\u00f3n ni la respeto, ni la comparto. <SPAN style=\"mso-spacerun: yes\"><\/SPAN>Me repugna\u2026me da verdadero asco.<o:p><\/o:p><\/FONT><\/SPAN><\/p>\n<p> <P class=MsoNormal style=\"MARGIN: 0cm 0cm 0pt\"><SPAN style=\"FONT-SIZE: 16pt\"><FONT face=\"Times New Roman\">.<o:p><\/o:p><\/FONT><\/SPAN><\/p>\n<p> <P class=MsoNormal style=\"MARGIN: 0cm 0cm 0pt\"><SPAN style=\"FONT-SIZE: 16pt\"><o:p><FONT face=\"Times New Roman\"><\/FONT><\/o:p><\/SPAN><\/p>\n<p> <P class=MsoNormal style=\"MARGIN: 0cm 0cm 0pt\"><SPAN style=\"FONT-SIZE: 16pt\"><FONT face=\"Times New Roman\">Por \u00faltimo una reflexi\u00f3n. Un <SPAN style=\"mso-spacerun: yes\"><\/SPAN>Partido Socialista Obrero Espa\u00f1ol en el gobierno no puede consentir la existencia legal de este tipo de partidos. Si Batasuna no puede presentarse a las elecciones, estos <SPAN style=\"mso-spacerun: yes\"><\/SPAN>tampoco. Si ETA ha asesinado a lo largo de su historia a cerca de 1000 personas, el fascismo en este pa\u00eds asesin\u00f3 a cientos de miles. Si unos no reconocen nuestra democracia los otros tampoco. <SPAN style=\"mso-spacerun: yes\"><\/SPAN>Mientras unos no rechazan la violencia, los otros la tienen como \u00fanico fundamento de su existencia. <o:p><\/o:p><\/FONT><\/SPAN><\/p>\n<p> <P class=MsoNormal style=\"MARGIN: 0cm 0cm 0pt\"><SPAN style=\"FONT-SIZE: 16pt\"><FONT face=\"Times New Roman\">En Alemania los partidos fascistas son considerados terroristas, est\u00e1n ilegalizados y perseguidos. En Espa\u00f1a, por el contrario, <SPAN style=\"mso-spacerun: yes\"><\/SPAN>se personan en los tribunales para sentar en el banquillo a jueces como Baltasar Garz\u00f3n\u2026una de las personas que m\u00e1s ha hecho en este pa\u00eds contra el terrorismo y a favor de la democracia. <\/FONT><\/SPAN><\/p>\n<p> <P class=MsoNormal style=\"MARGIN: 0cm 0cm 0pt\"><SPAN style=\"FONT-SIZE: 16pt\"><FONT face=\"Times New Roman\">Mientras los asesinados por el franquismo siguen desaparecidos en las cunetas, el que se sienta en el banquillo es el juez que ha querido investigar estos cr\u00edmenes. <\/FONT><\/SPAN><\/p>\n<p> <P class=MsoNormal style=\"MARGIN: 0cm 0cm 0pt\"><SPAN style=\"FONT-SIZE: 16pt\"><FONT face=\"Times New Roman\">\u00a1Qu\u00e9 asco m\u00e1s grande!<\/FONT><\/SPAN><\/p>\n","protected":false},"excerpt":{"rendered":"<p>La existencia de partidos pol\u00edticos fascistas &#8211; al mismo tiempo legales- en Espa\u00f1a, es un claro s\u00edntoma de que algo no se ha superado todav\u00eda en nuestra democracia. Partidos de ideolog\u00eda, xen\u00f3foba, hom\u00f3fona y basada en el terror, -con demostrado curr\u00edculum hist\u00f3rico en la comisi\u00f3n de atrocidades-, que tienen la desfachatez \u2013 y la posibilidad [&hellip;]<\/p>\n","protected":false},"author":8872,"featured_media":0,"comment_status":"open","ping_status":"closed","sticky":false,"template":"","format":"standard","meta":[],"categories":[1],"tags":[248,471,964,1895,2066],"_links":{"self":[{"href":"https:\/\/blogs.larioja.com\/insolencias\/wp-json\/wp\/v2\/posts\/193"}],"collection":[{"href":"https:\/\/blogs.larioja.com\/insolencias\/wp-json\/wp\/v2\/posts"}],"about":[{"href":"https:\/\/blogs.larioja.com\/insolencias\/wp-json\/wp\/v2\/types\/post"}],"author":[{"embeddable":true,"href":"https:\/\/blogs.larioja.com\/insolencias\/wp-json\/wp\/v2\/users\/8872"}],"replies":[{"embeddable":true,"href":"https:\/\/blogs.larioja.com\/insolencias\/wp-json\/wp\/v2\/comments?post=193"}],"version-history":[{"count":0,"href":"https:\/\/blogs.larioja.com\/insolencias\/wp-json\/wp\/v2\/posts\/193\/revisions"}],"wp:attachment":[{"href":"https:\/\/blogs.larioja.com\/insolencias\/wp-json\/wp\/v2\/media?parent=193"}],"wp:term":[{"taxonomy":"category","embeddable":true,"href":"https:\/\/blogs.larioja.com\/insolencias\/wp-json\/wp\/v2\/categories?post=193"},{"taxonomy":"post_tag","embeddable":true,"href":"https:\/\/blogs.larioja.com\/insolencias\/wp-json\/wp\/v2\/tags?post=193"}],"curies":[{"name":"wp","href":"https:\/\/api.w.org\/{rel}","templated":true}]}}