{"id":194,"date":"2010-04-15T15:05:00","date_gmt":"2010-04-15T15:05:00","guid":{"rendered":"http:\/\/blogs.larioja.com\/insolencias\/?p=194"},"modified":"2010-04-15T15:05:00","modified_gmt":"2010-04-15T15:05:00","slug":"el-tribunal-supremo-rizando-rizo","status":"publish","type":"post","link":"https:\/\/blogs.larioja.com\/insolencias\/2010\/04\/15\/el-tribunal-supremo-rizando-rizo\/","title":{"rendered":"El Tribunal Supremo rizando el rizo."},"content":{"rendered":"<p><P class=MsoNormal style=\"MARGIN: 0cm 0cm 0pt\"><SPAN style=\"FONT-SIZE: 16pt\"><FONT face=\"Times New Roman\"><IMG class=imgizqda id=img_0 src=\"https:\/\/blogs.larioja.com\/insolencias\/files\/lucianovarela.jpg\">En el Tribunal Supremo, andan escandalizados y sorprendidos con<?xml:namespace prefix = o ns = \"urn:schemas-microsoft-com:office:office\" \/><o:p><\/o:p><\/FONT><\/SPAN><\/p>\n<p> <P class=MsoNormal style=\"MARGIN: 0cm 0cm 0pt\"><SPAN style=\"FONT-SIZE: 16pt\"><FONT face=\"Times New Roman\">la reacci\u00f3n internacional al procesamiento del Juez Baltasar Garz\u00f3n en los peri\u00f3dicos m\u00e1s influyentes del mundo\u2026como el The New York <SPAN style=\"mso-spacerun: yes\"><\/SPAN>Times. Van dando palos de ciego a diestro y siniestro.<\/FONT><\/SPAN><\/p>\n<p> <P class=MsoNormal style=\"MARGIN: 0cm 0cm 0pt\"><SPAN style=\"FONT-SIZE: 16pt\"><FONT face=\"Times New Roman\">El rotativo de referencia a nivel interplanetario (como dir\u00eda Leire), se moja en la defensa del juez estrella . Un editorial cuyo t\u00edtulo ya dec\u00eda bastante\u2026\u201dUna injusticia en Espa\u00f1a\u201d.<\/FONT><\/SPAN><\/p>\n<p> <P class=MsoNormal style=\"MARGIN: 0cm 0cm 0pt\"><SPAN style=\"FONT-SIZE: 16pt\"><FONT face=\"Times New Roman\">.<\/FONT><\/SPAN><\/p>\n<p> <P class=MsoNormal style=\"MARGIN: 0cm 0cm 0pt\"><SPAN style=\"FONT-SIZE: 16pt\"><FONT face=\"Times New Roman\"><o:p><\/o:p><\/FONT><\/SPAN><\/p>\n<p> <P class=MsoNormal style=\"MARGIN: 0cm 0cm 0pt\"><SPAN style=\"FONT-SIZE: 16pt\"><A href=\"http:\/\/www.elmundo.es\/elmundo\/2010\/04\/09\/espana\/1270830212.html\"><FONT face=\"Times New Roman\">http:\/\/www.elmundo.es\/elmundo\/2010\/04\/09\/espana\/1270830212.html<\/FONT><\/A><\/SPAN><\/p>\n<p> <P class=MsoNormal style=\"MARGIN: 0cm 0cm 0pt\"><SPAN style=\"FONT-SIZE: 16pt\">.<\/SPAN><\/p>\n<p> <P class=MsoNormal style=\"MARGIN: 0cm 0cm 0pt\"><SPAN style=\"FONT-SIZE: 16pt\"><o:p><\/o:p><\/SPAN><\/p>\n<p> <P class=MsoNormal style=\"MARGIN: 0cm 0cm 0pt\"><SPAN style=\"FONT-SIZE: 16pt\"><FONT face=\"Times New Roman\">Otros medios de comunicaci\u00f3n internacionales tambi\u00e9n recorrieron el mismo camino de sorpresa, estupor y cr\u00edtica hacia la decisi\u00f3n del Tribunal Supremo de nuestro pa\u00eds.<o:p><\/o:p><\/FONT><\/SPAN><\/p>\n<p> <P class=MsoNormal style=\"MARGIN: 0cm 0cm 0pt\"><SPAN style=\"FONT-SIZE: 16pt\"><FONT face=\"Times New Roman\">Al parecer alguno de los magistrados se puso nervioso, (\u00bftal vez Luciano Varela?) <SPAN style=\"mso-spacerun: yes\"><\/SPAN>y realiz\u00f3 una convocatoria a los medios de comunicaci\u00f3n \u00a1solo a los internacionales!, en un ejercicio ins\u00f3lito por ser \u2013posiblemente- <SPAN style=\"mso-spacerun: yes\"><\/SPAN>la primera vez en la historia que el Tribunal Supremo convocaba una rueda de prensa y, evidentemente la primera que se convocaba solo a los periodistas extranjeros\u2026no a los nacionales.<o:p><\/o:p><\/FONT><\/SPAN><\/p>\n<p> <P class=MsoNormal style=\"MARGIN: 0cm 0cm 0pt\"><SPAN style=\"FONT-SIZE: 16pt\"><FONT face=\"Times New Roman\">Esta metedura de pezu\u00f1a se quiso enderezar ayer ampliando tambi\u00e9n la convocatoria a los periodistas nacionales, que ya se hab\u00edan dado por ofendidos\u2026y con raz\u00f3n.<o:p><\/o:p><\/FONT><\/SPAN><\/p>\n<p> <P class=MsoNormal style=\"MARGIN: 0cm 0cm 0pt\"><SPAN style=\"FONT-SIZE: 16pt\"><FONT face=\"Times New Roman\">Como no hay dos sin tres, hoy se suspende la rueda de prensa. Ya no la habr\u00e1 ni para nacionales ni para extranjeros, ni para extraterrestres. Dicen desde el Tribunal Supremo que se iba a juntar mucha gente y, que total\u2026para lo que iban a decir.<o:p><\/o:p><\/FONT><\/SPAN><\/p>\n","protected":false},"excerpt":{"rendered":"<p>En el Tribunal Supremo, andan escandalizados y sorprendidos con la reacci\u00f3n internacional al procesamiento del Juez Baltasar Garz\u00f3n en los peri\u00f3dicos m\u00e1s influyentes del mundo\u2026como el The New York Times. Van dando palos de ciego a diestro y siniestro. El rotativo de referencia a nivel interplanetario (como dir\u00eda Leire), se moja en la defensa del [&hellip;]<\/p>\n","protected":false},"author":8872,"featured_media":0,"comment_status":"open","ping_status":"closed","sticky":false,"template":"","format":"standard","meta":[],"categories":[1],"tags":[248,964,1097,1273,2002],"_links":{"self":[{"href":"https:\/\/blogs.larioja.com\/insolencias\/wp-json\/wp\/v2\/posts\/194"}],"collection":[{"href":"https:\/\/blogs.larioja.com\/insolencias\/wp-json\/wp\/v2\/posts"}],"about":[{"href":"https:\/\/blogs.larioja.com\/insolencias\/wp-json\/wp\/v2\/types\/post"}],"author":[{"embeddable":true,"href":"https:\/\/blogs.larioja.com\/insolencias\/wp-json\/wp\/v2\/users\/8872"}],"replies":[{"embeddable":true,"href":"https:\/\/blogs.larioja.com\/insolencias\/wp-json\/wp\/v2\/comments?post=194"}],"version-history":[{"count":0,"href":"https:\/\/blogs.larioja.com\/insolencias\/wp-json\/wp\/v2\/posts\/194\/revisions"}],"wp:attachment":[{"href":"https:\/\/blogs.larioja.com\/insolencias\/wp-json\/wp\/v2\/media?parent=194"}],"wp:term":[{"taxonomy":"category","embeddable":true,"href":"https:\/\/blogs.larioja.com\/insolencias\/wp-json\/wp\/v2\/categories?post=194"},{"taxonomy":"post_tag","embeddable":true,"href":"https:\/\/blogs.larioja.com\/insolencias\/wp-json\/wp\/v2\/tags?post=194"}],"curies":[{"name":"wp","href":"https:\/\/api.w.org\/{rel}","templated":true}]}}