{"id":198,"date":"2010-04-26T08:20:00","date_gmt":"2010-04-26T08:20:00","guid":{"rendered":"http:\/\/blogs.larioja.com\/insolencias\/?p=198"},"modified":"2010-04-26T08:20:00","modified_gmt":"2010-04-26T08:20:00","slug":"y-mercedes-la-bajera","status":"publish","type":"post","link":"https:\/\/blogs.larioja.com\/insolencias\/2010\/04\/26\/y-mercedes-la-bajera\/","title":{"rendered":"Y el Mercedes en la bajera."},"content":{"rendered":"<p><SPAN style=\"FONT-SIZE: 12pt; FONT-FAMILY: 'Times New Roman'; mso-fareast-font-family: 'Times New Roman'; mso-fareast-language: ES; mso-ansi-language: ES; mso-bidi-language: AR-SA\"> <P class=MsoNormal style=\"MARGIN: 0cm 0cm 0pt\"><SPAN style=\"FONT-SIZE: 16pt\"><\/SPAN><IMG class=imgcen id=img_0 src=\"https:\/\/blogs.larioja.com\/insolencias\/files\/207731_Vi\u00f1edoalobestia.jpg\"><SPAN style=\"FONT-SIZE: 16pt\">El s\u00e1bado por<SPAN style=\"mso-spacerun: yes\"> <\/SPAN><SPAN style=\"mso-spacerun: yes\"><\/SPAN>la ma\u00f1ana -por casualidades de la nataci\u00f3n-,<SPAN style=\"mso-spacerun: yes\"> <\/SPAN>me top\u00e9 con una manifestaci\u00f3n contra el bajo precio de la uva. En la calle Jorge Vig\u00f3n de Logro\u00f1o.<SPAN style=\"mso-spacerun: yes\"> <\/SPAN>Una \u201candro-manifestaci\u00f3n\u201d. Me choc\u00f3 bastante que la inmensa mayor\u00eda de los asistentes eran varones.<?xml:namespace prefix = o ns = \"urn:schemas-microsoft-com:office:office\" \/><o:p><\/o:p><\/SPAN><\/p>\n<p> <P class=MsoNormal style=\"MARGIN: 0cm 0cm 0pt\"><SPAN style=\"FONT-SIZE: 16pt\">En la cabecera de la manifa, -que estimar\u00eda en unas 2000 personas- <SPAN style=\"mso-spacerun: yes\"><\/SPAN>un se\u00f1or montaba a un borrico. Enarbolaba una pancarta en la cual<SPAN style=\"mso-spacerun: yes\"> <\/SPAN>se pod\u00eda leer, que hab\u00eda tenido que volver a montar en burro\u2026con el precio al que se pagaba ahora la uva. <o:p><\/o:p><\/SPAN><\/p>\n<p> <P class=MsoNormal style=\"MARGIN: 0cm 0cm 0pt\"><SPAN style=\"FONT-SIZE: 16pt\">No pude evitar en pensar d\u00f3nde habr\u00eda guardado el Mercedes\u2026o el todoterreno \u00faltimo modelo.<o:p><\/o:p><\/SPAN><\/p>\n<p> <P class=MsoNormal style=\"MARGIN: 0cm 0cm 0pt\"><SPAN style=\"FONT-SIZE: 16pt\">.<o:p><\/o:p><\/SPAN><\/p>\n<p> <P class=MsoNormal style=\"MARGIN: 0cm 0cm 0pt\"><SPAN style=\"FONT-SIZE: 16pt\"><o:p><\/o:p><\/SPAN><\/p>\n<p> <P class=MsoNormal style=\"MARGIN: 0cm 0cm 0pt\"><SPAN style=\"FONT-SIZE: 16pt\">La crisis<SPAN style=\"mso-spacerun: yes\"> <\/SPAN>econ\u00f3mica ha afectado<SPAN style=\"mso-spacerun: yes\"> <\/SPAN>a todos los sectores. Que esto sucediera de forma dr\u00e1stica <SPAN style=\"mso-spacerun: yes\"><\/SPAN>en alguno de ellos \u2013 como el <SPAN style=\"mso-spacerun: yes\"><\/SPAN>del vino-<SPAN style=\"mso-spacerun: yes\"> <\/SPAN>, era algo tan previsible como que cada ma\u00f1ana se hace de d\u00eda. <o:p><\/o:p><\/SPAN><\/p>\n<p> <P class=MsoNormal style=\"MARGIN: 0cm 0cm 0pt\"><SPAN style=\"FONT-SIZE: 16pt\">Este sector del vino, hace 15 a\u00f1os era un segmento muy bien estructurado. Conformado por agricultores tradicionales, bodegueros tradicionales y con una comercializaci\u00f3n organizada que a lo largo de much\u00edsimos a\u00f1os se hab\u00eda hecho un hueco y una merecida reputaci\u00f3n en Espa\u00f1a\u2026 y en el mundo.<o:p><\/o:p><\/SPAN><\/p>\n<p> <P class=MsoNormal style=\"MARGIN: 0cm 0cm 0pt\"><SPAN style=\"FONT-SIZE: 16pt\"><o:p><\/o:p><\/SPAN><\/p>\n<p> <P class=MsoNormal style=\"MARGIN: 0cm 0cm 0pt\"><SPAN style=\"FONT-SIZE: 16pt\">\u00bfY como se vino todo esto a bajo? Muy sencillo. Los precios de la uva se dispararon. Se paso en un suspiro de cobrar 80 o 100 pesetas el kilo a 400. Empezaron a llegar los especuladores y los buscavidas al sector. La botella de crianza se compraba a 300 pesetas y la uva se vend\u00eda a 400\u2026algo no cuadraba.<o:p><\/o:p><\/SPAN><\/p>\n<p> <P class=MsoNormal style=\"MARGIN: 0cm 0cm 0pt\"><SPAN style=\"FONT-SIZE: 16pt\">&#8220;Ganaeuros&#8221; sin escr\u00fapulos comenz\u00e1ron a plantar vi\u00f1a y m\u00e1s vi\u00f1a. Con papeles y sin ellos. Grandes bodegas hincaban<SPAN style=\"mso-spacerun: yes\"> <\/SPAN>80 hect\u00e1reas de vi\u00f1a sin papeles\u2026.y te lo dec\u00edan con toda su cara dura. Personajes ajenos a cualquier agricultura comenzaron a enterrar millones en dinero &#8220;de dudosa fiscalidad&#8221; comprando fincas y m\u00e1s fincas. Constructores de viviendas metidos a agricultores y bodegueros. Advenedizos y mercenarios sin ninguna cultura ni tradici\u00f3n vitivin\u00edcola, que han asfixiado a la gallina de los huevos de oro. Y mientras tanto, el precio de la uva, sostenido durante varios a\u00f1os muy por encima de la l\u00f3gica. <o:p><\/o:p><\/SPAN><\/p>\n<p> <P class=MsoNormal style=\"MARGIN: 0cm 0cm 0pt\"><SPAN style=\"FONT-SIZE: 16pt\">Comenzaron a llegar<SPAN style=\"mso-spacerun: yes\"> <\/SPAN>a los concesionarios de coches paisanos que pagaban los \u201ctodoterreno\u201d en met\u00e1lico. Poblaciones que tradicionalmente hab\u00edan contado con una sola bodega cooperativa, vieron como -cual hongos en oto\u00f1o- aparec\u00edan decenas de bodegas. <o:p><\/o:p><\/SPAN><\/p>\n<p> <P class=MsoNormal style=\"MARGIN: 0cm 0cm 0pt\"><SPAN style=\"FONT-SIZE: 16pt\">En determinados pueblos se inici\u00f3 el concurso \u201c a ver qui\u00e9n se hace la casa m\u00e1s grande\u201d. Algunas de las puertas talladas en madera que he visto en estos pueblos debieron costar m\u00e1s que mi coche. Eran a\u00f1os de bonanza artificial y de borrachera inversionista. A\u00f1os en los cuales los asiduos al Don Mendo y Don Sim\u00f3n, solicitaban al camarero caldos de gran reserva de 1968.<SPAN style=\"mso-spacerun: yes\"> <\/SPAN>Y si entrabas a un bar y no ped\u00edas al menos \u201cun crianza\u201d,<SPAN style=\"mso-spacerun: yes\"> <\/SPAN>quedabas como un paleto.<o:p><\/o:p><\/SPAN><\/p>\n<p> <P class=MsoNormal style=\"MARGIN: 0cm 0cm 0pt\"><SPAN style=\"FONT-SIZE: 16pt\">Todo se dispar\u00f3. El precio del vino\u2026de los derechos de plantaci\u00f3n\u2026de la tierra.<SPAN style=\"FONT-SIZE: 16pt\"><IMG class=imgdcha id=img_1 src=\"https:\/\/blogs.larioja.com\/insolencias\/files\/vi\u00f1edo.jpg\"><\/SPAN><o:p><\/o:p><\/SPAN><\/p>\n<p> <P class=MsoNormal style=\"MARGIN: 0cm 0cm 0pt\"><SPAN style=\"FONT-SIZE: 16pt\">Uno de los mayores perjudicados fue el medioambiente de La Rioja Baja. Miles de hect\u00e1reas de tradicionales cultivos de secano, cereales, olivares tradicionales, almendreras y zonas esteparias desaparecieron bajo la codicia del vino. Todos quer\u00edan morder la tarta. Vi\u00f1a, y m\u00e1s vi\u00f1a. Vi\u00f1a por todas partes. Herbicidas, insecticidas, balsas, riegos por goteo\u2026una org\u00eda gastadora.<o:p><\/o:p><\/SPAN><\/p>\n<p> <P class=MsoNormal style=\"MARGIN: 0cm 0cm 0pt\"><SPAN style=\"FONT-SIZE: 16pt\"><o:p><\/o:p><\/SPAN><\/p>\n<p> <P class=MsoNormal style=\"MARGIN: 0cm 0cm 0pt\"><SPAN style=\"FONT-SIZE: 16pt\">Al igual que le ha sucedido al ladrillo, la uva paga ahora su bacanal. Tal vez alguien pens\u00f3 que la uva podr\u00eda estar toda la vida a 400 pesetas el kilo\u2026.y que se podr\u00eda llenar toda La Rioja de cepas\u2026y su cuenta corriente de euros a cunachadas\u2026que las grandes explotaciones producir\u00edan cientos de millones cada temporada\u2026.que cada a\u00f1o cambiar\u00edan de coche. Pero la realidad es otra.<o:p><\/o:p><\/SPAN><\/p>\n<p> <P class=MsoNormal style=\"MARGIN: 0cm 0cm 0pt\"><SPAN style=\"FONT-SIZE: 16pt\">Esperemos que toda esta vor\u00e1gine que la codicia de muchos ha provocado no se haya cargado un sector y una reputaci\u00f3n tan grande como la de nuestro vino\u2026que para mi siempre ha sido un orgullo, como riojano y como enamorado del vino\u2026del bueno.<o:p><\/o:p><\/SPAN><\/p>\n<p> <P class=MsoNormal style=\"MARGIN: 0cm 0cm 0pt\"><SPAN style=\"FONT-SIZE: 16pt\"><o:p><\/o:p><\/SPAN><\/p>\n<p> <P class=MsoNormal style=\"MARGIN: 0cm 0cm 0pt\"><SPAN style=\"FONT-SIZE: 16pt\"><SPAN style=\"mso-spacerun: yes\"><\/SPAN><o:p><\/o:p><\/SPAN><\/p>\n<p> <P class=MsoNormal style=\"MARGIN: 0cm 0cm 0pt\"><SPAN style=\"FONT-SIZE: 16pt\"><o:p><\/o:p><\/SPAN><\/p>\n<p><\/SPAN><\/p>\n","protected":false},"excerpt":{"rendered":"<p>El s\u00e1bado por la ma\u00f1ana -por casualidades de la nataci\u00f3n-, me top\u00e9 con una manifestaci\u00f3n contra el bajo precio de la uva. En la calle Jorge Vig\u00f3n de Logro\u00f1o. Una \u201candro-manifestaci\u00f3n\u201d. Me choc\u00f3 bastante que la inmensa mayor\u00eda de los asistentes eran varones. En la cabecera de la manifa, -que estimar\u00eda en unas 2000 personas- [&hellip;]<\/p>\n","protected":false},"author":8872,"featured_media":0,"comment_status":"open","ping_status":"closed","sticky":false,"template":"","format":"standard","meta":[],"categories":[1],"tags":[605,1294,1470,1625,1766,1995],"_links":{"self":[{"href":"https:\/\/blogs.larioja.com\/insolencias\/wp-json\/wp\/v2\/posts\/198"}],"collection":[{"href":"https:\/\/blogs.larioja.com\/insolencias\/wp-json\/wp\/v2\/posts"}],"about":[{"href":"https:\/\/blogs.larioja.com\/insolencias\/wp-json\/wp\/v2\/types\/post"}],"author":[{"embeddable":true,"href":"https:\/\/blogs.larioja.com\/insolencias\/wp-json\/wp\/v2\/users\/8872"}],"replies":[{"embeddable":true,"href":"https:\/\/blogs.larioja.com\/insolencias\/wp-json\/wp\/v2\/comments?post=198"}],"version-history":[{"count":0,"href":"https:\/\/blogs.larioja.com\/insolencias\/wp-json\/wp\/v2\/posts\/198\/revisions"}],"wp:attachment":[{"href":"https:\/\/blogs.larioja.com\/insolencias\/wp-json\/wp\/v2\/media?parent=198"}],"wp:term":[{"taxonomy":"category","embeddable":true,"href":"https:\/\/blogs.larioja.com\/insolencias\/wp-json\/wp\/v2\/categories?post=198"},{"taxonomy":"post_tag","embeddable":true,"href":"https:\/\/blogs.larioja.com\/insolencias\/wp-json\/wp\/v2\/tags?post=198"}],"curies":[{"name":"wp","href":"https:\/\/api.w.org\/{rel}","templated":true}]}}