{"id":210,"date":"2010-06-08T00:53:00","date_gmt":"2010-06-08T00:53:00","guid":{"rendered":"http:\/\/blogs.larioja.com\/insolencias\/?p=210"},"modified":"2010-06-08T00:53:00","modified_gmt":"2010-06-08T00:53:00","slug":"200-x-7-150","status":"publish","type":"post","link":"https:\/\/blogs.larioja.com\/insolencias\/2010\/06\/08\/200-x-7-150\/","title":{"rendered":"200 x 7.150"},"content":{"rendered":"<p><P class=MsoNormal style=\"MARGIN: 0cm 0cm 0pt\"><B style=\"mso-bidi-font-weight: normal\"><SPAN style=\"FONT-SIZE: 16pt; FONT-FAMILY: 'Comic Sans MS'\"><IMG class=imgizqda id=img_0 src=\"https:\/\/blogs.larioja.com\/insolencias\/files\/c\u00f3metelatoda.jpg\"><\/SPAN><\/B><\/p>\n<p> <P class=MsoNormal style=\"MARGIN: 0cm 0cm 0pt\"><SPAN style=\"FONT-SIZE: 16pt; FONT-FAMILY: 'Comic Sans MS'\"><?xml:namespace prefix = o ns = \"urn:schemas-microsoft-com:office:office\" \/><o:p><\/o:p><\/SPAN><\/p>\n<p> <P class=MsoNormal style=\"MARGIN: 0cm 0cm 0pt\"><SPAN style=\"FONT-SIZE: 16pt; FONT-FAMILY: 'Comic Sans MS'\">Los blogs que hospeda el Diario la Rioja en su p\u00e1gina web (larioja.com) no reflejan el n\u00famero de visitas que reciben al cabo de la semana\u2026mes o a\u00f1o. Desconozco el motivo, pero alguno habr\u00e1. Sea cual sea dicho motivo, para el autor queda como reflejo del uso o \u201cdesuso\u201d de su blog, el ranking \u201clos m\u00e1s vistos\u201d, que se confecciona desde <SPAN style=\"mso-spacerun: yes\"><\/SPAN>la web cada semana con los resultados de visitas <SPAN style=\"mso-spacerun: yes\"><\/SPAN>. Pese a todo, para llegar a editar 200 art\u00edculos en estos \u00faltimos dos a\u00f1os, <SPAN style=\"mso-spacerun: yes\"><\/SPAN>han sido imprescindibles los 7.150<SPAN style=\"mso-spacerun: yes\"> <\/SPAN>comentarios insertados por los usuarios que as\u00ed lo han querido. Comentarios que han enriquecido el blog. Lo han hecho din\u00e1mico, cr\u00edtico y, en ocasiones\u2026 incluso entretenido. <o:p><\/o:p><\/SPAN><\/p>\n<p> <P class=MsoNormal style=\"MARGIN: 0cm 0cm 0pt\"><SPAN style=\"FONT-SIZE: 16pt; FONT-FAMILY: 'Comic Sans MS'\">Aportaciones de los visitantes que en buena parte de las ocasiones<SPAN style=\"mso-spacerun: yes\"> <\/SPAN>han versado sobre los temas que trataba el art\u00edculo en cuesti\u00f3n. En otras sobre temas actuales que no ten\u00edan nada que ver y, en algunas otras, rifirrafes m\u00e1s o menos est\u00e9riles pero al parecer gratificantes para sus autores.<o:p><\/o:p><\/SPAN><\/p>\n<p> <P class=MsoNormal style=\"MARGIN: 0cm 0cm 0pt\"><SPAN style=\"FONT-SIZE: 16pt; FONT-FAMILY: 'Comic Sans MS'\">Alg\u00fan art\u00edculo no ha recibido comentario alguno, y en el otro extremo encontramos art\u00edculos que han superado los 300 comentarios. Una media de 35 por art\u00edculo.<o:p><\/o:p><\/SPAN><\/p>\n<p> <P class=MsoNormal style=\"MARGIN: 0cm 0cm 0pt\"><SPAN style=\"FONT-SIZE: 16pt; FONT-FAMILY: 'Comic Sans MS'\">.<o:p><\/o:p><\/SPAN><\/p>\n<p> <P class=MsoNormal style=\"MARGIN: 0cm 0cm 0pt\"><SPAN style=\"FONT-SIZE: 16pt; FONT-FAMILY: 'Comic Sans MS'\">Por hablar hemos hablado de muchas cosas. Desde Fraga hasta <SPAN style=\"mso-spacerun: yes\"><\/SPAN>Lorca. De Envases Moreno. De Mariano Rajoy y de Zapatero\u2026de sus hijas. Del \u201cHomo aznarensis\u201d y del viticultor que viajaba en burro. Del Tr\u00edo de las Azores y del Parque del Cidacos. Hemos hablado de fauna y de c\u00f3mo huele la Sierra de Alcarama. <o:p><\/o:p><\/SPAN><\/p>\n<p> <P class=MsoNormal style=\"MARGIN: 0cm 0cm 0pt\"><SPAN style=\"FONT-SIZE: 16pt; FONT-FAMILY: 'Comic Sans MS'\">De Garz\u00f3n <SPAN style=\"mso-spacerun: yes\"><\/SPAN>y de los sacerdotes lisonjeros. Tambi\u00e9n he tenido un hueco para mi madre, la Defensora del Pueblo, <SPAN style=\"mso-spacerun: yes\"><\/SPAN>el Padre Yony, Sor Tamiflu, Jaume Matas, Esperanza Aguirre y los trajes de Camps. Pagola y sus mariachis han sido tambi\u00e9n protagonistas\u2026el padrino , Michael Jackson y el Che Guevara. <o:p><\/o:p><\/SPAN><\/p>\n<p> <P class=MsoNormal style=\"MARGIN: 0cm 0cm 0pt\"><SPAN style=\"FONT-SIZE: 16pt; FONT-FAMILY: 'Comic Sans MS'\">Hemos hablado <SPAN style=\"mso-spacerun: yes\"><\/SPAN>de ETA, del albergue de peregrinos, de F\u00e9lix Rodr\u00edguez de La Fuente, de las pensiones, de econom\u00eda, de los 5 millones de parados que nunca llegaron\u2026\u00a1y que no lleguen!.<o:p><\/o:p><\/SPAN><\/p>\n<p> <P class=MsoNormal style=\"MARGIN: 0cm 0cm 0pt\"><SPAN style=\"FONT-SIZE: 16pt; FONT-FAMILY: 'Comic Sans MS'\">Tambi\u00e9n de los hijos de Israel, de Delibes, <SPAN style=\"mso-spacerun: yes\"><\/SPAN>toros, infraestructuras y hasta del culo de la princesa de Asturias. <o:p><\/o:p><\/SPAN><\/p>\n<p> <P class=MsoNormal style=\"MARGIN: 0cm 0cm 0pt\"><SPAN style=\"FONT-SIZE: 16pt; FONT-FAMILY: 'Comic Sans MS'\">Nutrias, cenutrios y periodistas con la experiencia dilatada.<o:p><\/o:p><\/SPAN><\/p>\n<p> <P class=MsoNormal style=\"MARGIN: 0cm 0cm 0pt\"><SPAN style=\"FONT-SIZE: 16pt; FONT-FAMILY: 'Comic Sans MS'\">Tampoco se han salvado el <SPAN style=\"mso-spacerun: yes\"><\/SPAN>cardo , <SPAN style=\"mso-spacerun: yes\"><\/SPAN>Bermejo, Hugo Ch\u00e1vez, los controladores a\u00e9reos , Obama, <SPAN style=\"mso-spacerun: yes\"><\/SPAN>Greenpeace <SPAN style=\"mso-spacerun: yes\"><\/SPAN>y Emilio Del R\u00edo\u2026 aunque pasara a <SPAN style=\"mso-spacerun: yes\"><\/SPAN>200 por hora. <o:p><\/o:p><\/SPAN><\/p>\n<p> <P class=MsoNormal style=\"MARGIN: 0cm 0cm 0pt\"><SPAN style=\"FONT-SIZE: 16pt; FONT-FAMILY: 'Comic Sans MS'\">El mobbing, Joan Laporta, la mafia riojana, el PP y la falange. El alcohol, la marihuana, el tabaco y<SPAN style=\"mso-spacerun: yes\"> <\/SPAN>Santiago Mainar. Un par de poes\u00edas, algunos chistes\u2026los Pirineos, <SPAN style=\"mso-spacerun: yes\"><\/SPAN>las centrales nucleares, el PSOE ,la atrazina, Catalunya y el cambio clim\u00e1tico. <o:p><\/o:p><\/SPAN><\/p>\n<p> <P class=MsoNormal style=\"MARGIN: 0cm 0cm 0pt\"><SPAN style=\"FONT-SIZE: 16pt; FONT-FAMILY: 'Comic Sans MS'\">De Basagoiti, los cementerios musulmanes, Patxi <SPAN style=\"mso-spacerun: yes\"><\/SPAN>L\u00f3pez y la gripe A. <SPAN style=\"mso-spacerun: yes\"><\/SPAN>Del puticlub \u201cLas Sirenas\u201d, <SPAN style=\"mso-spacerun: yes\"><\/SPAN>la Vallejo, las ratas\u2026el fascismo y la corrupci\u00f3n.<o:p><\/o:p><\/SPAN><\/p>\n<p> <P class=MsoNormal style=\"MARGIN: 0cm 0cm 0pt\"><SPAN style=\"FONT-SIZE: 16pt; FONT-FAMILY: 'Comic Sans MS'\">Resucitamos el Puente de Hierro de la Catedral, a John Dillinger, Pedro Navaja, Triana, Ray\u00e1n, Marta Del castillo\u2026 los pol\u00edticos viejunos, la factor\u00eda de Dyna Mobel <SPAN style=\"mso-spacerun: yes\"><\/SPAN><SPAN style=\"mso-spacerun: yes\"><\/SPAN><SPAN style=\"mso-spacerun: yes\"><\/SPAN>y <SPAN style=\"mso-spacerun: yes\"><\/SPAN>la playa de Benidorm. <SPAN style=\"mso-spacerun: yes\"><\/SPAN><o:p><\/o:p><\/SPAN><\/p>\n<p> <P class=MsoNormal style=\"MARGIN: 0cm 0cm 0pt\"><SPAN style=\"FONT-SIZE: 16pt; FONT-FAMILY: 'Comic Sans MS'\">Tambi\u00e9n hablamos de condones, separatismo, Yakolet, de la crisis, el aborto, Telemadrid, <SPAN style=\"mso-spacerun: yes\"><\/SPAN>del glorioso Athletic Club, de Mar\u00eda Dolores de Cospedal\u2026y hasta del sexo oral. As\u00ed como del anal, en forma de ortograf\u00eda y sem\u00e1ntica ling\u00fc\u00edstica aplicada con leche &#8220;esvinagr\u00e1&#8221;. <\/SPAN><\/p>\n<p> <P class=MsoNormal style=\"MARGIN: 0cm 0cm 0pt\"><SPAN style=\"FONT-SIZE: 16pt; FONT-FAMILY: 'Comic Sans MS'\">.<o:p><\/o:p><\/SPAN><\/p>\n<p> <P class=MsoNormal style=\"MARGIN: 0cm 0cm 0pt\"><SPAN style=\"FONT-SIZE: 16pt; FONT-FAMILY: 'Comic Sans MS'\"><o:p><\/o:p><\/SPAN><\/p>\n<p> <P class=MsoNormal style=\"MARGIN: 0cm 0cm 0pt\"><SPAN style=\"FONT-SIZE: 16pt; FONT-FAMILY: 'Comic Sans MS'\">En fin\u2026de todo un poco. 200 art\u00edculos y 7.150 comentarios, dan para bastante. <\/SPAN><\/p>\n<p> <P class=MsoNormal style=\"MARGIN: 0cm 0cm 0pt\"><SPAN style=\"FONT-SIZE: 16pt; FONT-FAMILY: 'Comic Sans MS'\">.<\/SPAN><\/p>\n<p> <SPAN style=\"FONT-SIZE: 16pt; FONT-FAMILY: 'Comic Sans MS'\"><\/SPAN> <\/p>\n<p> <SPAN style=\"FONT-SIZE: 16pt; FONT-FAMILY: 'Comic Sans MS'\">(Muchas gracias a todas y todos por vuestra parte)<\/SPAN><\/p>\n<p> <P class=MsoNormal style=\"MARGIN: 0cm 0cm 0pt\"><\/p>\n<p> <P class=MsoNormal style=\"MARGIN: 0cm 0cm 0pt\"><o:p><FONT face=\"Times New Roman\" size=3><\/FONT><\/o:p><\/p>\n<p> <P class=MsoNormal style=\"MARGIN: 0cm 0cm 0pt\"><FONT size=3><FONT face=\"Times New Roman\"><SPAN style=\"mso-spacerun: yes\"><\/SPAN><SPAN style=\"mso-spacerun: yes\"><\/SPAN><SPAN style=\"mso-spacerun: yes\"><\/SPAN><\/FONT><\/FONT><\/p>\n","protected":false},"excerpt":{"rendered":"<p>Los blogs que hospeda el Diario la Rioja en su p\u00e1gina web (larioja.com) no reflejan el n\u00famero de visitas que reciben al cabo de la semana\u2026mes o a\u00f1o. Desconozco el motivo, pero alguno habr\u00e1. Sea cual sea dicho motivo, para el autor queda como reflejo del uso o \u201cdesuso\u201d de su blog, el ranking \u201clos [&hellip;]<\/p>\n","protected":false},"author":8872,"featured_media":0,"comment_status":"open","ping_status":"closed","sticky":false,"template":"","format":"standard","meta":[],"categories":[1],"tags":[22,47,191,449],"_links":{"self":[{"href":"https:\/\/blogs.larioja.com\/insolencias\/wp-json\/wp\/v2\/posts\/210"}],"collection":[{"href":"https:\/\/blogs.larioja.com\/insolencias\/wp-json\/wp\/v2\/posts"}],"about":[{"href":"https:\/\/blogs.larioja.com\/insolencias\/wp-json\/wp\/v2\/types\/post"}],"author":[{"embeddable":true,"href":"https:\/\/blogs.larioja.com\/insolencias\/wp-json\/wp\/v2\/users\/8872"}],"replies":[{"embeddable":true,"href":"https:\/\/blogs.larioja.com\/insolencias\/wp-json\/wp\/v2\/comments?post=210"}],"version-history":[{"count":0,"href":"https:\/\/blogs.larioja.com\/insolencias\/wp-json\/wp\/v2\/posts\/210\/revisions"}],"wp:attachment":[{"href":"https:\/\/blogs.larioja.com\/insolencias\/wp-json\/wp\/v2\/media?parent=210"}],"wp:term":[{"taxonomy":"category","embeddable":true,"href":"https:\/\/blogs.larioja.com\/insolencias\/wp-json\/wp\/v2\/categories?post=210"},{"taxonomy":"post_tag","embeddable":true,"href":"https:\/\/blogs.larioja.com\/insolencias\/wp-json\/wp\/v2\/tags?post=210"}],"curies":[{"name":"wp","href":"https:\/\/api.w.org\/{rel}","templated":true}]}}