{"id":219,"date":"2010-07-02T01:39:00","date_gmt":"2010-07-02T01:39:00","guid":{"rendered":"http:\/\/blogs.larioja.com\/insolencias\/?p=219"},"modified":"2010-07-02T01:39:00","modified_gmt":"2010-07-02T01:39:00","slug":"centro-civico-joven-e-intergeneracional","status":"publish","type":"post","link":"https:\/\/blogs.larioja.com\/insolencias\/2010\/07\/02\/centro-civico-joven-e-intergeneracional\/","title":{"rendered":"Centro c\u00edvico&#8230;j\u00f3ven e intergeneracional."},"content":{"rendered":"<p><P class=MsoNormal style=\"MARGIN: 0cm 0cm 0pt\"><SPAN style=\"FONT-SIZE: 16pt\"><FONT face=\"Times New Roman\"><IMG class=imgcen id=img_0 src=\"https:\/\/blogs.larioja.com\/insolencias\/files\/PICT0033-copia-copia.JPG\">Alguno se ofender\u00e1 si esbozo una sonrisa socarrona al escuchar a una concejala del PP hablar sobre el nuevo Centro C\u00edvico (joven\u2026o como co\u00f1o quieran llamarlo) <SPAN style=\"mso-spacerun: yes\"><\/SPAN>que ser\u00e1 un referente y de uso \u201cintergeneracional\u201d. <\/FONT><\/SPAN> <P class=MsoNormal style=\"MARGIN: 0cm 0cm 0pt\"><SPAN style=\"FONT-SIZE: 16pt\"><FONT face=\"Times New Roman\">Dijo la edil<SPAN style=\"mso-spacerun: yes\"> <\/SPAN>que este nuevo centro, -que se construir\u00e1 si Dios quiere-, estaba pensado <SPAN style=\"mso-spacerun: yes\"><\/SPAN>\u201cpara los ni\u00f1os, sus padres y sus abuelitos\u201d\u2026las gallinitas y los cerditos; la fauna la agrego yo.<?xml:namespace prefix = o ns = \"urn:schemas-microsoft-com:office:office\" \/><o:p><\/o:p><\/FONT><\/SPAN><\/p>\n<p> <P class=MsoNormal style=\"MARGIN: 0cm 0cm 0pt\"><SPAN style=\"FONT-SIZE: 16pt\"><FONT face=\"Times New Roman\">A los pocos d\u00edas <SPAN style=\"mso-spacerun: yes\"><\/SPAN>nos buzonean \u2013 en Calahorra- <SPAN style=\"mso-spacerun: yes\"><\/SPAN>en clave electoral (pagada con el dinero de todos) <SPAN style=\"mso-spacerun: yes\"><\/SPAN>una hoja con Sanz y Pagola, alardeando de lo que no han hecho, de lo que est\u00e1 a medio hacer, de lo que hicieron hace cinco a\u00f1os y, para remate\u2026de lo que no han hecho pero dicen que tienen intenci\u00f3n de hacer\u2026\u00a1o no!. <SPAN style=\"mso-spacerun: yes\"><\/SPAN>Porque estos p\u00e1jaros del PP de Calahorra (y de La Rioja) <SPAN style=\"mso-spacerun: yes\"><\/SPAN>tienen una facilidad PPasmosa y una refutada capacidad para enga\u00f1ar, mentir con descaro y contar cuentos y milongas que luego no cumplen. <o:p><\/o:p><\/FONT><\/SPAN><\/p>\n<p> <P class=MsoNormal style=\"MARGIN: 0cm 0cm 0pt\"><SPAN style=\"FONT-SIZE: 16pt\"><FONT face=\"Times New Roman\">Regresando al muy necesario \u201cCentro Intergeneracional\u201d, el recorte del Diario La Rioja que ilustra este art\u00edculo es una buena muestra de la pol\u00edtica de Francisco Javier Pagola, el alcalde\u2026anunciador de proyectos que nunca se realizaron, el mecenas de f\u00e1bricas que nunca llegaron\u2026el gran contador de mentiras.<o:p><\/o:p><\/FONT><\/SPAN><\/p>\n<p> <P class=MsoNormal style=\"MARGIN: 0cm 0cm 0pt\"><SPAN style=\"FONT-SIZE: 16pt\"><FONT face=\"Times New Roman\">.<o:p><\/o:p><\/FONT><\/SPAN><\/p>\n<p> <P class=MsoNormal style=\"MARGIN: 0cm 0cm 0pt\"><SPAN style=\"FONT-SIZE: 16pt\"><FONT face=\"Times New Roman\">El Ayuntamiento de Calahorra, bajo la alcald\u00eda de la socialista Mar\u00eda Antonia San Felipe, adquiri\u00f3 una de las casas m\u00e1s t\u00edpicas de Calahorra. La conocida como \u201cCasa de Los Curas\u201d. Se ubicaba \u2013 y sigue estando- en la calle Mayor, cercana a la plaza de La Verdura. <o:p><\/o:p><\/FONT><\/SPAN><\/p>\n<p> <P class=MsoNormal style=\"MARGIN: 0cm 0cm 0pt\"><SPAN style=\"FONT-SIZE: 16pt\"><FONT face=\"Times New Roman\">Llegado Javier Pagola al poder, este edificio, -a d\u00eda de hoy todav\u00eda inacabado- ha sido utilizado para anunciar diferentes actuaciones, de las cuales ninguna ha llegado a plasmarse como realidad. Entre ellas, el falso anuncio m\u00e1s temprano tuvo lugar a finales de 1996. El Diario La Rioja, recog\u00eda el 19 de Diciembre de dicho a\u00f1o el anuncio del Ayuntamiento de que en el mencionado edificio (una vez rehabilitado) se inaugurar\u00eda un \u201cCentro Intergeneracional\u201d, infraestructura sin ninguna duda necesaria, (dec\u00eda el del bigote)<SPAN style=\"mso-spacerun: yes\"> <\/SPAN>que aunaba dos cuestiones fundamentales para Calahorra. Por una parte dotar a la ciudadan\u00eda de un lugar p\u00fablico de ocio y cultura y, por el otro, posibilitar el contacto entre diferentes generaciones. <o:p><\/o:p><\/FONT><\/SPAN><\/p>\n<p> <P class=MsoNormal style=\"MARGIN: 0cm 0cm 0pt\"><SPAN style=\"FONT-SIZE: 16pt\"><FONT face=\"Times New Roman\">En la propia noticia ya se hablaba de que el proyecto hab\u00eda sido ya aprobado por el Ayuntamiento y que se desarrollar\u00eda de tal forma que estuviera de acuerdo con el uso previsto.<o:p><\/o:p><\/FONT><\/SPAN><\/p>\n<p> <P class=MsoNormal style=\"MARGIN: 0cm 0cm 0pt\"><SPAN style=\"FONT-SIZE: 16pt\"><FONT face=\"Times New Roman\">El \u201cCentro Intergeneracional\u201d, estar\u00eda dotado de un club juvenil, tres locales para reuniones \u2013 a disposici\u00f3n de las asociaciones de la ciudad- un taller de fotograf\u00eda, talleres\u2026etc. En total ser\u00edan 989 metros cuadrados.<o:p><\/o:p><\/FONT><\/SPAN><\/p>\n<p> <P class=MsoNormal style=\"MARGIN: 0cm 0cm 0pt\"><SPAN style=\"FONT-SIZE: 16pt\"><FONT face=\"Times New Roman\">Pero la realidad ha sido bien diferente. 15 a\u00f1os despu\u00e9s, la ciudad de Calahorra sigue sin \u201cCentro Intergeneracional\u201d. <o:p><\/o:p><\/FONT><\/SPAN><\/p>\n<p> <P class=MsoNormal style=\"MARGIN: 0cm 0cm 0pt\"><SPAN style=\"FONT-SIZE: 16pt\"><FONT face=\"Times New Roman\">\u00bfUstedes lo han visto?&#8230;.yo tampoco.<o:p><\/o:p><\/FONT><\/SPAN><\/p>\n<p> <P class=MsoNormal style=\"MARGIN: 0cm 0cm 0pt\"><SPAN style=\"FONT-SIZE: 16pt\"><o:p><FONT face=\"Times New Roman\"><\/FONT><\/o:p><\/SPAN><\/p>\n","protected":false},"excerpt":{"rendered":"<p>Alguno se ofender\u00e1 si esbozo una sonrisa socarrona al escuchar a una concejala del PP hablar sobre el nuevo Centro C\u00edvico (joven\u2026o como co\u00f1o quieran llamarlo) que ser\u00e1 un referente y de uso \u201cintergeneracional\u201d. Dijo la edil que este nuevo centro, -que se construir\u00e1 si Dios quiere-, estaba pensado \u201cpara los ni\u00f1os, sus padres y [&hellip;]<\/p>\n","protected":false},"author":8872,"featured_media":0,"comment_status":"open","ping_status":"closed","sticky":false,"template":"","format":"standard","meta":[],"categories":[1],"tags":[202,323,426,776,1485],"_links":{"self":[{"href":"https:\/\/blogs.larioja.com\/insolencias\/wp-json\/wp\/v2\/posts\/219"}],"collection":[{"href":"https:\/\/blogs.larioja.com\/insolencias\/wp-json\/wp\/v2\/posts"}],"about":[{"href":"https:\/\/blogs.larioja.com\/insolencias\/wp-json\/wp\/v2\/types\/post"}],"author":[{"embeddable":true,"href":"https:\/\/blogs.larioja.com\/insolencias\/wp-json\/wp\/v2\/users\/8872"}],"replies":[{"embeddable":true,"href":"https:\/\/blogs.larioja.com\/insolencias\/wp-json\/wp\/v2\/comments?post=219"}],"version-history":[{"count":0,"href":"https:\/\/blogs.larioja.com\/insolencias\/wp-json\/wp\/v2\/posts\/219\/revisions"}],"wp:attachment":[{"href":"https:\/\/blogs.larioja.com\/insolencias\/wp-json\/wp\/v2\/media?parent=219"}],"wp:term":[{"taxonomy":"category","embeddable":true,"href":"https:\/\/blogs.larioja.com\/insolencias\/wp-json\/wp\/v2\/categories?post=219"},{"taxonomy":"post_tag","embeddable":true,"href":"https:\/\/blogs.larioja.com\/insolencias\/wp-json\/wp\/v2\/tags?post=219"}],"curies":[{"name":"wp","href":"https:\/\/api.w.org\/{rel}","templated":true}]}}