{"id":671,"date":"2014-06-01T11:21:07","date_gmt":"2014-06-01T09:21:07","guid":{"rendered":"http:\/\/blogs.larioja.com\/la-vida-en-el-aire\/?p=671"},"modified":"2014-06-01T11:21:07","modified_gmt":"2014-06-01T09:21:07","slug":"que-ver-en-hiroshima","status":"publish","type":"post","link":"https:\/\/blogs.larioja.com\/la-vida-en-el-aire\/2014\/06\/01\/que-ver-en-hiroshima\/","title":{"rendered":"Qu\u00e9 ver en Hiroshima"},"content":{"rendered":"<p>La ciudad de <strong>Hiroshima <\/strong>nunca dejar\u00e1 de <strong>recordarnos su horrible pasado<\/strong>. A pesar de ser una ciudad completamente nueva, con mucha vida y una poblaci\u00f3n de lo m\u00e1s cosmopolita, el visitante siempre tiene en su mente la fecha de 6 de agosto de 1945, cuando fue la primera ciudad del mundo en sufrir un ataque de bombas at\u00f3micas. Con el objetivo de que nadie lo olvide, los japoneses decidieron conservar el \u00fanico esqueleto de edificio que qued\u00f3 en pie tras el ataque, <strong>la C\u00fapula de la bomba At\u00f3mica<\/strong>, o Gembaku Dom\u00fa, junto al Parque de la Paz.<\/p>\n<p><a href=\"\/la-vida-en-el-aire\/wp-content\/uploads\/sites\/21\/2014\/06\/hiroshima-1.jpg\"><img loading=\"lazy\" class=\"aligncenter size-full wp-image-672\" title=\"C\u00fapula de la Bomba At\u00f3mica, Hiroshima\" src=\"\/la-vida-en-el-aire\/wp-content\/uploads\/sites\/21\/2014\/06\/hiroshima-1.jpg\" alt=\"C\u00fapula de la Bomba At\u00f3mica, Hiroshima\" width=\"500\" height=\"332\" srcset=\"https:\/\/static-blogs.larioja.com\/wp-content\/uploads\/sites\/21\/2014\/06\/hiroshima-1.jpg 500w, https:\/\/static-blogs.larioja.com\/wp-content\/uploads\/sites\/21\/2014\/06\/hiroshima-1-300x199.jpg 300w\" sizes=\"(max-width: 500px) 100vw, 500px\" \/><\/a><\/p>\n<p><a href=\"\/la-vida-en-el-aire\/wp-content\/uploads\/sites\/21\/2014\/06\/Hiroshima-7.jpg\"><img loading=\"lazy\" class=\"aligncenter size-full wp-image-673\" title=\"C\u00fapula de la Bomba At\u00f3mica, Hiroshima\" src=\"\/la-vida-en-el-aire\/wp-content\/uploads\/sites\/21\/2014\/06\/Hiroshima-7.jpg\" alt=\"C\u00fapula de la Bomba At\u00f3mica, Hiroshima\" width=\"600\" height=\"752\" srcset=\"https:\/\/static-blogs.larioja.com\/wp-content\/uploads\/sites\/21\/2014\/06\/Hiroshima-7.jpg 600w, https:\/\/static-blogs.larioja.com\/wp-content\/uploads\/sites\/21\/2014\/06\/Hiroshima-7-239x300.jpg 239w\" sizes=\"(max-width: 600px) 100vw, 600px\" \/><\/a><\/p>\n<p><a href=\"\/la-vida-en-el-aire\/wp-content\/uploads\/sites\/21\/2014\/06\/IMG_0158.jpg\"><img loading=\"lazy\" class=\"aligncenter size-full wp-image-676\" title=\"Hiroshima\" src=\"\/la-vida-en-el-aire\/wp-content\/uploads\/sites\/21\/2014\/06\/IMG_0158.jpg\" alt=\"Hiroshima\" width=\"600\" height=\"450\" srcset=\"https:\/\/static-blogs.larioja.com\/wp-content\/uploads\/sites\/21\/2014\/06\/IMG_0158.jpg 600w, https:\/\/static-blogs.larioja.com\/wp-content\/uploads\/sites\/21\/2014\/06\/IMG_0158-300x225.jpg 300w\" sizes=\"(max-width: 600px) 100vw, 600px\" \/><\/a><\/p>\n<p>El parque est\u00e1 lleno de<strong> recuerdos y homenajes como el cenotafio<\/strong>, en el que se pueden leer los nombres de las v\u00edctimas identificadas que dej\u00f3 la bomba o la llama de la paz, que se apagar\u00e1 cuando desaparezca la \u00faltima bomba nuclear.<\/p>\n<p><a href=\"\/la-vida-en-el-aire\/wp-content\/uploads\/sites\/21\/2014\/06\/Hiroshima-311.jpg\"><img loading=\"lazy\" class=\"aligncenter size-full wp-image-675\" title=\"Parque de la Paz, Hiroshima\" src=\"\/la-vida-en-el-aire\/wp-content\/uploads\/sites\/21\/2014\/06\/Hiroshima-311.jpg\" alt=\"Parque de la Paz, Hiroshima\" width=\"600\" height=\"329\" srcset=\"https:\/\/static-blogs.larioja.com\/wp-content\/uploads\/sites\/21\/2014\/06\/Hiroshima-311.jpg 600w, https:\/\/static-blogs.larioja.com\/wp-content\/uploads\/sites\/21\/2014\/06\/Hiroshima-311-300x165.jpg 300w\" sizes=\"(max-width: 600px) 100vw, 600px\" \/><\/a><\/p>\n<p>Entre semana, la zona est\u00e1 llena de excursiones de escolares que, adem\u00e1s de aprender su historia, aprovechan la situaci\u00f3n para practicar su ingl\u00e9s con los visitantes.<\/p>\n<p><a href=\"\/la-vida-en-el-aire\/wp-content\/uploads\/sites\/21\/2014\/06\/IMG_0162.jpg\"><img loading=\"lazy\" class=\"aligncenter size-full wp-image-677\" title=\"Hiroshima\" src=\"\/la-vida-en-el-aire\/wp-content\/uploads\/sites\/21\/2014\/06\/IMG_0162.jpg\" alt=\"Hiroshima\" width=\"600\" height=\"450\" srcset=\"https:\/\/static-blogs.larioja.com\/wp-content\/uploads\/sites\/21\/2014\/06\/IMG_0162.jpg 600w, https:\/\/static-blogs.larioja.com\/wp-content\/uploads\/sites\/21\/2014\/06\/IMG_0162-300x225.jpg 300w\" sizes=\"(max-width: 600px) 100vw, 600px\" \/><\/a><\/p>\n<p>El Museo de la Paz es <strong>impactante y angustioso<\/strong>, pero merece la pena ir. Sus pasillos muestran una relato de la guerra y de la historia de las bombas, adem\u00e1s de fotograf\u00edas y relatos en primera persona del horror de aquel d\u00eda.<\/p>\n<p><a href=\"\/la-vida-en-el-aire\/wp-content\/uploads\/sites\/21\/2014\/06\/hiro.jpg\"><img loading=\"lazy\" class=\"aligncenter size-full wp-image-678\" title=\"Hiroshima\" src=\"\/la-vida-en-el-aire\/wp-content\/uploads\/sites\/21\/2014\/06\/hiro.jpg\" alt=\"Hiroshima\" width=\"600\" height=\"401\" srcset=\"https:\/\/static-blogs.larioja.com\/wp-content\/uploads\/sites\/21\/2014\/06\/hiro.jpg 600w, https:\/\/static-blogs.larioja.com\/wp-content\/uploads\/sites\/21\/2014\/06\/hiro-300x201.jpg 300w\" sizes=\"(max-width: 600px) 100vw, 600px\" \/><\/a><\/p>\n<p><a href=\"\/la-vida-en-el-aire\/wp-content\/uploads\/sites\/21\/2014\/06\/hiroshi.jpg\"><img loading=\"lazy\" class=\"aligncenter size-full wp-image-679\" title=\"Hiroshima\" src=\"\/la-vida-en-el-aire\/wp-content\/uploads\/sites\/21\/2014\/06\/hiroshi.jpg\" alt=\"Hiroshima\" width=\"600\" height=\"450\" srcset=\"https:\/\/static-blogs.larioja.com\/wp-content\/uploads\/sites\/21\/2014\/06\/hiroshi.jpg 600w, https:\/\/static-blogs.larioja.com\/wp-content\/uploads\/sites\/21\/2014\/06\/hiroshi-300x225.jpg 300w\" sizes=\"(max-width: 600px) 100vw, 600px\" \/><\/a><\/p>\n<p>Pero Hiroshima no es s\u00f3lo un recuerdo de la guerra. El viajero puede tambi\u00e9n pasear por sus renovadas calles, ir de compras y, por supuesto, comer ostras y <em>okonomiyaki<\/em>, unas tortas saladas a la plancha con verduras y pescado o carne servidas a la manera de Hiroshima, es decir, con tallarines. Est\u00e1n deliciosas.<\/p>\n<p><a href=\"\/la-vida-en-el-aire\/wp-content\/uploads\/sites\/21\/2014\/06\/hi.jpg\"><img loading=\"lazy\" class=\"aligncenter size-full wp-image-680\" title=\"Hiroshima\" src=\"\/la-vida-en-el-aire\/wp-content\/uploads\/sites\/21\/2014\/06\/hi.jpg\" alt=\"Hiroshima\" width=\"600\" height=\"450\" srcset=\"https:\/\/static-blogs.larioja.com\/wp-content\/uploads\/sites\/21\/2014\/06\/hi.jpg 600w, https:\/\/static-blogs.larioja.com\/wp-content\/uploads\/sites\/21\/2014\/06\/hi-300x225.jpg 300w\" sizes=\"(max-width: 600px) 100vw, 600px\" \/><\/a><\/p>\n<p><a href=\"\/la-vida-en-el-aire\/wp-content\/uploads\/sites\/21\/2014\/06\/IMG_0181.jpg\"><img loading=\"lazy\" class=\"aligncenter size-full wp-image-681\" title=\"Hiroshima\" src=\"\/la-vida-en-el-aire\/wp-content\/uploads\/sites\/21\/2014\/06\/IMG_0181.jpg\" alt=\"Hiroshima\" width=\"600\" height=\"450\" srcset=\"https:\/\/static-blogs.larioja.com\/wp-content\/uploads\/sites\/21\/2014\/06\/IMG_0181.jpg 600w, https:\/\/static-blogs.larioja.com\/wp-content\/uploads\/sites\/21\/2014\/06\/IMG_0181-300x225.jpg 300w\" sizes=\"(max-width: 600px) 100vw, 600px\" \/><\/a><\/p>\n<p><a href=\"\/la-vida-en-el-aire\/wp-content\/uploads\/sites\/21\/2014\/06\/IMG_0178.jpg\"><img loading=\"lazy\" class=\"aligncenter size-full wp-image-682\" title=\"Hiroshima\" src=\"\/la-vida-en-el-aire\/wp-content\/uploads\/sites\/21\/2014\/06\/IMG_0178.jpg\" alt=\"Hiroshima\" width=\"600\" height=\"450\" srcset=\"https:\/\/static-blogs.larioja.com\/wp-content\/uploads\/sites\/21\/2014\/06\/IMG_0178.jpg 600w, https:\/\/static-blogs.larioja.com\/wp-content\/uploads\/sites\/21\/2014\/06\/IMG_0178-300x225.jpg 300w\" sizes=\"(max-width: 600px) 100vw, 600px\" \/><\/a><\/p>\n<p>Una jornada en la ciudad es suficiente para conocer su historia y hacerse una idea de c\u00f3mo los japoneses decidieron afrontar su pasado y hacerle frente sin olvidarlo. <\/p>\n","protected":false},"excerpt":{"rendered":"<p>La ciudad de Hiroshima nunca dejar\u00e1 de recordarnos su horrible pasado. A pesar de ser una ciudad completamente nueva, con mucha vida y una poblaci\u00f3n de lo m\u00e1s cosmopolita, el visitante siempre tiene en su mente la fecha de 6 de agosto de 1945, cuando fue la primera ciudad del mundo en sufrir un ataque [&hellip;]<\/p>\n","protected":false},"author":24,"featured_media":0,"comment_status":"open","ping_status":"open","sticky":false,"template":"","format":"standard","meta":[],"categories":[33,10,24],"tags":[77,121,155,226,227],"_links":{"self":[{"href":"https:\/\/blogs.larioja.com\/la-vida-en-el-aire\/wp-json\/wp\/v2\/posts\/671"}],"collection":[{"href":"https:\/\/blogs.larioja.com\/la-vida-en-el-aire\/wp-json\/wp\/v2\/posts"}],"about":[{"href":"https:\/\/blogs.larioja.com\/la-vida-en-el-aire\/wp-json\/wp\/v2\/types\/post"}],"author":[{"embeddable":true,"href":"https:\/\/blogs.larioja.com\/la-vida-en-el-aire\/wp-json\/wp\/v2\/users\/24"}],"replies":[{"embeddable":true,"href":"https:\/\/blogs.larioja.com\/la-vida-en-el-aire\/wp-json\/wp\/v2\/comments?post=671"}],"version-history":[{"count":0,"href":"https:\/\/blogs.larioja.com\/la-vida-en-el-aire\/wp-json\/wp\/v2\/posts\/671\/revisions"}],"wp:attachment":[{"href":"https:\/\/blogs.larioja.com\/la-vida-en-el-aire\/wp-json\/wp\/v2\/media?parent=671"}],"wp:term":[{"taxonomy":"category","embeddable":true,"href":"https:\/\/blogs.larioja.com\/la-vida-en-el-aire\/wp-json\/wp\/v2\/categories?post=671"},{"taxonomy":"post_tag","embeddable":true,"href":"https:\/\/blogs.larioja.com\/la-vida-en-el-aire\/wp-json\/wp\/v2\/tags?post=671"}],"curies":[{"name":"wp","href":"https:\/\/api.w.org\/{rel}","templated":true}]}}