{"id":11,"date":"2006-05-16T12:05:43","date_gmt":"2006-05-16T12:05:43","guid":{"rendered":"http:\/\/blogs.larioja.com\/locoporincordiar\/?p=11"},"modified":"2006-05-16T12:05:43","modified_gmt":"2006-05-16T12:05:43","slug":"se-van-enterar","status":"publish","type":"post","link":"https:\/\/blogs.larioja.com\/locoporincordiar\/2006\/05\/16\/se-van-enterar\/","title":{"rendered":"Se van a enterar"},"content":{"rendered":"<p>La incultura de los europeos es casi insondable. No tiene l\u00edmites. \u00bfC\u00f3mo es posible que salga uno de Espa\u00f1a y la gente de por ah\u00ed no conozca d\u00f3nde est\u00e1 La Rioja ni cu\u00e1les son sus gracias? Yo me limito a decirles que andamos por el Norte y me callo que estamos cerca de Bilbao, por si las moscas. Por fuera sonr\u00edo, porque soy muy educado, pero, por dentro, no dejo de asombrarme: \u00bfAcaso no saben estos ga\u00f1anes -no merecen otro nombre- que La Rioja se ha convertido en referente universal de casi todo? \u00bfQu\u00e9 mentiras les est\u00e1n vendiendo los medios de comunicaci\u00f3n franceses, ingleses, italianos, alemanes&#8230;?<BR><BR>Como ya me he sobrado, he decidido elaborar un dossier con todas las cosas en las que somos l\u00edderes mundiales. En mi pr\u00f3ximo viaje al extranjero, lo voy a llevar para ense\u00f1\u00e1rselo al primero que me ponga cara rara. Se van a enterar. <BR><BR><BR>Con meticulosidad de notario, he ido anotando las materias en las que nos hemos convertido en \u00abreferentes europeos\u00bb o incluso \u00abuniversales\u00bb, seg\u00fan han proclamado mis gobernantes y han recogido -con la diligencia que suelen- los medios informativos regionales: vinos, aceites, peras, verduras y alimentos en general; muebles; estudios ling\u00fc\u00edsticos; sanidad; fundaciones hospitalarias; tecnolog\u00eda punta; internet; estudios de Enolog\u00eda; responsabilidad social (esto no s\u00e9 lo que es, pero suena tremendo); foros econ\u00f3micos mundiales; huellas de dinosaurio; estaciones invernales; biodiversidad; pol\u00edticas de empleo; gesti\u00f3n de residuos; energ\u00edas renovables; peque\u00f1o y mediano comercio; turismo verde, cultural e incluso congresual; comunicaciones&#8230;<BR>Y asi podr\u00eda seguir mucho rato. De manera que una de dos: o no somos referentes de casi nada (y nuestros gobernantes acumulan sin rubor hip\u00e9rbole tras hip\u00e9rbole) o la incultura de los europeos es abismal. Yo, desde luego, me inclino por lo segundo.<BR>Creo.<\/p>\n","protected":false},"excerpt":{"rendered":"<p>La incultura de los europeos es casi insondable. No tiene l\u00edmites. \u00bfC\u00f3mo es posible que salga uno de Espa\u00f1a y la gente de por ah\u00ed no conozca d\u00f3nde est\u00e1 La Rioja ni cu\u00e1les son sus gracias? Yo me limito a decirles que andamos por el Norte y me callo que estamos cerca de Bilbao, por [&hellip;]<\/p>\n","protected":false},"author":2,"featured_media":0,"comment_status":"open","ping_status":"closed","sticky":false,"template":"","format":"standard","meta":[],"categories":[2],"tags":[],"_links":{"self":[{"href":"https:\/\/blogs.larioja.com\/locoporincordiar\/wp-json\/wp\/v2\/posts\/11"}],"collection":[{"href":"https:\/\/blogs.larioja.com\/locoporincordiar\/wp-json\/wp\/v2\/posts"}],"about":[{"href":"https:\/\/blogs.larioja.com\/locoporincordiar\/wp-json\/wp\/v2\/types\/post"}],"author":[{"embeddable":true,"href":"https:\/\/blogs.larioja.com\/locoporincordiar\/wp-json\/wp\/v2\/users\/2"}],"replies":[{"embeddable":true,"href":"https:\/\/blogs.larioja.com\/locoporincordiar\/wp-json\/wp\/v2\/comments?post=11"}],"version-history":[{"count":0,"href":"https:\/\/blogs.larioja.com\/locoporincordiar\/wp-json\/wp\/v2\/posts\/11\/revisions"}],"wp:attachment":[{"href":"https:\/\/blogs.larioja.com\/locoporincordiar\/wp-json\/wp\/v2\/media?parent=11"}],"wp:term":[{"taxonomy":"category","embeddable":true,"href":"https:\/\/blogs.larioja.com\/locoporincordiar\/wp-json\/wp\/v2\/categories?post=11"},{"taxonomy":"post_tag","embeddable":true,"href":"https:\/\/blogs.larioja.com\/locoporincordiar\/wp-json\/wp\/v2\/tags?post=11"}],"curies":[{"name":"wp","href":"https:\/\/api.w.org\/{rel}","templated":true}]}}