{"id":44,"date":"2009-11-30T08:10:00","date_gmt":"2009-11-30T08:10:00","guid":{"rendered":"http:\/\/blogs.larioja.com\/locoporincordiar\/?p=44"},"modified":"2009-11-30T08:10:00","modified_gmt":"2009-11-30T08:10:00","slug":"contra-pueblos","status":"publish","type":"post","link":"https:\/\/blogs.larioja.com\/locoporincordiar\/2009\/11\/30\/contra-pueblos\/","title":{"rendered":"Contra los pueblos"},"content":{"rendered":"<p>Leo que todos los peri\u00f3dicos catalanes se han puesto de acuerdo en publicar un mismo editorial, titulado \u2018La dignidad de Catalu\u00f1a\u2019. En \u00e9l atacan por si acaso al Tribunal Constitucional, no vaya a ser que a los magistrados (en el improbable caso de que se pongan a trabajar) les d\u00e9 por censurar algunos puntos del Estatut. <\/p>\n<p>A m\u00ed las unanimidades siempre me han parecido sospechosas, aunque reconozco que lo del Constitucional clama al cielo: es un \u00f3rgano que con cada renovaci\u00f3n echa una paletada de tierra a la tumba de Montesquieu y que, para colmo, se toma los asuntos con tanta calma que sus miembros parecen atacados por s\u00fabitos accesos de narcolepsia.<\/p>\n<p>Pero hay algo que me revienta todav\u00eda m\u00e1s. Creo, con perd\u00f3n, que Catalu\u00f1a no tiene dignidad. Y no lo digo por prurito anticatal\u00e1n: tambi\u00e9n pienso que La Rioja no tiene dignidad, que Espa\u00f1a no tiene dignidad, y que incluso mi barrio no tiene dignidad. Me molesta esta consideraci\u00f3n de los \u2018pueblos\u2019 como criaturas monol\u00edticas, que marchan como un ej\u00e9rcito en pos de una victoria com\u00fan. <\/p>\n<p>Y no, oiga: me rebelo contra ese camelo nacionalista que llevamos oyendo desde Hitler a Otegi, desde Franco a Carod Rovira, y que va calando hasta en las cabezas m\u00e1s responsables. Los pueblos son diversos, variopintos, heterog\u00e9neos. Hay gente que piensa as\u00ed y gente que piensa as\u00e1. Hay mayor\u00edas que mandan, pero tambi\u00e9n  minor\u00edas respetables. Hay ortodoxos y heterodoxos; apocal\u00edpticos e integrados; militantes y disidentes. Y  la dignidad, como los derechos o los deberes, es patrimonio de cada ciudadano. Los \u2018pueblos\u2019, en realidad, no existen. Y, si existen, no tienen dignidad. S\u00f3lo tienen habitantes.<\/p>\n","protected":false},"excerpt":{"rendered":"<p>Leo que todos los peri\u00f3dicos catalanes se han puesto de acuerdo en publicar un mismo editorial, titulado \u2018La dignidad de Catalu\u00f1a\u2019. En \u00e9l atacan por si acaso al Tribunal Constitucional, no vaya a ser que a los magistrados (en el improbable caso de que se pongan a trabajar) les d\u00e9 por censurar algunos puntos del [&hellip;]<\/p>\n","protected":false},"author":2,"featured_media":0,"comment_status":"open","ping_status":"closed","sticky":false,"template":"","format":"standard","meta":[],"categories":[3],"tags":[],"_links":{"self":[{"href":"https:\/\/blogs.larioja.com\/locoporincordiar\/wp-json\/wp\/v2\/posts\/44"}],"collection":[{"href":"https:\/\/blogs.larioja.com\/locoporincordiar\/wp-json\/wp\/v2\/posts"}],"about":[{"href":"https:\/\/blogs.larioja.com\/locoporincordiar\/wp-json\/wp\/v2\/types\/post"}],"author":[{"embeddable":true,"href":"https:\/\/blogs.larioja.com\/locoporincordiar\/wp-json\/wp\/v2\/users\/2"}],"replies":[{"embeddable":true,"href":"https:\/\/blogs.larioja.com\/locoporincordiar\/wp-json\/wp\/v2\/comments?post=44"}],"version-history":[{"count":0,"href":"https:\/\/blogs.larioja.com\/locoporincordiar\/wp-json\/wp\/v2\/posts\/44\/revisions"}],"wp:attachment":[{"href":"https:\/\/blogs.larioja.com\/locoporincordiar\/wp-json\/wp\/v2\/media?parent=44"}],"wp:term":[{"taxonomy":"category","embeddable":true,"href":"https:\/\/blogs.larioja.com\/locoporincordiar\/wp-json\/wp\/v2\/categories?post=44"},{"taxonomy":"post_tag","embeddable":true,"href":"https:\/\/blogs.larioja.com\/locoporincordiar\/wp-json\/wp\/v2\/tags?post=44"}],"curies":[{"name":"wp","href":"https:\/\/api.w.org\/{rel}","templated":true}]}}