{"id":67,"date":"2013-01-18T13:17:01","date_gmt":"2013-01-18T13:17:01","guid":{"rendered":"http:\/\/blogs.larioja.com\/logronobares\/?p=67"},"modified":"2013-01-18T13:17:01","modified_gmt":"2013-01-18T13:17:01","slug":"tejero-en-el-bambi-3","status":"publish","type":"post","link":"https:\/\/blogs.larioja.com\/logronobares\/2013\/01\/18\/tejero-en-el-bambi-3\/","title":{"rendered":"Tejero en el Bambi"},"content":{"rendered":"<p><a href=\"\/logronobares\/wp-content\/uploads\/sites\/33\/2013\/01\/tejero2.jpg\"><img loading=\"lazy\" class=\"alignnone size-full wp-image-65\" title=\"Tejero, pistola en mano, en la tribuna del Congreso durante el 23F\" src=\"\/logronobares\/wp-content\/uploads\/sites\/33\/2013\/01\/tejero2.jpg\" alt=\"Tejero, pistola en mano, en la tribuna del Congreso durante el 23F\" width=\"238\" height=\"178\" \/><\/a><\/p>\n<p>Ahora que el venerable <strong>Bambi<\/strong> de la <strong>calle Laurel<\/strong> reabre bajo nueva direcci\u00f3n, desprovisto de su entra\u00f1able aspecto y carente (me temo: no lo he comprobado a\u00fan) de su patio interior con lavabos; y ahora que la <strong>familia Alc\u00e1ntara<\/strong> actualiza el <strong>23F<\/strong>, traigo aqu\u00ed este art\u00edculo publicado hace cuatro a\u00f1os en <strong>Diario LA RIOJA<\/strong>. Lo recupero para contestar a esa pregunta que todos nos hemos hemos hecho alguna vez: t\u00fa, \u00bfd\u00f3nde estabas el 23 de febrero de 1981? Pues yo, en el Bambi. As\u00ed que aqu\u00ed va.<\/p>\n<p>El Bambi era uno de aquellos bares que durante a\u00f1os custodi\u00f3 el legado de los antiguos v\u00e1teres a pedales. Mientras la modernidad alcanzaba ya a otros establecimientos del ramo en forma de taza con el logotipo de la empresa Roca, el Bambi, como el <strong>Villa Rica<\/strong> o el <strong>T\u00edvoli<\/strong>, sigui\u00f3 fiel a esa antigua forma de obrar que nos musculaba el muslamen mientras pon\u00eda a prueba nuestra punter\u00eda. No era su \u00fanico encanto. A bote pronto, se me ocurren otros dos: el primero, que para llegar al excusado hab\u00eda que pasar por un breve patio donde se apilaban las cajas de cerveza, de modo que en invierno se garantizaba alguna meada bajo cero. Su otra aportaci\u00f3n consist\u00eda en despachar un vino de la casa que propici\u00f3 los primeros neog\u00f3ticos de Logro\u00f1o: dejaba un cerco tan negruzco en los labios que r\u00edase usted del cantante de The Cure.<\/p>\n<p>Lo antedicho explica el cari\u00f1o que algunos sentimos por esta veterana barra de la calle Laurel, donde cierto d\u00eda de 1981 nos sorprendi\u00f3 el famoso \u2018<strong>Tejerazo<\/strong>\u2019. En la noche c\u00e9lebre, entramos un poco alborotados a refugiarnos del fr\u00edo en tan acogedor establecimiento cuando sus parroquianos nos chistaron al un\u00edsono, reclamando silencio (el dedo \u00edndice en los morros): por la radio hablaba <strong>Jordi Pujol<\/strong>. Ven\u00eda de conversar con <strong>el Rey<\/strong> y trasladaba a la audiencia de la emisora el contenido de su conversaci\u00f3n. \u00abDice que todo est\u00e1 controlado \u00bb, anunci\u00f3 el Honorable. Y a\u00f1adi\u00f3: \u00abEl Rey me ha dicho:<br \/>\n\u2018Tranquilo, Jordi, tranquilo\u2019\u00bb. La clientela del Bambi recibi\u00f3 aquellas palabras con una carcajada general, acentuada por el acusado acento catal\u00e1n con que fueron pronunciadas. Unos cuantos se pusieron a imitar al inimitable Pujol y el resto le ri\u00f3 la ocurrencia.<\/p>\n<p>Yo no entend\u00eda nada. Hasta esa hora, desconoc\u00eda lo que <strong>Tejero<\/strong> y sus secuaces perpetraban. Hab\u00eda salido temprano de casa y dado por buena la primera versi\u00f3n, seg\u00fan la cual un grupo de guardias hab\u00eda entrado en el Congreso porque<br \/>\ntem\u00edan que hubiese un atentado de ETA. Permanec\u00eda ignorante al <strong>\u2018Se sienten, co\u00f1o\u2019<\/strong>, al bochornoso forcejeo con <strong>Su\u00e1rez<\/strong> y<strong> Guti\u00e9rrez Mellado<\/strong> y a la frase sobre la enigm\u00e1tica autoridad competente \u00abmilitar, por supuesto\u00bb. Un veterano de la Laurel tuvo a bien explicarme estos detalles, pero como el tipo parec\u00eda al borde del coma et\u00edlico (el mismo aspecto por cierto con que le sigo viendo a\u00fan, casi treinta a\u00f1os despu\u00e9s), procur\u00e9 ganar raudo la calle, alcanzar el hogar familiar y ponerme en manos de <strong>\u2018El Butanito<\/strong>\u2019: esa noche, <strong>Jos\u00e9 Mar\u00eda Garc\u00eda<\/strong> alcanz\u00f3 la gloria radiof\u00f3nica con su programa en directo desde el <strong>Palace<\/strong>. A\u00fan no hab\u00eda se\u00f1al de televisi\u00f3n, secuestrada como la soberan\u00eda popular durante unas horas que para m\u00ed segu\u00edan presididas por la llamada a la calma que propon\u00eda Pujol. Tranquilo, Jorge, tranquilo.<\/p>\n<p>El resto, ya se sabe. Historia contempor\u00e1nea. Sali\u00f3 el Rey por la tele, se marcharon los golpistas por un tragaluz del <strong>Congreso<\/strong> ya de buena ma\u00f1ana y se firm\u00f3 el dichoso pacto del cap\u00f3. Yo me aficion\u00e9 al periodismo de tribunales siguiendo las cr\u00f3nicas de <strong>Mart\u00edn Prieto<\/strong> sobre el juicio y atend\u00ed las batallitas de alg\u00fan paisano a quien la mili hab\u00eda sorprendido en la <strong>Brunete<\/strong> o subido a un tanque de la base de B\u00e9tera, esos que <strong>Mil\u00e1ns<\/strong> pase\u00f3 por <strong>Valencia<\/strong>. Tambi\u00e9n asist\u00ed a la <strong>macromanifestaci\u00f3n<\/strong> que tom\u00f3 las calles de <strong>Logro\u00f1o<\/strong> y poco despu\u00e9s volv\u00ed al escenario del crimen: en otro bar de la Laurel disfrut\u00e9 del amistoso que jug\u00f3 Espa\u00f1a enWembley, donde \u00edbamos festejando el triunfo de Santamar\u00eda y sus chicos. De repente la c\u00e1mara se apart\u00f3 de la cancha y se fij\u00f3 en la grada, donde un tipo empu\u00f1aba una pancarta: hab\u00eda dibujado la efigie de Tejero y escrito algo en ingl\u00e9s. A su alrededor, todos se re\u00edan. En el bar, todos nos quedamos mudos; la mayor\u00eda, sospecho que por verg\u00fcenza. Lo que yo sent\u00ed fue una tristeza infinita. La misma que me asalta alguna vez, cuando pas\u00f3 por el Bambi y pienso en su v\u00e1ter de pedales, en Pujol y en Tejero. Tristeza y una cierta tendencia a la ira, que logro controlar.<\/p>\n<p>Tranquilo, Jorge, tranquilo.<\/p>\n<p>P.D. Revisando los art\u00edculos que, como \u00e9ste sobre el Bambi, escrib\u00ed durante unos a\u00f1os en Diario LA RIOJA en una secci\u00f3n titulada <strong>&#8216;Desde Portales&#8217;<\/strong>, compruebo que unos cuantos divagaban en torno a Logro\u00f1o y sus bares. Prometo irlos publicando aqu\u00ed a medida que me parezca que siguen teniendo sentido.<\/p>\n","protected":false},"excerpt":{"rendered":"<p>Ahora que el venerable Bambi de la calle Laurel reabre bajo nueva direcci\u00f3n, desprovisto de su entra\u00f1able aspecto y carente (me temo: no lo he comprobado a\u00fan) de su patio interior con lavabos; y ahora que la familia Alc\u00e1ntara actualiza el 23F, traigo aqu\u00ed este art\u00edculo publicado hace cuatro a\u00f1os en Diario LA RIOJA. Lo [&hellip;]<\/p>\n","protected":false},"author":3,"featured_media":0,"comment_status":"open","ping_status":"closed","sticky":false,"template":"","format":"standard","meta":[],"categories":[2],"tags":[],"_links":{"self":[{"href":"https:\/\/blogs.larioja.com\/logronobares\/wp-json\/wp\/v2\/posts\/67"}],"collection":[{"href":"https:\/\/blogs.larioja.com\/logronobares\/wp-json\/wp\/v2\/posts"}],"about":[{"href":"https:\/\/blogs.larioja.com\/logronobares\/wp-json\/wp\/v2\/types\/post"}],"author":[{"embeddable":true,"href":"https:\/\/blogs.larioja.com\/logronobares\/wp-json\/wp\/v2\/users\/3"}],"replies":[{"embeddable":true,"href":"https:\/\/blogs.larioja.com\/logronobares\/wp-json\/wp\/v2\/comments?post=67"}],"version-history":[{"count":0,"href":"https:\/\/blogs.larioja.com\/logronobares\/wp-json\/wp\/v2\/posts\/67\/revisions"}],"wp:attachment":[{"href":"https:\/\/blogs.larioja.com\/logronobares\/wp-json\/wp\/v2\/media?parent=67"}],"wp:term":[{"taxonomy":"category","embeddable":true,"href":"https:\/\/blogs.larioja.com\/logronobares\/wp-json\/wp\/v2\/categories?post=67"},{"taxonomy":"post_tag","embeddable":true,"href":"https:\/\/blogs.larioja.com\/logronobares\/wp-json\/wp\/v2\/tags?post=67"}],"curies":[{"name":"wp","href":"https:\/\/api.w.org\/{rel}","templated":true}]}}