{"id":69,"date":"2013-01-22T11:13:36","date_gmt":"2013-01-22T11:13:36","guid":{"rendered":"http:\/\/blogs.larioja.com\/logronobares\/?p=69"},"modified":"2013-01-22T11:13:36","modified_gmt":"2013-01-22T11:13:36","slug":"retrato-de-logrones-con-bar-al-fondo","status":"publish","type":"post","link":"https:\/\/blogs.larioja.com\/logronobares\/2013\/01\/22\/retrato-de-logrones-con-bar-al-fondo\/","title":{"rendered":"Retrato de logro\u00f1\u00e9s con bar al fondo"},"content":{"rendered":"<p><a href=\"\/logronobares\/wp-content\/uploads\/sites\/33\/2013\/01\/eduardo.jpg\"><img loading=\"lazy\" class=\"alignnone  wp-image-70\" title=\"Eduardo G\u00f3mez, retratado en la Taberna de Mere de Logro\u00f1o\" src=\"\/logronobares\/wp-content\/uploads\/sites\/33\/2013\/01\/eduardo.jpg\" alt=\"Eduardo G\u00f3mez, retratado en la Taberna de Mere de Logro\u00f1o\" width=\"600\" height=\"551\" srcset=\"https:\/\/static-blogs.larioja.com\/wp-content\/uploads\/sites\/33\/2013\/01\/eduardo.jpg 600w, https:\/\/static-blogs.larioja.com\/wp-content\/uploads\/sites\/33\/2013\/01\/eduardo-300x276.jpg 300w\" sizes=\"(max-width: 600px) 100vw, 600px\" \/><\/a><\/p>\n<p>Sirva esta entrada como homenaje a todos los hombres y mujeres de buena voluntad que tanto han hecho por los <strong>hosteleros riojanos<\/strong>. Toda esa clientela que a lo largo de la historia ha contribuido a pagar el colegio de los ni\u00f1os de sus camareros de confianza. La parroquia conspicua que se ha hecho cargo de la hipoteca del patr\u00f3n de tal o cual local, mientras sellaba una alianza eterna con los productos de las bodegas riojanas y resto de empresas del sector y permit\u00eda, en fin, la proliferaci\u00f3n de las distintas actividades empresariales ligadas al consumo de alcohol, incluida la industria de mondadientes. Con todos ustedes, como representante de todos nosotros, <strong>Eduardo G\u00f3mez<\/strong>.<\/p>\n<p>Eduardo es un archivo viviente y andante de los <strong>bares de Logro\u00f1o<\/strong>. Acumula en sus libretas el historial completo de cientos, miles de garitos, cuya fecha de inauguraci\u00f3n atesora como otros guardan las reliquias de un santo. En esas fichas que actualiza casi a diario se encuentra depositada la historia de esta ciudad, o al menos la historia de su lado festivo y ocioso. Nuestro hombre refresca a menudo sus datos con la visita perenne a los bares de confianza y tambi\u00e9n explora las nuevas barras que conquistan los barrios emergentes; con el mismo af\u00e1n del entom\u00f3logo anota las novedades que se concitan en cada bar y derrama alguna l\u00e1grima cuando toca informar del cierre de alguno que formaba parte de nuestra historia sentimental.<br \/>\nCuando decid\u00ed convertir a Eduardo G\u00f3mez en protagonista de estas l\u00edneas, pens\u00e9 en una entrada \u00fanica donde vertiera su ingente memoria como cliente de los bares logro\u00f1eses. Apenas llevaba unos minutos charlando con \u00e9l en la casa que nos cobija a ambos, <strong>Diario LA RIOJA<\/strong>, cuando ca\u00ed en la cuenta de que necesitar\u00eda varias entradas para acoger tanta memoria, tanto dato, tanta an\u00e9cdota. As\u00ed que esta entrega es s\u00f3lo la primera de una serie. En este caso, limitada a su experiencia primeriza a este lado de la barra de unos cuantos locales logro\u00f1eses. Es decir, sus rondas como novato, miembro de una cuadrilla cuya relaci\u00f3n recita como si fuera la alineaci\u00f3n del equipo de sus amores: \u201c\u00cdbamos de chiquiteo Pedro R\u00e1banos, Agust\u00edn Pinillos, mi hermano Eugenio G\u00f3mez, El\u00edas Fern\u00e1ndez, Santiago Pastor, Ricardo Segura y un servidor\u201d.<\/p>\n<p>&#8211;\u00a0\u00a0 \u00a0\u00bfQu\u00e9 edad ten\u00edas por entonces?<br \/>\n&#8211;\u00a0\u00a0 \u00a0Dieciocho, veinte a\u00f1os. Una ronda t\u00edpica era la de los domingos, despu\u00e9s del f\u00fatbol. Qued\u00e1bamos en el <strong>Negresco<\/strong> y de ah\u00ed, a la calle Mayor. Se empezaba por <strong>El Espa\u00f1a<\/strong>, que llevaba <strong>Terete<\/strong>, y luego cruz\u00e1bamos <strong>Sagasta<\/strong> y entr\u00e1bamos en el Juanito, famoso por sus sardinas, el <strong>Bilbao<\/strong>, primer bar de Logro\u00f1o en poner televisi\u00f3n para seguir las etapas del Tour de Francia y muy famoso en Navidad por su espectacular Bel\u00e9n, y el de <strong>Pedro el Riojano<\/strong>. Luego ven\u00edan el <strong>Cosecheros<\/strong>, que al fondo ten\u00eda un patio para jugar a la ranita, y el <strong>Cuatro<\/strong> <strong>Vientos<\/strong>, junto al negocio de guitarras de Paulino. De ah\u00ed segu\u00edamos por la calle El Puente hacia Herrer\u00edas, donde se paraba en el <strong>bar de La Tita<\/strong>, y se acababa en el <strong>Royalti<\/strong> de Am\u00f3s Salvador.<br \/>\n&#8211;\u00a0\u00a0 \u00a0\u00bfQu\u00e9 echas en falta de entonces?<br \/>\n&#8211;\u00a0\u00a0 \u00a0Una costumbre que se ha perdido. Cuando una cuadrilla se juntaba con otra y charlabas de esto y aquello, casi siempre se terminaba por cantar alguna coplilla en plan de pique. Eran jotas, habaneras, bilba\u00ednadas\u2026 Y en Navidad, se cantaban villancicos con letras alusivas a la actualidad, que sol\u00edan concluir con la petici\u00f3n para que el due\u00f1o del bar nos invitara.<br \/>\n&#8211;\u00a0\u00a0 \u00a0\u00bfY os invitaba?<br \/>\n&#8211;\u00a0\u00a0 \u00a0Casi nunca, que yo recuerde.<\/p>\n<p>P.D. En fechas posteriores seguir\u00e9 contando las andanzas de Eduardo a lo largo de los bares de la ciudad que nos vio nacer a ambos y todav\u00eda nos aguanta. De momento, aqu\u00ed dejo una relaci\u00f3n de sus preferencias en esta materia.<br \/>\n.- Tu bar favorito de Logro\u00f1o.<br \/>\n.- Hombre, no quiero que se moleste nadie, porque en esto hay que tener en cuenta matices de simpat\u00eda, de amistad, pero tengo que responder que mi favorito es el <strong>Mere<\/strong>, porque es un campe\u00f3n. El Mere es un aut\u00e9ntico campe\u00f3n. (Justo despu\u00e9s de esta charla, el bar echaba el cierre y dejaba un poco hu\u00e9rfana a su parroquia).<br \/>\n.- \u00bfY cu\u00e1l echas m\u00e1s de menos?<br \/>\n.- En eso no hay duda: el <strong>Negresco<\/strong>.<br \/>\n.- \u00bfY tu favorito del resto de La Rioja?<br \/>\n.- El <strong>Nelson<\/strong>, de <strong>Haro<\/strong>.<br \/>\n.- \u00bfY del resto de Espa\u00f1a?<br \/>\n.- Uno que ya no est\u00e1 abierto, el <strong>Korinto<\/strong> de Madrid.<br \/>\n(Continuar\u00e0)<\/p>\n","protected":false},"excerpt":{"rendered":"<p>Sirva esta entrada como homenaje a todos los hombres y mujeres de buena voluntad que tanto han hecho por los hosteleros riojanos. Toda esa clientela que a lo largo de la historia ha contribuido a pagar el colegio de los ni\u00f1os de sus camareros de confianza. La parroquia conspicua que se ha hecho cargo de [&hellip;]<\/p>\n","protected":false},"author":17,"featured_media":0,"comment_status":"open","ping_status":"closed","sticky":false,"template":"","format":"standard","meta":[],"categories":[2],"tags":[222,427,444],"_links":{"self":[{"href":"https:\/\/blogs.larioja.com\/logronobares\/wp-json\/wp\/v2\/posts\/69"}],"collection":[{"href":"https:\/\/blogs.larioja.com\/logronobares\/wp-json\/wp\/v2\/posts"}],"about":[{"href":"https:\/\/blogs.larioja.com\/logronobares\/wp-json\/wp\/v2\/types\/post"}],"author":[{"embeddable":true,"href":"https:\/\/blogs.larioja.com\/logronobares\/wp-json\/wp\/v2\/users\/17"}],"replies":[{"embeddable":true,"href":"https:\/\/blogs.larioja.com\/logronobares\/wp-json\/wp\/v2\/comments?post=69"}],"version-history":[{"count":0,"href":"https:\/\/blogs.larioja.com\/logronobares\/wp-json\/wp\/v2\/posts\/69\/revisions"}],"wp:attachment":[{"href":"https:\/\/blogs.larioja.com\/logronobares\/wp-json\/wp\/v2\/media?parent=69"}],"wp:term":[{"taxonomy":"category","embeddable":true,"href":"https:\/\/blogs.larioja.com\/logronobares\/wp-json\/wp\/v2\/categories?post=69"},{"taxonomy":"post_tag","embeddable":true,"href":"https:\/\/blogs.larioja.com\/logronobares\/wp-json\/wp\/v2\/tags?post=69"}],"curies":[{"name":"wp","href":"https:\/\/api.w.org\/{rel}","templated":true}]}}