{"id":24,"date":"2017-04-04T08:30:39","date_gmt":"2017-04-04T06:30:39","guid":{"rendered":"http:\/\/blogs.larioja.com\/los-ojos-de-alejo\/?p=24"},"modified":"2017-04-04T08:30:39","modified_gmt":"2017-04-04T06:30:39","slug":"lo-esencial","status":"publish","type":"post","link":"https:\/\/blogs.larioja.com\/los-ojos-de-alejo\/2017\/04\/04\/lo-esencial\/","title":{"rendered":"Lo esencial"},"content":{"rendered":"<p style=\"text-align: center;\"><em>&#8220;(&#8230;)\u2014Adi\u00f3s \u2014dijo el zorro\u2014. He aqu\u00ed mi secreto, que no puede ser m\u00e1s simple: <strong>s\u00f3lo con el coraz\u00f3n se puede ver bien; lo esencial es invisible para los ojos.<\/strong><\/em><\/p>\n<p style=\"text-align: center;\"><em>\u2014<strong>Lo esencial es invisible para los ojos<\/strong> \u2014repiti\u00f3 el principito para acordarse. (&#8230;)&#8221;<\/em><\/p>\n<p style=\"text-align: center;\"><em>Fragmento de\u00a0<a href=\"https:\/\/lamenteesmaravillosa.com\/la-sabiduria-de-el-principito\/\">\u201cEl principito\u201d<\/a>.\u00a0<a href=\"http:\/\/es.wikipedia.org\/wiki\/Antoine_de_Saint-Exup%C3%A9ry\">Saint Exup\u00e8ry<\/a>\u00a0<\/em><\/p>\n<p>Despu\u00e9s de haber abierto en canal mi alma para ense\u00f1aros una parte de mi historia se trata ahora de seguir cont\u00e1ndoos cositas que os hagan seguir sintiendo emoci\u00f3n al leerme. Soy consciente de que no siempre lo lograr\u00e9 porque la vida no siempre es tan emocionante pero con mis historias conseguir\u00e9 demostraros (a vosotros y <strong>a m\u00ed misma<\/strong>) que la vida con nuestros dos hijos y sus particularidades puede ser impresionante.<\/p>\n<p>Os contar\u00e9 que con ese ansia de conocer mejor este nuevo mundo en el que reci\u00e9n nos estrenamos (el mundo del S\u00edndrome de Down) mi marido y yo desde un principio hemos intentado formar parte de todas aquellas charlas, conferencias, &#8220;caf\u00e9s&#8221;, &#8230; que la estresante vida en la que vivimos nos ha permitido. Empezamos con una Jornada sobre la &#8220;Primera noticia y apoyo a nuevos padres de ni\u00f1os con S\u00edndrome de Down&#8221; organizada por Down Espa\u00f1a y la Fundaci\u00f3n Mapfre. Salimos esperanzados y destrozados a la vez. Era nuestro primer contacto. Y lo cierto es que ya no hemos parado&#8230; la \u00faltima, el pasado viernes en la que conocimos a toda una eminencia en este campo, el Doctor Jes\u00fas Florez, en una interesant\u00edsima conferencia de c\u00f3mo <strong>&#8220;Ser aut\u00f3nomo desde la cuna&#8221;<\/strong>. Incre\u00edble, duro, muy duro, nuestra fragilidad de repente se volvi\u00f3 a tambalear&#8230;Palabras como autonom\u00eda, autoestima, <strong>dependencia para toda la vida<\/strong>, &#8230; resuenan a\u00fan hoy en mi mente. Claro que somos felices y lo seguiremos siendo pero &#8230;c\u00f3mo nos ha cambiado la vida&#8230;<\/p>\n<p><a href=\"\/los-ojos-de-alejo\/wp-content\/uploads\/sites\/64\/2017\/04\/IMG_7238.jpg\"><img loading=\"lazy\" class=\"aligncenter size-large wp-image-28\" title=\"IMG_7238\" src=\"\/los-ojos-de-alejo\/wp-content\/uploads\/sites\/64\/2017\/04\/IMG_7238.jpg\" alt=\"\" width=\"819\" height=\"1024\" srcset=\"https:\/\/static-blogs.larioja.com\/wp-content\/uploads\/sites\/64\/2017\/04\/IMG_7238.jpg 2091w, https:\/\/static-blogs.larioja.com\/wp-content\/uploads\/sites\/64\/2017\/04\/IMG_7238-240x300.jpg 240w, https:\/\/static-blogs.larioja.com\/wp-content\/uploads\/sites\/64\/2017\/04\/IMG_7238-768x960.jpg 768w, https:\/\/static-blogs.larioja.com\/wp-content\/uploads\/sites\/64\/2017\/04\/IMG_7238-819x1024.jpg 819w\" sizes=\"(max-width: 819px) 100vw, 819px\" \/><\/a><\/p>\n<p>Jes\u00fas Florez es una persona que ha dedicado toda su vida profesional al S\u00edndrome de Down. Muchos de los que le\u00e1is estas l\u00edneas ya lo sabr\u00e9is, otros, aquellos que no lo necesiten, no ser\u00e1n conscientes de la importancia que supone para nosotros sus palabras. Jes\u00fas Fl\u00f3rez es Doctor en Medicina, Cirug\u00eda y Catedr\u00e1tico en Farmacolog\u00eda adem\u00e1s de investigador en el terreno del S\u00edndrome de Down, entre otras cosas, y lo m\u00e1s importante, padre de dos ni\u00f1as ya no tan ni\u00f1as con discapacidad, una de ellas con S\u00edndrome de Down, M\u00edriam. Un ejemplo, un valioso ejemplo que en una hora y media fue capaz de expresar con palabras todo aquello que sabemos y que muchas veces no queremos o\u00edr. Pero con una sonrisa y desde el coraz\u00f3n. Huyendo de lo t\u00e9cnico, de lo fr\u00edo.<\/p>\n<p>Seguimos inform\u00e1ndonos, leyendo, hablando, compartiendo experiencias, so\u00f1ando (esto que nunca falte) y trabajando por el mejor de los futuros para nuestros hijos, para los dos.<\/p>\n<p>&nbsp;<\/p>\n<div id=\"attachment_30\" style=\"width: 286px\" class=\"wp-caption aligncenter\"><a href=\"\/los-ojos-de-alejo\/wp-content\/uploads\/sites\/64\/2017\/04\/FullSizeRender-3.jpg\"><img aria-describedby=\"caption-attachment-30\" loading=\"lazy\" class=\"size-full wp-image-30\" title=\"FullSizeRender-3\" src=\"\/los-ojos-de-alejo\/wp-content\/uploads\/sites\/64\/2017\/04\/FullSizeRender-3.jpg\" alt=\"\" width=\"276\" height=\"320\" srcset=\"https:\/\/static-blogs.larioja.com\/wp-content\/uploads\/sites\/64\/2017\/04\/FullSizeRender-3.jpg 276w, https:\/\/static-blogs.larioja.com\/wp-content\/uploads\/sites\/64\/2017\/04\/FullSizeRender-3-259x300.jpg 259w\" sizes=\"(max-width: 276px) 100vw, 276px\" \/><\/a><p id=\"caption-attachment-30\" class=\"wp-caption-text\">Alejo y Candela<\/p><\/div>\n<p>Dicho esto, hoy quer\u00eda dedicar esta entrada a muchas personas, las que estuvieron y a\u00fan hoy siguen estando. Las que nos demostraron que la <strong>FAMILIA<\/strong> y la <strong>AMISTAD<\/strong> se escribe con may\u00fasculas cuando sale de lo m\u00e1s profundo.<\/p>\n<p>Voy a ir por orden porque todos vosotros, s\u00ed vosotros, los que seguro sois los primeros en leernos sois merecedores de todas y cada unas palabras de gratitud. (Quiz\u00e1s se hace dif\u00edcil leer todas las dedicatorias pero es necesario tener un momento en la vida para deciros a todos lo que os queremos).<\/p>\n<p>A mi ni\u00f1a <strong>Candela<\/strong>, la luz de nuestros ojos. No podemos vivir sin ti.<\/p>\n<p>A nuestras <strong>familias<\/strong>, lo mejor de nuestras vidas, lo m\u00e1s valioso, lo m\u00e1s fr\u00e1gil y poderoso. Padres y hermanos (y cu\u00f1ados que son como hermanos). Todos ellos han sido nuestro pa\u00f1o de l\u00e1grimas y miedos y nuestros abrazos fuertes, nuestras caricias, nuestra fuerza hasta el infinito. Nuestra FAMILIA, sin m\u00e1s. Qu\u00e9 siempre se queden con nosotros, que no se vayan. <strong>Os necesitamos.<\/strong><\/p>\n<p>En este punto y con el permiso de todos, quiero darle un especial agradecimiento a <strong>mis padres<\/strong> que un d\u00eda decidieron que costase lo que costase no se volver\u00edan a separar de m\u00ed y aqu\u00ed siguen hoy conmigo. Dejando atr\u00e1s una Barcelona convulsa pol\u00edticamente hablando pero maravillosa desde su sentido m\u00e1s po\u00e9tico. <strong>Mis ra\u00edces<\/strong>.<\/p>\n<p>Desde Barcelona, a mis t\u00edas, <strong>Vicky<\/strong> y <strong>Mar\u00eda<\/strong> (Tata). El tiempo lo cura todo. Gracias por vuestro cari\u00f1o d\u00eda a d\u00eda.<\/p>\n<p>Gracias a todas las muestras de cari\u00f1o de nuestros amigos en las primeras horas de fr\u00edo hospital, tu abrazo <strong>Zaida<\/strong>, tus palabras <strong>Nacho<\/strong>, tu l\u00e1grimas compartidas <strong>Olaya<\/strong>, tu hombro <strong>\u00d3scar<\/strong>, vuestras sonrisas que abrazaron mi alma, <strong>Marlene<\/strong>, <strong>Pilar<\/strong>, <strong>Mar\u00eda<\/strong>.<\/p>\n<p>A todos nuestros amigos de Alfaro y especialmente a aquellos que lo dejaron todo durante unas horas para venir directamente a vernos aqu\u00ed, en Madrid: <strong>Javi<\/strong>, tu sensibilidad. <strong>Chechu<\/strong>, tu empat\u00eda y capacidad de querer por encima de todo. <strong>Sergio<\/strong> y <strong>Mari Luz<\/strong> vuestro AMOR y experiencia (experiencia de unos padres INCRE\u00cdBLES y luchadores como no he visto nunca). <strong>Mariano<\/strong>, tu esfuerzo y cari\u00f1o. <strong>Jorge<\/strong> y <strong>C\u00e9sar<\/strong> vuestra mano y comprensi\u00f3n. Y al resto que sabemos que si hubieran podido se hubieran escapado a vernos, especialmente a vosotros, <strong>David<\/strong> y <strong>Raquel<\/strong> que a\u00fan a d\u00eda de hoy nos emocionamos al ver vuestra entrega y cari\u00f1o, no sabemos si nos lo merecemos.<\/p>\n<p>A <strong>Diana<\/strong>,\u00a0<strong>Yolanda y Mar\u00eda P<\/strong>. Qu\u00e9 grandes sois. A <strong>Chus<\/strong>, nuestra vecina enfermera que con una mirada nos lo dijo todo.<\/p>\n<p><strong>Mar<\/strong>, <strong>Sebas<\/strong>, <strong>Gonzalo<\/strong> y <strong>Loreto<\/strong>. <strong>El camino ya no nos separar\u00e1 jam\u00e1s<\/strong>. Gracias.<\/p>\n<p>A todos los que me llamasteis y yo no os devolv\u00ed las llamadas, espero entend\u00e1is que no me sent\u00eda bien. A los compa\u00f1eros de trabajo de Jos\u00e9 Pablo que no han dejado de estar pendientes d\u00eda tras d\u00eda. A muchos no os conozco pero siento vuestro apoyo.<\/p>\n<p>A esas mam\u00e1s con beb\u00e9s con S\u00edndrome de Down que la curiosidad y la casualidad hizo que se encontraran en nuestro camino (<strong>Maica<\/strong>, <strong>Tita<\/strong>, <strong>Mar\u00eda<\/strong>) y lo que nos reconforta estar con vosotros.<\/p>\n<p>A las mam\u00e1s m\u00e1s experimentadas con ni\u00f1os ya con S\u00edndrome de Down que con esa gran experiencia y amor han sabido ense\u00f1arnos que esto lo vamos a superar y que es maravilloso: <strong>Paola<\/strong> y su <strong>Nachete<\/strong>. <strong>B\u00e1rbara<\/strong> y mi conexi\u00f3n contigo. <strong>Mar\u00eda<\/strong> y <strong>Pedro<\/strong> y ese encuentro fortuito en uno de nuestros rincones favoritos, El Rompido (Huelva).<\/p>\n<p>Al resto de familias que he ido conociendo a lo largo de los meses y con las que comparto maravillosos chats con sus alegr\u00edas, las m\u00e1s, y algunas preocupaciones, las menos.<\/p>\n<p>A dos de las profesionales que m\u00e1s queremos de Napsis, por vosotras, <strong>Ana<\/strong> (puro cari\u00f1o, entendimiento y cari\u00f1o) y <strong>Sara<\/strong> (gran profesional con un gran coraz\u00f3n). A vosotras y vuestro trabajo dedicaremos otra entrada al blog.<\/p>\n<p>A la &#8220;teacher&#8221; <strong>Alba<\/strong> por ayudarnos a cuidar de Candela en los peores momentos. !Lo superamos!<\/p>\n<p>Por \u00faltimo y seguro me dejo a muchos pero sois todos tan importantes, perdonadme&#8230;vuestros mensajes, vuestro inter\u00e9s por Alejo, eso es AMOR y lo dem\u00e1s son tonter\u00edas.<\/p>\n<p>A ti, <strong>In\u00e9s<\/strong>, gracias por animarme a escribir este blog, por apostar por nuestra historia y por emocionarte tanto como nosotros haciendo de la aventura con Alejito tambi\u00e9n tu historia. Te sentimos cerca.<\/p>\n<p>Y a ti lector, que no me conoces ni conoces a Alejo pero que estas semanas has entrado en mi blog para saber un poquito m\u00e1s de nuestra historia. <strong>!Te animo a que sigas ley\u00e9ndonos!<\/strong>GRACIAS de coraz\u00f3n.<\/p>\n<div id=\"attachment_31\" style=\"width: 330px\" class=\"wp-caption aligncenter\"><a href=\"\/los-ojos-de-alejo\/wp-content\/uploads\/sites\/64\/2017\/04\/FullSizeRender-4.jpg\"><img aria-describedby=\"caption-attachment-31\" loading=\"lazy\" class=\"size-full wp-image-31\" title=\"FullSizeRender-4\" src=\"\/los-ojos-de-alejo\/wp-content\/uploads\/sites\/64\/2017\/04\/FullSizeRender-4.jpg\" alt=\"\" width=\"320\" height=\"240\" srcset=\"https:\/\/static-blogs.larioja.com\/wp-content\/uploads\/sites\/64\/2017\/04\/FullSizeRender-4.jpg 320w, https:\/\/static-blogs.larioja.com\/wp-content\/uploads\/sites\/64\/2017\/04\/FullSizeRender-4-300x225.jpg 300w\" sizes=\"(max-width: 320px) 100vw, 320px\" \/><\/a><p id=\"caption-attachment-31\" class=\"wp-caption-text\">Alejo pensando<\/p><\/div>\n<p>&nbsp;<\/p>\n<p>&nbsp;<\/p>\n<p>&nbsp;<\/p>\n<p style=\"text-align: center;\">\u00a0<span style=\"text-decoration: underline;\"><a href=\"https:\/\/armoniarevolucionintegral.wordpress.com\/2012\/01\/11\/seamos-el-cambio-que-queremos-ver-en-el-mundo-mahandma-gandhi\/\">\u201cSeamos el cambio que queremos ver en el mundo\u201d Mahandma\u00a0Gandhi<\/a><\/span><\/p>\n<p>&nbsp;<\/p>\n<p style=\"text-align: center;\">\n","protected":false},"excerpt":{"rendered":"<p>&#8220;(&#8230;)\u2014Adi\u00f3s \u2014dijo el zorro\u2014. He aqu\u00ed mi secreto, que no puede ser m\u00e1s simple: s\u00f3lo con el coraz\u00f3n se puede ver bien; lo esencial es invisible para los ojos. \u2014Lo esencial es invisible para los ojos \u2014repiti\u00f3 el principito para acordarse. (&#8230;)&#8221; Fragmento de\u00a0\u201cEl principito\u201d.\u00a0Saint Exup\u00e8ry\u00a0 Despu\u00e9s de haber abierto en canal mi alma para [&hellip;]<\/p>\n","protected":false},"author":65,"featured_media":0,"comment_status":"open","ping_status":"closed","sticky":false,"template":"","format":"standard","meta":[],"categories":[5],"tags":[],"_links":{"self":[{"href":"https:\/\/blogs.larioja.com\/los-ojos-de-alejo\/wp-json\/wp\/v2\/posts\/24"}],"collection":[{"href":"https:\/\/blogs.larioja.com\/los-ojos-de-alejo\/wp-json\/wp\/v2\/posts"}],"about":[{"href":"https:\/\/blogs.larioja.com\/los-ojos-de-alejo\/wp-json\/wp\/v2\/types\/post"}],"author":[{"embeddable":true,"href":"https:\/\/blogs.larioja.com\/los-ojos-de-alejo\/wp-json\/wp\/v2\/users\/65"}],"replies":[{"embeddable":true,"href":"https:\/\/blogs.larioja.com\/los-ojos-de-alejo\/wp-json\/wp\/v2\/comments?post=24"}],"version-history":[{"count":0,"href":"https:\/\/blogs.larioja.com\/los-ojos-de-alejo\/wp-json\/wp\/v2\/posts\/24\/revisions"}],"wp:attachment":[{"href":"https:\/\/blogs.larioja.com\/los-ojos-de-alejo\/wp-json\/wp\/v2\/media?parent=24"}],"wp:term":[{"taxonomy":"category","embeddable":true,"href":"https:\/\/blogs.larioja.com\/los-ojos-de-alejo\/wp-json\/wp\/v2\/categories?post=24"},{"taxonomy":"post_tag","embeddable":true,"href":"https:\/\/blogs.larioja.com\/los-ojos-de-alejo\/wp-json\/wp\/v2\/tags?post=24"}],"curies":[{"name":"wp","href":"https:\/\/api.w.org\/{rel}","templated":true}]}}