{"id":1079,"date":"2024-01-12T19:40:02","date_gmt":"2024-01-12T18:40:02","guid":{"rendered":"https:\/\/blogs.larioja.com\/material-escolar\/?p=1079"},"modified":"2024-01-12T19:40:02","modified_gmt":"2024-01-12T18:40:02","slug":"solo-para-sus-ojos","status":"publish","type":"post","link":"https:\/\/blogs.larioja.com\/material-escolar\/2024\/01\/12\/solo-para-sus-ojos\/","title":{"rendered":"S\u00f3lo para sus ojos"},"content":{"rendered":"<p style=\"font-weight: 400;\">Precisamente hoy es su d\u00eda: el del hombre que ten\u00eda m\u00e1s ojos que d\u00edas tiene el a\u00f1o. \u00abEsta ma\u00f1ana he visto al hombre que tiene m\u00e1s ojos que d\u00edas tiene el a\u00f1o\u00bb, me contaba de ni\u00f1o mi abuela, tal d\u00eda como hoy, 31 de diciembre. Y yo sal\u00eda disparado a la calle, a buscarlo, a ese hombre. Miraba a la cara a todo el mundo que pasaba, pero nadie ten\u00eda m\u00e1s de dos ojos; como mucho cuatro contando las gafas: un \u201ccuatrojos\u201d, que nos llamaban. Porque yo era, de hecho, uno de ellos, un \u201ccuatrojos\u201d m\u00e1s, con mis gafas encajadas desde los cinco o seis a\u00f1os. Pero buscando al hombre con m\u00e1s ojos que d\u00edas el a\u00f1o, de momento era yo el que con cien, con cien ojos o mil, lo buscaba. Pasaba, as\u00ed de \u201ccuatrojos\u201d a \u201ccienojos\u201d o a \u201cmilojos\u201d. Era aquel personaje, creado por la agudeza inventiva, por una suerte de genio de la adivinanza, una de las criaturas m\u00edticas de mi infancia. Un ser fabuloso, que habitaba en la ciudadela y s\u00f3lo se dejaba ver (\u00e9l, que deb\u00eda ser verlo todo, todo a la vez y en todas partes) un d\u00eda al a\u00f1o. Lo imaginaba y buscaba fin de a\u00f1o tras fin de a\u00f1o sin nunca encontrarlo. Luego, a lo largo del a\u00f1o, no era raro que d\u00eda a d\u00eda, en mi imaginaci\u00f3n, fuera sum\u00e1ndole un ojo al hombre. \u00bfD\u00f3nde le cabr\u00edan en el cuerpo los m\u00e1s de 365 ojos? Ni en el cine hab\u00eda visto yo nada parecido. Muy al contrario, eran los polifemos de los viajes de Simbad o los de Ulises, en las pel\u00edculas del colegio o de los programas dobles. Dobles como un par de ojos. El cine, la pantalla, la oscuridad s\u00ed que me multiplicaban los ojos, y as\u00ed se me quedaron. El cine me trasplant\u00f3 luego muchos ojos, a trav\u00e9s de los cuales agudic\u00e9 la mirada: los de Bette Davis, los de Ana Torrent, los de Kim Novak en <em>V\u00e9rtigo<\/em>, el de <em>El perro andaluz<\/em>, los ojos misteriosos de Londres, los de la novia de Frankenstein, los abiertos a la vez que semicerrados de Kubrick. Los del hombre con Rayos X en los ojos. Eso: el cine te graduaba para ver por fuera y por dentro. Unos Rayos \u201cX\u201d antes que <em>twitter<\/em>. \u00a0El caso es que, pel\u00edcula a pel\u00edcula, ibas sumando y te pod\u00edan salir m\u00e1s ojos que los del hombre que ten\u00eda m\u00e1s ojos que d\u00edas el a\u00f1o. Pero yo, ya digo, me pasaba ese \u00faltimo d\u00eda de diciembre persiguiendo al hombre de la polivisi\u00f3n. \u00a1Ah!, otra \u00f3ptica similar era la del hombre-mosca, tambi\u00e9n descubierto por m\u00ed en el cinemat\u00f3grafo, como tantas creaturas. \u00a1Claro!, ser\u00eda como un hombre-mosca, con miles de ojos diminutos y hexagonales, capaces de mirar todo alrededor. Sin saberlo, estaba buscando al hombre-mosca, dotado para mirarlo todo en la periferia. Y no s\u00f3lo mirar, porque hay en esta mirada de mosca una habilidad que resulta fundamental para abordar cada d\u00eda del a\u00f1o, cada a\u00f1o que vivimos \u2013sin excepci\u00f3n\u2013 peligrosamente. Porque es una mirada moderna, casi posmoderna, se podr\u00eda decir, la de la mosca: ve en mosaico, en puzzle. Es una mirada global, que puede detectar hasta los movimientos m\u00e1s r\u00e1pidos de las cosas o de las figuras y abarca los 360\u00ba del campo de visi\u00f3n. Pero sobre todo, esa mosca que tiene m\u00e1s ojos que a\u00f1os un siglo, advierte de cualquier peligro o amenaza que le circunda y es capaz de lograr una percepci\u00f3n lenta del transcurso del tiempo. No menos de todos esos ojos, m\u00e1s de uno d\u00eda por d\u00eda \u2013un calendario s\u00f3lo para los ojos\u2013 nos hacen falta para contemplar lo que va sucediendo en tiempo real y en tiempo pasado. Me pregunto ahora, con una vista algo cansada, si aquel hombre con tantos ojos, en los bisiestos llevar\u00eda unas bifocales.<\/p>\n<p style=\"font-weight: 400;\">Feliz 2024 de 366 d\u00edas les desea un ojo&#8230; de buey.<\/p>\n","protected":false},"excerpt":{"rendered":"<p>Precisamente hoy es su d\u00eda: el del hombre que ten\u00eda m\u00e1s ojos que d\u00edas tiene el a\u00f1o. \u00abEsta ma\u00f1ana he visto al hombre que tiene m\u00e1s ojos que d\u00edas tiene el a\u00f1o\u00bb, me contaba de ni\u00f1o mi abuela, tal d\u00eda como hoy, 31 de diciembre. Y yo sal\u00eda disparado a la calle, a buscarlo, a [&hellip;]<\/p>\n","protected":false},"author":60,"featured_media":0,"comment_status":"open","ping_status":"closed","sticky":false,"template":"","format":"standard","meta":[],"categories":[1],"tags":[],"_links":{"self":[{"href":"https:\/\/blogs.larioja.com\/material-escolar\/wp-json\/wp\/v2\/posts\/1079"}],"collection":[{"href":"https:\/\/blogs.larioja.com\/material-escolar\/wp-json\/wp\/v2\/posts"}],"about":[{"href":"https:\/\/blogs.larioja.com\/material-escolar\/wp-json\/wp\/v2\/types\/post"}],"author":[{"embeddable":true,"href":"https:\/\/blogs.larioja.com\/material-escolar\/wp-json\/wp\/v2\/users\/60"}],"replies":[{"embeddable":true,"href":"https:\/\/blogs.larioja.com\/material-escolar\/wp-json\/wp\/v2\/comments?post=1079"}],"version-history":[{"count":1,"href":"https:\/\/blogs.larioja.com\/material-escolar\/wp-json\/wp\/v2\/posts\/1079\/revisions"}],"predecessor-version":[{"id":1080,"href":"https:\/\/blogs.larioja.com\/material-escolar\/wp-json\/wp\/v2\/posts\/1079\/revisions\/1080"}],"wp:attachment":[{"href":"https:\/\/blogs.larioja.com\/material-escolar\/wp-json\/wp\/v2\/media?parent=1079"}],"wp:term":[{"taxonomy":"category","embeddable":true,"href":"https:\/\/blogs.larioja.com\/material-escolar\/wp-json\/wp\/v2\/categories?post=1079"},{"taxonomy":"post_tag","embeddable":true,"href":"https:\/\/blogs.larioja.com\/material-escolar\/wp-json\/wp\/v2\/tags?post=1079"}],"curies":[{"name":"wp","href":"https:\/\/api.w.org\/{rel}","templated":true}]}}