{"id":1238,"date":"2025-04-28T11:58:58","date_gmt":"2025-04-28T09:58:58","guid":{"rendered":"https:\/\/blogs.larioja.com\/material-escolar\/?p=1238"},"modified":"2025-04-28T11:58:58","modified_gmt":"2025-04-28T09:58:58","slug":"una-orquidea-a-la-luz-de-la-luna","status":"publish","type":"post","link":"https:\/\/blogs.larioja.com\/material-escolar\/2025\/04\/28\/una-orquidea-a-la-luz-de-la-luna\/","title":{"rendered":"Una orqu\u00eddea a la luz de la luna"},"content":{"rendered":"<p>El mi\u00e9rcoles, en el Teatro Espa\u00f1ol (el de la Plaza de Santa Ana de Madrid y el teatro espa\u00f1ol en general), coincidieron espiritualmente y en un mismo escenario dos capillas ardientes, la de Marisa Paredes por la ma\u00f1ana y la de Max Estrella, que hasta la tarde del domingo 15 hab\u00eda presidido el coliseo. Ambas capillas hasta la bandera. Unidos los f\u00e9retros, formaron ese d\u00eda un arco muy grande del arte dram\u00e1tico en nuestra Espa\u00f1a, cuyos asuntos esenciales nos siguen resultando reconocibles en el solar que alumbrara Valle-Incl\u00e1n en sus luces de la bohemia negra; resumido en el Madrid hambriento, absurdo, brillante y austriaco en que sintetizara el drama. Marisa Paredes hab\u00eda nacido en 1946, justo en la resaca de aquel Madrid. A mayor precisi\u00f3n, en la propia Plaza de Santa Ana, y por tanto, muy cerca del Callej\u00f3n del Gato, el de los espejos deformantes, en el cual se sigue reflejando nuestra realidad, pertinazmente esperp\u00e9ntica. Su madre, do\u00f1a Petra, portera de una casa de la plaza, pod\u00eda haber sido perfectamente vecina de Madame Collet y de Claudinita. O de la hija de la portera, que es otro personaje de la funci\u00f3n, la que todos los d\u00edas le pregunta al librero Zaratrusta si ha salido la \u00faltima entrega de <em>La hija del difunto<\/em>, follet\u00edn. Y est\u00e1, claro, la madre de esta chica, la portera titular, la <em>se\u00f1\u00e1 <\/em>Flora, asombrada \u2013el d\u00eda en que Max muere (o no, seg\u00fan el galeno alem\u00e1n, que no encuentra corroboraci\u00f3n cient\u00edfica de la defunci\u00f3n)\u2013 de lo que \u201crepresentaba el finado\u201d, pues en la calle \u201c\u00a1Hay bombines y javicques y un coche de galones!\u201d. Como este mi\u00e9rcoles ciudadanos de a pie, colegas, prensa, amigos y poblaci\u00f3n de Santa Ana. No faltar\u00eda ni Basilio Soulinake, tom\u00e1ndose una doble en la Alemana. Y es que representaba mucho la Paredes. En los teatros, en las pantallas, en la memoria. Y pareci\u00f3 como que hubiera querido levantar acta de todo, o \u00faltima voluntad, en los cuadros de las <em>Luces de Bohemia<\/em> que a lleno diario (de espectadores y emoci\u00f3n) han petado durante dos meses el aforo del Espa\u00f1ol, que es mucho teatro, pues se enclava en el kil\u00f3metro cero de muchas cosas: del teatro, de la Plaza, de Madrid y de Espa\u00f1a. El domingo hab\u00eda ido a ver la funci\u00f3n. La \u00faltima de <em>Luces de Bohemia<\/em>, que tambi\u00e9n result\u00f3 ser la \u00faltima suya. En ella sal\u00eda su hija, la hija de la hija de la portera. Mar\u00eda Isasi, hija de Marisa y del director de cine Antonio-Isasi, es en este turno de <em>Luces \u201c<\/em>la Pisabien\u201d, otra del barrio, que en tiempos pod\u00eda haberse cruzado con la <em>se\u00f1\u00e1<\/em> Petra, su abuela real. Las acotaciones que Valle le dedicaba a Enriqueta \u201cLa Pisabien\u201d la pintaban como: \u201cuna mozuela golfa, revenida de un ojo, periodista y florista, adornada de peines gitanos y materializada bajo la luz de un farol\u201d. Seres, figuras, como la de Marisa Paredes son precisamente las que crecieron materializadas bajo los faroles, candilejas y focos de los escenarios. Yo, de hecho, hablando de alumbramientos, la primera vez que la vi sobre un escenario fue en 1988, en el Mar\u00eda Guerrero \u2013templo hermano\u2013, en <em>Orqu\u00eddeas a la luz de la luna<\/em>, en la que materializaba a otro ser creado por el haz de luz del cinema, a Mar\u00eda F\u00e9lix. Pero que tambi\u00e9n pod\u00eda ser Norma Desmond. El domingo hab\u00eda acudido Marisa al cobijo de ese farol del Espa\u00f1ol, de la l\u00e1mpara maravillosa de Valle y de Santa Ana: su patria. A ver a su hija. La Pisabien, por cierto, vend\u00eda tambi\u00e9n loter\u00eda: el n\u00famero 5775, que igual a estas horas ya est\u00e1 tocando. Y estoy viendo el f\u00e9retro de Max Estrella en la escena decimotercera de <em>Luces<\/em>. Y a una Compa\u00f1\u00eda velando a Max Estrella y a la luminaria de la madre de la Pisabien. Marisa Paredes, ahora que la pienso, tambi\u00e9n hubiera sido una formidable Max Estrella: su cabellera larga y cenicienta, su sabidur\u00eda, su verbo, su fuerza, su modernidad, su cr\u00e1neo privilegiado. Comenzaba Marisa ensayos de una nueva funci\u00f3n. Trataba de ella misma, a trav\u00e9s de los personajes que la hab\u00edan conformado dentro y fuera de la escena. Se titulaba <em>Cargada de futuro<\/em>. Y as\u00ed es como permanecer\u00e1n su persona y profesi\u00f3n. Como una orqu\u00eddea perenne, a la luz de la luna. De Lorca, de Valle, de Shakespeare\u2026<\/p>\n","protected":false},"excerpt":{"rendered":"<p>El mi\u00e9rcoles, en el Teatro Espa\u00f1ol (el de la Plaza de Santa Ana de Madrid y el teatro espa\u00f1ol en general), coincidieron espiritualmente y en un mismo escenario dos capillas ardientes, la de Marisa Paredes por la ma\u00f1ana y la de Max Estrella, que hasta la tarde del domingo 15 hab\u00eda presidido el coliseo. Ambas [&hellip;]<\/p>\n","protected":false},"author":60,"featured_media":0,"comment_status":"open","ping_status":"closed","sticky":false,"template":"","format":"standard","meta":[],"categories":[1],"tags":[],"_links":{"self":[{"href":"https:\/\/blogs.larioja.com\/material-escolar\/wp-json\/wp\/v2\/posts\/1238"}],"collection":[{"href":"https:\/\/blogs.larioja.com\/material-escolar\/wp-json\/wp\/v2\/posts"}],"about":[{"href":"https:\/\/blogs.larioja.com\/material-escolar\/wp-json\/wp\/v2\/types\/post"}],"author":[{"embeddable":true,"href":"https:\/\/blogs.larioja.com\/material-escolar\/wp-json\/wp\/v2\/users\/60"}],"replies":[{"embeddable":true,"href":"https:\/\/blogs.larioja.com\/material-escolar\/wp-json\/wp\/v2\/comments?post=1238"}],"version-history":[{"count":1,"href":"https:\/\/blogs.larioja.com\/material-escolar\/wp-json\/wp\/v2\/posts\/1238\/revisions"}],"predecessor-version":[{"id":1239,"href":"https:\/\/blogs.larioja.com\/material-escolar\/wp-json\/wp\/v2\/posts\/1238\/revisions\/1239"}],"wp:attachment":[{"href":"https:\/\/blogs.larioja.com\/material-escolar\/wp-json\/wp\/v2\/media?parent=1238"}],"wp:term":[{"taxonomy":"category","embeddable":true,"href":"https:\/\/blogs.larioja.com\/material-escolar\/wp-json\/wp\/v2\/categories?post=1238"},{"taxonomy":"post_tag","embeddable":true,"href":"https:\/\/blogs.larioja.com\/material-escolar\/wp-json\/wp\/v2\/tags?post=1238"}],"curies":[{"name":"wp","href":"https:\/\/api.w.org\/{rel}","templated":true}]}}