{"id":124,"date":"2008-11-08T20:04:25","date_gmt":"2008-11-08T20:04:25","guid":{"rendered":"http:\/\/blogs.larioja.com\/metalpesado\/?p=124"},"modified":"2025-09-10T17:38:28","modified_gmt":"2025-09-10T15:38:28","slug":"sabado-eres-especial","status":"publish","type":"post","link":"https:\/\/blogs.larioja.com\/metalpesado\/sabado-eres-especial\/","title":{"rendered":"SABADO ERES ESPECIAL"},"content":{"rendered":"<p>Laura y Kike &#8211; desde aqu\u00ed os mando un fuerte abrazo &#8211; me han hecho recordar durante esta \u00faltima semana lo emotivo y especial que fue para mi el homenaje al grupo Excalibur celebrado el pasado mes de Julio en Autol. Un escalofr\u00edo me recorre la espina dorsal cuando vuelvo a ver las imagenes de aquel memorable concierto. Dios m\u00edo! que grande fue aquella noche y que dif\u00edcil de olvidar. No me tomeis a mal que repita aqu\u00ed el video casero que grab\u00e9 con el m\u00f3vil, pero es que no me puedo aguantar, jaja!<\/p>\n<p>\u00a1Larga vida a Excalibur!<\/p>\n<p><center><object style=\"border: 0pt none ; margin: 0pt; background: transparent none repeat scroll 0% 0%; -moz-background-clip: -moz-initial; -moz-background-origin: -moz-initial; -moz-background-inline-policy: -moz-initial;\" width=\"425\" height=\"344\"><param name=\"movie\" value=\"http:\/\/www.youtube.com\/v\/R1IkQEBcGuM&#038;hl=es&#038;fs=1\"\/><param name=\"allowFullScreen\" value=\"true\"\/><param name=\"allowscriptaccess\" value=\"always\"\/><embed src=\"\/\/www.youtube.com\/v\/R1IkQEBcGuM&#038;hl=es&#038;fs=1\" type=\"application\/x-shockwave-flash\" allowscriptaccess=\"always\" allowfullscreen=\"true\" width=\"425\" height=\"344\"\/><\/object><\/center><\/p>\n","protected":false},"excerpt":{"rendered":"<p>Laura y Kike &#8211; desde aqu\u00ed os mando un fuerte abrazo &#8211; me han hecho recordar durante esta \u00faltima semana lo emotivo y especial que fue para mi el homenaje al grupo Excalibur celebrado el pasado mes de Julio en Autol. Un escalofr\u00edo me recorre la espina dorsal cuando vuelvo a ver las imagenes de [&hellip;]<\/p>\n","protected":false},"author":12,"featured_media":0,"comment_status":"open","ping_status":"closed","sticky":false,"template":"","format":"standard","meta":[],"categories":[4],"tags":[744],"_links":{"self":[{"href":"https:\/\/blogs.larioja.com\/metalpesado\/wp-json\/wp\/v2\/posts\/124"}],"collection":[{"href":"https:\/\/blogs.larioja.com\/metalpesado\/wp-json\/wp\/v2\/posts"}],"about":[{"href":"https:\/\/blogs.larioja.com\/metalpesado\/wp-json\/wp\/v2\/types\/post"}],"author":[{"embeddable":true,"href":"https:\/\/blogs.larioja.com\/metalpesado\/wp-json\/wp\/v2\/users\/12"}],"replies":[{"embeddable":true,"href":"https:\/\/blogs.larioja.com\/metalpesado\/wp-json\/wp\/v2\/comments?post=124"}],"version-history":[{"count":1,"href":"https:\/\/blogs.larioja.com\/metalpesado\/wp-json\/wp\/v2\/posts\/124\/revisions"}],"predecessor-version":[{"id":3722,"href":"https:\/\/blogs.larioja.com\/metalpesado\/wp-json\/wp\/v2\/posts\/124\/revisions\/3722"}],"wp:attachment":[{"href":"https:\/\/blogs.larioja.com\/metalpesado\/wp-json\/wp\/v2\/media?parent=124"}],"wp:term":[{"taxonomy":"category","embeddable":true,"href":"https:\/\/blogs.larioja.com\/metalpesado\/wp-json\/wp\/v2\/categories?post=124"},{"taxonomy":"post_tag","embeddable":true,"href":"https:\/\/blogs.larioja.com\/metalpesado\/wp-json\/wp\/v2\/tags?post=124"}],"curies":[{"name":"wp","href":"https:\/\/api.w.org\/{rel}","templated":true}]}}