{"id":132,"date":"2008-11-18T19:50:22","date_gmt":"2008-11-18T19:50:22","guid":{"rendered":"http:\/\/blogs.larioja.com\/metalpesado\/?p=132"},"modified":"2025-09-10T17:38:23","modified_gmt":"2025-09-10T15:38:23","slug":"los-innombrables","status":"publish","type":"post","link":"https:\/\/blogs.larioja.com\/metalpesado\/los-innombrables\/","title":{"rendered":"LOS INNOMBRABLES"},"content":{"rendered":"<p><img class=\"imgcen\" id=\"img_0\" src=\"\/\/es.geocities.com\/panzer_rock\/varios\/logo2.jpg\"\/>\u00a1Menudo notici\u00f3n! hace unos instantes nos enter\u00e1bamos, gracias al periodista E. Pascual, que los m\u00edticos, geniales e indestructibles <strong>PANZER<\/strong> visitar\u00e1n la Sala Biribay Jazz Club de Logro\u00f1o el pr\u00f3ximo 6 de Marzo para ofrecernos su impresionante y emotivo directo. Su concierto ser\u00e1 a buen seguro una noche inolvidable para ser recordada durante largo tiempo. Mientras tanto gocemos con el siguiente aperitivo:<\/p>\n<p><em>Panzer &#8220;Perro viejo&#8221;<\/em><\/p>\n<p> <center> <object style=\"border: 0pt none ; margin: 0pt; background: transparent none repeat scroll 0% 0%; -moz-background-clip: -moz-initial; -moz-background-origin: -moz-initial; -moz-background-inline-policy: -moz-initial;\" width=\"425\" height=\"344\"><param name=\"movie\" value=\"http:\/\/www.youtube.com\/v\/Nq4Sr1GKPuE&#038;hl=es&#038;fs=1\"\/><param name=\"allowFullScreen\" value=\"true\"\/><param name=\"allowscriptaccess\" value=\"always\"\/><embed src=\"\/\/www.youtube.com\/v\/Nq4Sr1GKPuE&#038;hl=es&#038;fs=1\" type=\"application\/x-shockwave-flash\" allowscriptaccess=\"always\" allowfullscreen=\"true\" width=\"425\" height=\"344\"\/><\/object><\/center><br \/>\n<em>Panzer &#8220;Toca madera&#8221; <\/em><\/p>\n<p> <center> <object style=\"border: 0pt none ; margin: 0pt; background: transparent none repeat scroll 0% 0%; -moz-background-clip: -moz-initial; -moz-background-origin: -moz-initial; -moz-background-inline-policy: -moz-initial;\" width=\"425\" height=\"344\"><param name=\"movie\" value=\"http:\/\/www.youtube.com\/v\/HihIB6V5aoY&#038;hl=es&#038;fs=1\"\/><param name=\"allowFullScreen\" value=\"true\"\/><param name=\"allowscriptaccess\" value=\"always\"\/><embed src=\"\/\/www.youtube.com\/v\/HihIB6V5aoY&#038;hl=es&#038;fs=1\" type=\"application\/x-shockwave-flash\" allowscriptaccess=\"always\" allowfullscreen=\"true\" width=\"425\" height=\"344\"\/><\/object><br \/>\n<\/center><\/p>\n<p style=\"margin: 0cm 0cm 0pt; text-align: justify;\"><font size=\"3\"><\/font><font face=\"Times New Roman\"><strong>PANZER<\/strong> fue un <st1:personname w:st=\"on\" productid=\"grupo de\">grupo de<\/st1:personname> heavy rock surgido en los despachos, concretamente en el del conocido manager Javier G\u00e1lvez de Madrid donde se dio cita la primera formaci\u00f3n de la m\u00edtica banda, compuesta por cinco excelentes m\u00fasicos.<\/p>\n<p style=\"margin: 0cm 0cm 0pt; text-align: justify;\"><o:p><font size=\"3\" face=\"Times New Roman\"><\/font><\/o:p><\/p>\n<p style=\"margin: 0cm 0cm 0pt; text-align: justify;\"><font size=\"3\" face=\"Times New Roman\">Ser\u00edan <st1:personname w:st=\"on\" productid=\"Rafael Ramos\">Rafael Ramos<\/st1:personname> (bater\u00eda), y Carlos Pina (vocalista), procedentes del grupo Magerit, los que llamar\u00edan al bajista Fernando D\u00edaz-Vald\u00e9s del grupo Trilog\u00eda para intentar esta nueva aventura musical para la que adem\u00e1s contaban con el teclista Jos\u00e9 Segura tambi\u00e9n procedente de Magerit y el guitarrista Juan Leal, anteriormente con Paracelso.<\/p>\n<p style=\"margin: 0cm 0cm 0pt; text-align: justify;\"><o:p><font size=\"3\" face=\"Times New Roman\"><\/font><\/o:p><\/p>\n<p style=\"margin: 0cm 0cm 0pt; text-align: justify;\"><font size=\"3\" face=\"Times New Roman\">El grupo se form\u00f3 en mayo de 1.981 y ya en Octubre de ese mismo a\u00f1o ganaban el primer premio del Primer Festiva de Rock del Barrio de San Blas (Madrid), certamen en el que concursaban otros treinta grupos mas. Es este momento en el que Luis Soler, debutando como productor, junto con Michel, mitad manager, mitad fot\u00f3grafo, preparan el lanzamiento del grupo.<\/p>\n<p style=\"margin: 0cm 0cm 0pt; text-align: justify;\"><o:p><font size=\"3\" face=\"Times New Roman\"><\/font><\/o:p><\/p>\n<p style=\"margin: 0cm 0cm 0pt; text-align: justify;\"><font size=\"3\" face=\"Times New Roman\">En marzo de 1983 el grupo, con su formaci\u00f3n inicial graba su primer Lp, &#8220;Al pie del ca\u00f1\u00f3n&#8221;, el disco es cortado en Londres y la banda sube disparada a la cabecera de los grupos de heavy rock espa\u00f1oles. El tema &#8220;Perro viejo&#8221; se convierte en uno de los himnos oficiales del rock nacional.<\/p>\n<p style=\"margin: 0cm 0cm 0pt; text-align: justify;\"><o:p><font size=\"3\" face=\"Times New Roman\"><\/font><\/o:p><\/p>\n<p style=\"margin: 0cm 0cm 0pt; text-align: justify;\"><font size=\"3\"><\/font><font face=\"Times New Roman\">En el segundo disco del grupo &#8220;S\u00e1lvese quien pueda&#8221; se prescinde de los teclados y se da entrada al joven guitarrista Suso (Jes\u00fas D\u00edaz), el grupo se consolida con este trabajo, bien acogido por p\u00fablico y cr\u00edtica. Se trajo de Londres al ingeniero Bob Broglia y adem\u00e1s se puso a la venta en Inglaterra gracias a <st1:personname w:st=\"on\" productid=\"la compa\u00f1\u00eda Mousoleum\">la compa\u00f1\u00eda Mousoleum<\/st1:personname> de B\u00e9lgica, haciendo lo propio con los discos Metalmorfosis de Bar\u00f3n Rojo y El que m\u00e1s de Ob\u00fas.<o:p><\/o:p><\/p>\n<p style=\"margin: 0cm 0cm 0pt; text-align: justify;\"><font size=\"3\" face=\"Times New Roman\">Con &#8220;Galones de pl\u00e1stico, escrita por el poeta underground Jaime Noguerol y la balada &#8220;Junto a ti&#8221; el grupo adquiri\u00f3 una gran personalidad.<\/p>\n<p style=\"margin: 0cm 0cm 0pt; text-align: justify;\"><o:p><font size=\"3\" face=\"Times New Roman\"><\/font><\/o:p><\/p>\n<p style=\"margin: 0cm 0cm 0pt; text-align: justify;\"><font size=\"3\"><\/font><font face=\"Times New Roman\">Para la grabaci\u00f3n en los Mediterr\u00e1neo Studios de Ibiza del disco &#8220;Toca madera&#8221; (1985), el grupo se queda en un cuarteto a marcharse el guitarrista Juan Leal, se graba el disco tan solo en una semana y cuenta con la la participaci\u00f3n del ingeniero americano Denis Herman.<o:p><\/o:p><\/p>\n<p style=\"margin: 0cm 0cm 0pt; text-align: justify;\">\n<p style=\"margin-top: 0pt; margin-bottom: 0pt; line-height: 100%;\" align=\"justify\">\n<p style=\"margin-top: 0pt; margin-bottom: 0pt; line-height: 100%;\" align=\"justify\"><img loading=\"lazy\" id=\"img_0\" src=\"\/\/es.geocities.com\/panzer_rock\/fotos\/promo_salvese.jpg\" width=\"567\" height=\"378\"\/>  <\/p>\n<p style=\"margin-top: 0pt; margin-bottom: 0pt; line-height: 100%;\" align=\"justify\">\n<p style=\"margin: 0cm 0cm 0pt; text-align: justify;\"><font size=\"3\" face=\"Times New Roman\">Se intercal\u00f3 la grabaci\u00f3n del disco con dos actuaciones en directo en la isla de Ibiza, una en la celebraci\u00f3n del d\u00eda del Pilar en el Cuartel de <st1:personname w:st=\"on\" productid=\"la Guardia Civil\">la Guardia Civil<\/st1:personname> y la otra en el club Las Dalias de San Carlos donde se aprovech\u00f3 para grabar algunos temas en vivo en previsi\u00f3n de alg\u00fan futuro material discogr\u00e1fico.<\/p>\n<p style=\"margin: 0cm 0cm 0pt; text-align: justify;\"><o:p><font size=\"3\" face=\"Times New Roman\"><\/font><\/o:p><\/p>\n<p style=\"margin: 0cm 0cm 0pt; text-align: justify;\"><font size=\"3\" face=\"Times New Roman\">No se puede por menos que comentar que en la portada del disco apareci\u00f3 un personaje m\u00edtico para los metaleros madrile\u00f1os, la abuela \u00c1ngeles. La canci\u00f3n que daba t\u00edtulo al disco &#8220;Toca madera&#8221; cont\u00f3 con la colaboraci\u00f3n del conocido locutor de radio <st1:personname w:st=\"on\" productid=\"Juan Pablo Ord\u00fa\u00f1ez\">Juan Pablo Ord\u00fa\u00f1ez<\/st1:personname> &#8220;El pirata&#8221;.<\/p>\n<p style=\"margin: 0cm 0cm 0pt; text-align: justify;\"><o:p><font size=\"3\" face=\"Times New Roman\"><\/font><\/o:p><\/p>\n<p style=\"margin: 0cm 0cm 0pt; text-align: justify;\"><font size=\"3\" face=\"Times New Roman\">La formaci\u00f3n del disco anterior variar\u00eda tambi\u00e9n para su cuarto y \u00faltimo disco de estudio &#8220;Caballeros de sangre&#8221; (1.986) en el que se har\u00eda cargo de <st1:personname w:st=\"on\" productid=\"la guitarra Jos\u00e9 Antonio\">la guitarra Jos\u00e9 Antonio<\/st1:personname> Casal al marcharse Suso a la mili.<\/p>\n<p style=\"margin: 0cm 0cm 0pt; text-align: justify;\"><o:p><font size=\"3\" face=\"Times New Roman\"><\/font><\/o:p><\/p>\n<p style=\"margin: 0cm 0cm 0pt; text-align: justify;\"><font size=\"3\"><\/font><font face=\"Times New Roman\">Fueron multitud los conciertos del grupo a lo largo de toda la geograf\u00eda, sin embargo, uno de los mas emblem\u00e1ticos ser\u00eda el celebrado en mayo del 83 en Madrid, concretamente en la explanada del diario Pueblo donde se reunieron mas de dos mil personas tanto en la citada explanada como en los tejados de las viviendas colindantes, convirtiendo este concierto en todo un acontecimiento para p\u00fablico y grupo. <o:p><\/o:p><\/p>\n<p style=\"margin-top: 0pt; margin-bottom: 0pt; line-height: 100%;\" align=\"justify\"><em>Biograf\u00eda extra\u00edda de <a id=\"link_0\" title=\"http:\/\/es.geocities.com\/panzer_rock\/biografia.htm\" href=\"http:\/\/es.geocities.com\/panzer_rock\/biografia.htm\">PanzerRock <\/a><\/em><\/p>\n<p><\/font><\/p>\n<p><\/font><\/p>\n<p><\/font><\/p>\n<p><\/font><\/p>\n<p><\/font><\/p>\n<p><\/font><\/p>\n<p><\/font><\/p>\n<p><\/font><\/p>\n<p><\/font><\/p>\n<p><\/font><\/p>\n<p><\/font><\/p>\n","protected":false},"excerpt":{"rendered":"<p>\u00a1Menudo notici\u00f3n! hace unos instantes nos enter\u00e1bamos, gracias al periodista E. Pascual, que los m\u00edticos, geniales e indestructibles PANZER visitar\u00e1n la Sala Biribay Jazz Club de Logro\u00f1o el pr\u00f3ximo 6 de Marzo para ofrecernos su impresionante y emotivo directo. Su concierto ser\u00e1 a buen seguro una noche inolvidable para ser recordada durante largo tiempo. Mientras [&hellip;]<\/p>\n","protected":false},"author":12,"featured_media":0,"comment_status":"open","ping_status":"closed","sticky":false,"template":"","format":"standard","meta":[],"categories":[4],"tags":[1614],"_links":{"self":[{"href":"https:\/\/blogs.larioja.com\/metalpesado\/wp-json\/wp\/v2\/posts\/132"}],"collection":[{"href":"https:\/\/blogs.larioja.com\/metalpesado\/wp-json\/wp\/v2\/posts"}],"about":[{"href":"https:\/\/blogs.larioja.com\/metalpesado\/wp-json\/wp\/v2\/types\/post"}],"author":[{"embeddable":true,"href":"https:\/\/blogs.larioja.com\/metalpesado\/wp-json\/wp\/v2\/users\/12"}],"replies":[{"embeddable":true,"href":"https:\/\/blogs.larioja.com\/metalpesado\/wp-json\/wp\/v2\/comments?post=132"}],"version-history":[{"count":1,"href":"https:\/\/blogs.larioja.com\/metalpesado\/wp-json\/wp\/v2\/posts\/132\/revisions"}],"predecessor-version":[{"id":3715,"href":"https:\/\/blogs.larioja.com\/metalpesado\/wp-json\/wp\/v2\/posts\/132\/revisions\/3715"}],"wp:attachment":[{"href":"https:\/\/blogs.larioja.com\/metalpesado\/wp-json\/wp\/v2\/media?parent=132"}],"wp:term":[{"taxonomy":"category","embeddable":true,"href":"https:\/\/blogs.larioja.com\/metalpesado\/wp-json\/wp\/v2\/categories?post=132"},{"taxonomy":"post_tag","embeddable":true,"href":"https:\/\/blogs.larioja.com\/metalpesado\/wp-json\/wp\/v2\/tags?post=132"}],"curies":[{"name":"wp","href":"https:\/\/api.w.org\/{rel}","templated":true}]}}