{"id":139,"date":"2008-11-25T09:56:16","date_gmt":"2008-11-25T09:56:16","guid":{"rendered":"http:\/\/blogs.larioja.com\/metalpesado\/?p=139"},"modified":"2025-09-10T17:38:21","modified_gmt":"2025-09-10T15:38:21","slug":"maneras-incordiar","status":"publish","type":"post","link":"https:\/\/blogs.larioja.com\/metalpesado\/maneras-incordiar\/","title":{"rendered":"MANERAS DE INCORDIAR"},"content":{"rendered":"<p>< ?xml:namespace prefix = o \/><o:smarttagtype name=\"PersonName\" namespaceuri=\"urn:schemas-microsoft-com:office:smarttags\"><\/o:smarttagtype> <object id=ieooui  classid=clsid:38481807-CA0E-42D2-BF39-B33AF135CC4D><\/object> <\/p>\n<style> st1\\:*{behavior:url(#ieooui) } <\/style>\n<style> <!--  \/* Style Definitions *\/  p.MsoNormal, li.MsoNormal, div.MsoNormal {mso-style-parent:\"\"; margin:0cm; margin-bottom:.0001pt; mso-pagination:widow-orphan; font-size:12.0pt; font-family:\"Times New Roman\"; mso-fareast-font-family:\"Times New Roman\";} @page Section1 {size:595.3pt 841.9pt; margin:70.85pt 3.0cm 70.85pt 3.0cm; mso-header-margin:35.4pt; mso-footer-margin:35.4pt; mso-paper-source:0;} div.Section1 {page:Section1;} --> <\/style>\n<p class=MsoNormal style=\"TEXT-ALIGN: justify\">Poco m\u00e1s os puedo contar que no se haya dicho ya sobre este homenaje a <strong>Rosendo <\/strong>que se est\u00e1 preparando aqu\u00ed en Logro\u00f1o y que ha contado con la participaci\u00f3n de 30 bandas riojanas. Conociendo a la gente que est\u00e1 metida en este proyecto, no me cabe la menor duda que todo va a salir perfectamente y que el resultado ser\u00e1 asombroso, eso seguro. Solamente recordaros que la presentaci\u00f3n de este trabajo tendr\u00e1 lugar el pr\u00f3ximo 20 de Diciembre con diversos actos programados durante la jornada y el fin de fiesta en < ?xml:namespace prefix = st1 \/><st1:personname w:st=\"on\" productid=\"la Sala Biribay.\">la Sala Biribay.<\/st1:personname> \u00a1No falteis! <\/p>\n<p class=MsoNormal style=\"TEXT-ALIGN: justify\"><img class=imgcen id=img_1 height=786 src=\"\/\/img246.imageshack.us\/img246\/2497\/promorosendobajaam7.jpg\" width=561\/><\/p>\n<p class=MsoNormal style=\"TEXT-ALIGN: justify\">\n","protected":false},"excerpt":{"rendered":"<p>< ?xml:namespace prefix = o \/> Poco m\u00e1s os puedo contar que no se haya dicho ya sobre este homenaje a Rosendo que se est\u00e1 preparando aqu\u00ed en Logro\u00f1o y que ha contado con la participaci\u00f3n de 30 bandas riojanas. Conociendo a la gente que est\u00e1 metida en este proyecto, no me cabe la menor [&hellip;]<\/p>\n","protected":false},"author":12,"featured_media":0,"comment_status":"open","ping_status":"closed","sticky":false,"template":"","format":"standard","meta":[],"categories":[4],"tags":[1856],"_links":{"self":[{"href":"https:\/\/blogs.larioja.com\/metalpesado\/wp-json\/wp\/v2\/posts\/139"}],"collection":[{"href":"https:\/\/blogs.larioja.com\/metalpesado\/wp-json\/wp\/v2\/posts"}],"about":[{"href":"https:\/\/blogs.larioja.com\/metalpesado\/wp-json\/wp\/v2\/types\/post"}],"author":[{"embeddable":true,"href":"https:\/\/blogs.larioja.com\/metalpesado\/wp-json\/wp\/v2\/users\/12"}],"replies":[{"embeddable":true,"href":"https:\/\/blogs.larioja.com\/metalpesado\/wp-json\/wp\/v2\/comments?post=139"}],"version-history":[{"count":1,"href":"https:\/\/blogs.larioja.com\/metalpesado\/wp-json\/wp\/v2\/posts\/139\/revisions"}],"predecessor-version":[{"id":3708,"href":"https:\/\/blogs.larioja.com\/metalpesado\/wp-json\/wp\/v2\/posts\/139\/revisions\/3708"}],"wp:attachment":[{"href":"https:\/\/blogs.larioja.com\/metalpesado\/wp-json\/wp\/v2\/media?parent=139"}],"wp:term":[{"taxonomy":"category","embeddable":true,"href":"https:\/\/blogs.larioja.com\/metalpesado\/wp-json\/wp\/v2\/categories?post=139"},{"taxonomy":"post_tag","embeddable":true,"href":"https:\/\/blogs.larioja.com\/metalpesado\/wp-json\/wp\/v2\/tags?post=139"}],"curies":[{"name":"wp","href":"https:\/\/api.w.org\/{rel}","templated":true}]}}