{"id":144,"date":"2008-12-01T12:07:21","date_gmt":"2008-12-01T12:07:21","guid":{"rendered":"http:\/\/blogs.larioja.com\/metalpesado\/?p=144"},"modified":"2025-09-10T17:38:20","modified_gmt":"2025-09-10T15:38:20","slug":"rioja-rock-iii","status":"publish","type":"post","link":"https:\/\/blogs.larioja.com\/metalpesado\/rioja-rock-iii\/","title":{"rendered":"RIOJA ROCK III"},"content":{"rendered":"<div class=barhead>\n<div class=ln id=story-entradilla><img class=imgizqda id=img_0 height=151 src=\"\/\/www.larioja.com\/ocio\/noticias\/musica\/fotos\/rioja-rock-.jpg\" width=199\/> La pr\u00f3xima edici\u00f3n <strong>&#8216;Rioja-Rock&#8217; <\/strong>tiene previsto incrementar hasta cuarenta el n\u00famero de grupo musicales participantes, frente a los quince de este a\u00f1o, y organizar actuaciones en directo todos los s\u00e1bados entre enero y mayo, con lo que supone quintuplicar la cifra de espect\u00e1culos en directo del 2008.<\/p>\n<\/div>\n<\/div>\n<div class=p id=story-texto>\n<div class=p><\/div>\n<div class=p>El concejal de Juventud, Jos\u00e9 Luis Prado, present\u00f3 en rueda de prensa la tercera edici\u00f3n de este certamen, organizado por la escuela de rock Musicalia, con el apoyo municipal, cuyo objetivo es estimular las inquietudes musicales de los j\u00f3venes de Logro\u00f1o y sus inmediaciones.<\/p>\n<\/div>\n<div class=p>\u00abLogro\u00f1o vive una movida cultural impresionante\u00bb, afirm\u00f3 Prado. Esta constataci\u00f3n fue apoyada por el fundador de Musicalia, Rafael Ibarrula, presente en el acto, que la capital se est\u00e1 convirtiendo en una referencia en el mundo del rock, al igual que Pamplona, Zaragoza o Bilbao, ante \u00abel sustancial\u00bb incremento de las salas donde pueden tocar en directo los j\u00f3venes. La ampliaci\u00f3n de los grupos responde al inter\u00e9s de \u00abdar una oportunidad a los noveles\u00bb, seg\u00fan indic\u00f3 Ibarrula.<\/p>\n<\/div>\n<div class=p>Dos temas in\u00e9ditos.<\/p>\n<\/div>\n<div class=p>Todos aquellos interesados en participar en esta nueva edici\u00f3n de &#8216;Rioja-Rock&#8217; deber\u00e1n entregar una maqueta, con al menos dos temas in\u00e9ditos,<strong>antes del pr\u00f3ximo<\/strong> <strong>25 de diciembre<\/strong> en Musicalia, Musical Ochagavia o La Gota de Leche, en Logro\u00f1o, o en el estudio calagurritano de Sonosfera.<\/p>\n<\/div>\n<div class=p>Un jurado compuesto por cinco personas se encargar\u00e1 de seleccionar las 40 maquetas que participar\u00e1n en el certamen. En la edici\u00f3n anterior se llegaron a presentar un total de 59 maquetas, de las cuales 36 pertenec\u00edan a grupos de la regi\u00f3n, ocho a provincias lim\u00edtrofes y las 15 restantes a otros puntos de Espa\u00f1a, que quedaron excluidas del concurso.<\/p>\n<\/div>\n<div class=p>Los responsables del certamen descartan por el momento la idea de convertir &#8216;Rioja-Rock&#8217; en un festival nacional. \u00abSe precisar\u00edan m\u00e1s medios\u00bb, insisti\u00f3 el fundador de Musicalia, al tiempo que quieren concentrarse en explotar el talento de los j\u00f3venes de Logro\u00f1o.<\/p>\n<\/div>\n<div class=p>Biribay Jazz Club ser\u00e1 el escenario de las 26 actuaciones en directo que se organizar\u00e1n los s\u00e1bados, a partir de las 19.00 de la tarde, entre enero y mayo.<\/p>\n<\/div>\n<div class=p>En el 2009 se reconocer\u00e1 al mejor grupo en directo, al mejor grupo original y al grupo revelaci\u00f3n.<\/p>\n<p>Fuente: <a id=link_0 title=http:\/\/www.larioja.com\/20081128\/cultura\/rioja-rock-amplia-grupos-20081128.html href=\"http:\/\/www.larioja.com\/20081128\/cultura\/rioja-rock-amplia-grupos-20081128.html\">Larioja.com<\/a> ( <\/p>\n<div class=byline>\n<div class=author>\n<div class=name>EUROPA PRESS<\/div>\n<div class=description>| LOGRO\u00d1O )\n<\/div>\n<\/div>\n<\/div>\n<\/div>\n<\/div>\n","protected":false},"excerpt":{"rendered":"<p>La pr\u00f3xima edici\u00f3n &#8216;Rioja-Rock&#8217; tiene previsto incrementar hasta cuarenta el n\u00famero de grupo musicales participantes, frente a los quince de este a\u00f1o, y organizar actuaciones en directo todos los s\u00e1bados entre enero y mayo, con lo que supone quintuplicar la cifra de espect\u00e1culos en directo del 2008. El concejal de Juventud, Jos\u00e9 Luis Prado, present\u00f3 [&hellip;]<\/p>\n","protected":false},"author":12,"featured_media":0,"comment_status":"open","ping_status":"closed","sticky":false,"template":"","format":"standard","meta":[],"categories":[4],"tags":[],"_links":{"self":[{"href":"https:\/\/blogs.larioja.com\/metalpesado\/wp-json\/wp\/v2\/posts\/144"}],"collection":[{"href":"https:\/\/blogs.larioja.com\/metalpesado\/wp-json\/wp\/v2\/posts"}],"about":[{"href":"https:\/\/blogs.larioja.com\/metalpesado\/wp-json\/wp\/v2\/types\/post"}],"author":[{"embeddable":true,"href":"https:\/\/blogs.larioja.com\/metalpesado\/wp-json\/wp\/v2\/users\/12"}],"replies":[{"embeddable":true,"href":"https:\/\/blogs.larioja.com\/metalpesado\/wp-json\/wp\/v2\/comments?post=144"}],"version-history":[{"count":1,"href":"https:\/\/blogs.larioja.com\/metalpesado\/wp-json\/wp\/v2\/posts\/144\/revisions"}],"predecessor-version":[{"id":3703,"href":"https:\/\/blogs.larioja.com\/metalpesado\/wp-json\/wp\/v2\/posts\/144\/revisions\/3703"}],"wp:attachment":[{"href":"https:\/\/blogs.larioja.com\/metalpesado\/wp-json\/wp\/v2\/media?parent=144"}],"wp:term":[{"taxonomy":"category","embeddable":true,"href":"https:\/\/blogs.larioja.com\/metalpesado\/wp-json\/wp\/v2\/categories?post=144"},{"taxonomy":"post_tag","embeddable":true,"href":"https:\/\/blogs.larioja.com\/metalpesado\/wp-json\/wp\/v2\/tags?post=144"}],"curies":[{"name":"wp","href":"https:\/\/api.w.org\/{rel}","templated":true}]}}