{"id":193,"date":"2009-01-19T17:10:21","date_gmt":"2009-01-19T17:10:21","guid":{"rendered":"http:\/\/blogs.larioja.com\/metalpesado\/?p=193"},"modified":"2025-09-10T17:37:50","modified_gmt":"2025-09-10T15:37:50","slug":"historico","status":"publish","type":"post","link":"https:\/\/blogs.larioja.com\/metalpesado\/historico\/","title":{"rendered":"\u00a1HIST\u00d3RICO!"},"content":{"rendered":"<p><meta http-equiv=\"Content-Type\" content=\"text\/html; charset=utf-8\"\/><meta name=\"ProgId\" content=\"Word.Document\"\/><meta name=\"Generator\" content=\"Microsoft Word 11\"\/><meta name=\"Originator\" content=\"Microsoft Word 11\"\/><link rel=\"File-List\" href=\"file:\/\/\/C:%5CDOCUME%7E1%5Cfgonzalo%5CCONFIG%7E1%5CTemp%5Cmsohtml1%5C01%5Cclip_filelist.xml\"\/><o:smarttagtype namespaceuri=\"urn:schemas-microsoft-com:office:smarttags\" name=\"PersonName\"><\/o:smarttagtype>  <strong>TURISMO METAL IV:<\/strong><strong><br \/>\n <\/strong><strong>LOGRO\u00d1O Y SU HOMENAJE AL HEAVY METAL<\/strong><\/p>\n<p><strong><\/strong><strong><\/strong><o:p><\/o:p><\/p>\n<p>  <strong>FIESTA DEL BLOG METAL PESADO<\/strong><strong><br \/>\n <\/strong><strong>Sala Biribay s\u00e1bado 13 de diciembre (Logro\u00f1o)<\/strong><\/p>\n<p><strong><\/strong><strong><\/strong><o:p><\/o:p><\/p>\n<p>  <strong>\u00a1HIST\u00d3RICO!<\/strong><o:p><\/o:p><\/p>\n<p class=\"MsoNormal\"><o:p> <\/o:p><\/p>\n<p class=\"wp-caption-text\" style=\"text-align: justify;\">( foto dcha ) El puerto de Somosierra<\/p>\n<p class=\"wp-caption-text\" style=\"text-align: justify;\">\n<o:p><\/o:p><\/p>\n<p style=\"text-align: justify;\"><img style=\"width: 199px; height: 136px;\" class=\"imgdcha\" src=\"\/\/www.mariskalrock.com\/wp-content\/uploads\/2009\/01\/somosierra1.jpg\" id=\"img_0\"https:\/\/static-blogs.larioja.com\/> Pues s\u00ed, hist\u00f3rico, hist\u00f3rico de verdad. Creo que es la primera vez que se hace en el estado espa\u00f1ol, si alguien sabe de alg\u00fan sitio que haya hecho algo parecido que nos lo comunique por favor, que nos gusta contar la historia como de verdad sucedi\u00f3 pero haciendo memoria no me suena que se haya hecho nada parecido, os cuento. Una ciudad (Logro\u00f1o en este caso) decide rendir homenaje al Heavy Metal y un gran n\u00famero de m\u00fasicos de varias bandas de Logro\u00f1o (aunque eso s\u00ed, ni mucho menos todas, <strong>Diego<\/strong>, bajista de <strong>enBlanco<\/strong> me coment\u00f3 que en Logro\u00f1o hay, tras el \u00faltimo recuento, 169 bandas y hablamos de una ciudad de 150.000 habitantes lo que da muestra del amor a la m\u00fasica de la ciudad) deciden mezclarse entre ellos y hacer dos bandas \u201cmadre\u201d donde ir\u00edan a\u00f1adi\u00e9ndose m\u00fasicos. Una rendir\u00eda homenaje al Heavy Metal internacional y la otra al Heavy Metal nacional. Haceros a la idea, m\u00fasicos de varias bandas mezcl\u00e1ndose con un fin com\u00fan, rendir homenaje al Heavy Metal y, como no, todo el metal de La Rioja volcado con la idea, abarrotando la sala y proclamando bien alto su amor por un estilo de vida, \u00a1precioso!<o:p><\/o:p><\/p>\n<p class=\"MsoNormal\" style=\"text-align: justify;\"> <o:p><br \/>\n<\/o:p><\/p>\n<p class=\"wp-caption-text\" style=\"text-align: justify;\">( foto abajo ) Con <st1:personname productid=\"Fran, el\" w:st=\"on\">Fran, el<\/st1:personname> organizador<\/p>\n<p class=\"wp-caption-text\" style=\"text-align: justify;\">\n<o:p><\/o:p><\/p>\n<p style=\"text-align: justify;\"><img style=\"width: 243px; height: 184px;\" class=\"imgizqda\" src=\"\/\/www.mariskalrock.com\/wp-content\/uploads\/2009\/01\/con-fran-el-organizador.jpg\" id=\"img_1\"\/> La idea parte de un gran animador de la m\u00fasica, <strong>Fran<\/strong>, o <strong>Jafo <\/strong>como le llaman all\u00ed, bater\u00eda de <strong>Barra Libre<\/strong> (suerte con ese disco que nace) y autor del libro \u201c\u2026Y estall\u00f3 el rock. Historia del Heavy Metal en la Rioja\u201d (2005) y bueno mucho m\u00e1s, Jafo toc\u00f3 en <strong>Nilo; Falsa Identidad, Leviathan, Aposento<\/strong> y <strong>Silencio Absoluto<\/strong>, y particip\u00f3 en medios de comunicaci\u00f3n especializados. Su \u00faltima aventura es el blog metal pesado, que celebra ya un a\u00f1o de vida y por ello ide\u00f3 esta fiesta pero\u2026 ni \u00e9l sab\u00eda la que se iba a montar, que fue muy gorda y muy bonita y como digo en el t\u00edtulo, hist\u00f3rica. Lo que s\u00ed sab\u00eda es que quer\u00eda contar conmigo para presentar la fiesta y yo acept\u00e9 encantado, y preparando todo me dijo \u00bfnos har\u00e1s un turismo metal a Logro\u00f1o no? por supuesto hermano, aqu\u00ed est\u00e1 la promesa cumplida. Aprovecharemos el viaje y trataremos de conocer algo de Logro\u00f1o para hacer ese turismo metal que tanto nos gusta hacer.<o:p><\/o:p><\/p>\n<p class=\"MsoNormal\" style=\"text-align: justify;\"><o:p> <\/o:p><\/p>\n<p class=\"wp-caption-text\" style=\"text-align: justify;\">( foto dcha ) Con Dani, de Red Wine d\u00e1ndole al Red Wine<\/p>\n<p class=\"wp-caption-text\" style=\"text-align: justify;\">\n<o:p><\/o:p><\/p>\n<p style=\"text-align: justify;\"><img style=\"width: 209px; height: 158px;\" class=\"imgdcha\" src=\"\/\/www.mariskalrock.com\/wp-content\/uploads\/2009\/01\/don-dani-red-wine-el-la-cal1.jpg\" id=\"img_2\"https:\/\/static-blogs.larioja.com\/> Partimos el s\u00e1bado por la ma\u00f1ana con una previsi\u00f3n de nevadas que no nos hace viajar tranquilos pero en mi Segovia el d\u00eda es soleado\u2026 una ilusi\u00f3n porque en  Somosierra la nevada ya es importante. Afortunadamente las quitanieves trabajan que da gusto y pasamos sin problemas y encima la nieve nos regala unos paisajes incre\u00edbles. M\u00e1s miedo me da el puerto de La Pedraja entre Burgos y Logro\u00f1o pero no hay problema, la nieve se ha transformado en agua por aquella zona y la lluvia es nuestra compa\u00f1era de viaje por el Camino de Santiago riojano. L\u00e1stima el retraso acumulado en Somosierra que nos impide visitar Santo Domingo de la Calzada, me hubiese gustado entrar en la catedral y ver el Gallinero de Santo Domingo de la Calzada (\u00bfno sab\u00e9is lo que es? Usad Google y enteraos del milagro m\u00e1s famoso de <st1:personname productid=\"la Edad Media\" w:st=\"on\">la Edad Media<\/st1:personname>, cuando un gallo y una gallina asados se pusieron a cantar\u2026) pero no importa, ser\u00e1 otra vez porque cuando partimos de Logro\u00f1o, tras el buen trato recibido y la de amigos y amigas que dejamos ah\u00ed hemos prometido volver as\u00ed que iremos con tiempo y visitaremos el bello pueblo situado a las faldas de la Sierra de la Demanda, ahora centr\u00e9monos en el viaje a Logro\u00f1o.<\/p>\n<p style=\"text-align: justify;\">\n<o:p><\/o:p><\/p>\n<p style=\"text-align: justify;\"><img style=\"width: 246px; height: 187px;\" class=\"imgizqda\" src=\"\/\/www.mariskalrock.com\/wp-content\/uploads\/2009\/01\/sala-llena.jpg\" id=\"img_3\"\/> Las cinco y media marcaba desafiante el reloj porque a las cinco y media hab\u00edamos quedado en la sala y est\u00e1bamos entrando en Logro\u00f1o, nos recibe la fuente de Murrieta, justo a su lado tenemos el hotel y justo ah\u00ed est\u00e1 el lugar elegido para cenar, \u201cEl pato Borracho\u201d (en realidad se llama Drunken Duck pero all\u00ed lo castellaniza todo dios) Apenas dejar las bolsas y pitando a la sala, poco turismo metal vamos a hacer ya el s\u00e1bado, aunque aun tenemos tiempo de ver otra fuente, la fuente de los riojanos ilustres aunque all\u00ed se la conoce como la fuente de \u201clos espaldas mojadas\u201d ya que a la fuente la rodean las estatuas de algunos ilustres riojanos de espaldas al chorro central lo que hace que <st1:personname productid=\"el agua\" w:st=\"on\">el  agua<\/st1:personname> les caiga sobre esa parte corporal. Desde Marco Fabio Quintiliano que naci\u00f3 en Calagurris (Calahorra), al rey Garc\u00eda de N\u00e1jera, o Santo Domingo de la Calzada, pasando por Gonzalo de Berceo, Espartero, Manuel Bret\u00f3n de los Herreros o Pr\u00e1xedes Mateo Sagasta\u2026 uno se da cuenta de la gran aportaci\u00f3n que La Rioja ha hecho a nuestra historia contemplando la fuente pero ya os digo, hab\u00eda prisa as\u00ed que directos a la sala donde, por cierto, tambi\u00e9n \u00edbamos a hacer historia, anda que si acaba una estatua del Jafo en esa fuente\u2026<o:p><\/o:p><\/p>\n<p class=\"MsoNormal\" style=\"text-align: justify;\"><o:p> <\/o:p><\/p>\n<p class=\"wp-caption-text\" style=\"text-align: justify;\">( foto abajo ) Cantando Coraz\u00f3n De Heavy Metal, himno de Lujuria<\/p>\n<p class=\"wp-caption-text\" style=\"text-align: justify;\">\n<o:p><\/o:p><\/p>\n<p style=\"text-align: justify;\"><img style=\"width: 215px; height: 163px;\" class=\"imgizqda\" src=\"\/\/www.mariskalrock.com\/wp-content\/uploads\/2009\/01\/corazon-de-corazon-de-heavy.jpg\" id=\"img_4\"\/> Enseguida empezamos a conocer a la pe\u00f1a que iba a participar en el evento, y sin darnos cuenta estamos enfrascados en animada charla como si fu\u00e9semos amigos de toda la vida, siempre lo he dicho, el metal une y all\u00ed \u00e9ramos todos amigos y los acababamos de conocer. En la sala nos recibe <strong>Biri<\/strong>, el due\u00f1o del garito que adem\u00e1s es m\u00fasico profesional (lo suyo es el saxo y el piano) y que mont\u00f3 la <strong>Biribay<\/strong> hace a\u00f1o y medio dando mucha vida a la m\u00fasica en vivo en Logro\u00f1o. De hecho me contaron que los jueves hac\u00edan un karaoke muy especial. Durante la semana la pe\u00f1a se apunta y dice que tema quiere interpretar y todos los jueves hay una banda en vivo que se prepara esos temas para acompa\u00f1ar a quien lo haya solicitado, incre\u00edble \u00bfeh? karaoke en vivo, la verdad es que yo es la primera vez que o\u00eda algo as\u00ed.<\/p>\n<p style=\"text-align: justify;\">\n<o:p><\/o:p><\/p>\n<p style=\"text-align: justify;\">Cada detalle que vamos conociendo hace que nos enamoremos m\u00e1s de Logro\u00f1o <st1:personname productid=\"y de\" w:st=\"on\">y de<\/st1:personname> la Rioja y sus gentes, la prueba de sonido fue el golpe definitivo, \u00a1que buen rollo! Unos gastando bromas a los otros, probando los temas uno a uno, tom\u00e1ndose en serio el momento de hacer su prueba y siguiendo despu\u00e9s con la juerga y el cachondeo, aunque me falt\u00f3 un detalle que pienso reclamar en cuanto vuelva, el concierto se cerrar\u00eda con \u201cCoraz\u00f3n de Heavy Metal\u201d (gracias por la sorpresa) que me invitaban a cantar y claro, imposible negarse pero me contaron que en los ensayos anteriores \u00c1lvaro (de Lake Town) era quien lo cantaba y que me imitaba de puta madre, mira que le ped\u00ed que me hiciese la demostraci\u00f3n pero nada, \u00c1lvaro, toma nota, cuando vuelva quiero mi imitaci\u00f3n.<\/p>\n<p style=\"text-align: justify;\">\n<o:p><\/o:p><\/p>\n<p style=\"text-align: justify;\"><img style=\"width: 226px; height: 159px;\" class=\"imgdcha\" src=\"\/\/www.mariskalrock.com\/wp-content\/uploads\/2009\/01\/dsc_0034.jpg\" id=\"img_5\"\/> La noche aun ten\u00eda alguna sorpresa m\u00e1s para mi, no le esperaba, pensaba que no iba a venir pero ah\u00ed estaba, Dani, quien fuera bajista de Red Wine y con quien tengo bastante amistad, entraba en <st1:personname productid=\"la sala. La\" w:st=\"on\">la sala. La<\/st1:personname> barra fue testigo de la ceremonia de renovaci\u00f3n de la amistad enseguida y sin darnos cuenta llegaron las diez, la hora de arranque de <st1:personname productid=\"la fiesta. Jafo\" w:st=\"on\">la fiesta. Jafo<\/st1:personname> ten\u00eda todo preparado, hab\u00eda montado unos archivos musicales con grupos actuales, grupos de los 80, grupos riojanos, \u00edbamos de sorpresa en sorpresa. De <strong>EVO<\/strong> a <strong>MOTLEY CR\u00dcE<\/strong>,  de <strong>PERSEVERANCE<\/strong>, unos hist\u00f3ricos de La Rioja a <strong>DIO<\/strong>, aquello era una fiesta desde el primer minuto y para sorpresa de todo el mundo hasta arriba de gente desde su inicio, ni el Bar\u00e7a Madrid que se jugaba ese d\u00eda era capaz de conseguir que aquello no fuese un fiest\u00f3n, todo el mundo estaba satisfecho.<\/p>\n<p> El <strong>Dani<\/strong> me acompa\u00f1a entonces a conocer la calle m\u00e1s popular de Logro\u00f1o, La Laurel, la calle del picoteo y el vinito. \u201cNo te vas de aqu\u00ed sin verla\u201d y salimos de la sala con la promesa de estar ah\u00ed a las 11 y media que empiezan las actuaciones y he de presentarlas. La Laurel est\u00e1 muy cerca de la sala, nos da tiempo a saborear un buen rioja y orejita rebozada, ver la famosa calle y a la hora prometida entramos en el garito.<o:p><\/o:p><\/p>\n<p class=\"MsoNormal\" style=\"text-align: justify;\"><o:p> <\/o:p><\/p>\n<p class=\"wp-caption-text\" style=\"text-align: justify;\">Nuestra sexy fot\u00f3grafa Thais Rojano a las puertas del Carpe Diem<\/p>\n<p class=\"wp-caption-text\" style=\"text-align: justify;\">\n<o:p><\/o:p><\/p>\n<p style=\"text-align: justify;\"><img style=\"width: 155px; height: 205px;\" class=\"imgizqda\" src=\"\/\/www.mariskalrock.com\/wp-content\/uploads\/2009\/01\/la-reportera-fotografiada.jpg\" id=\"img_6\"\/>La expectaci\u00f3n es enorme, los m\u00fasicos que van a rendir homenaje al metal internacional son <strong>Diego (Time Machine)<\/strong> y <strong>H\u00e9ctor (enBlanco)<\/strong> turn\u00e1ndose en la bater\u00eda; otro <strong>Diego (enBlanco)<\/strong> al bajo; <strong>Agust\u00edn (Time Machine<\/strong> en la actualidad pero es un hist\u00f3rico que milit\u00f3 en <strong>Divisi\u00f3n Azul<\/strong>) <st1:personname productid=\"y Alfonso\" w:st=\"on\">y <strong>Alfonso<\/strong><\/st1:personname><strong> (Cero Koma)<\/strong> a las guitarras y <strong>Rodri (Ethos)<\/strong> <strong>Alberto (Infamia<\/strong> y la an\u00e9cdota de la noche porque en Infamia es el bater\u00eda pero tiene una voz aguda muy buena que vino de lujo para rendir homenaje a <strong>Helloween<\/strong>) <strong>Kike <\/strong>(<strong>Edelweys<\/strong>) e <strong>Iv\u00e1n<\/strong> (<strong>Dawn of Darkness<\/strong>) a las voces, bueno y el Iv\u00e1n adem\u00e1s a la risa en el <strong>Future World<\/strong> de los Helloween (Iv\u00e1n si no lo pongo reviento \u00bfeh? ). Los temas elegidos son <strong>Breaking the Law<\/strong> de mis adorados Judas, \u00a1buen empiece! Al que sigue el<strong> Fighting the world<\/strong> de <strong>Manowar<\/strong>, <strong>The Trooper<\/strong> (\u00bfhace falta decir de quien es?) el citado Future World y cierran con<strong> Seek and destroy<\/strong> de<strong> Metallica<\/strong>. Impresionante concierto el que vemos con todos los m\u00fasicos entregad\u00edsimos, con detalles acojonantes como el The Trooper donde se mezcla el estilo death de Iv\u00e1n con el cl\u00e1sico de Rodri y queda de lujo.<\/p>\n<p style=\"text-align: justify;\">\n<o:p><\/o:p><\/p>\n<p style=\"text-align: justify;\">La pe\u00f1a rabia, la fiesta bulle y todo el mundo est\u00e1 satisfecho, y aun queda el homenaje al metal nacional. Jafo, el organizador, se va a sentar en la bater\u00eda turn\u00e1ndose con <strong>H\u00e9ctor<\/strong> (al que Iv\u00e1n llamaba traidor haciendo re\u00edr a todo el mundo porque acababa de tocar \u201cen el otro equipo\u201d) <strong>Estecha (Barra Libre) <\/strong><st1:personname productid=\"y Fernando\" w:st=\"on\">y <strong>Fernando<\/strong><\/st1:personname><strong> (Innervoice)<\/strong> pasar\u00e1n por el bajo; <strong>Jose (Innervoice), Carlos (Miedo Azul) <\/strong>y <strong>\u00c1lvaro (Lake Town) <\/strong>se colgar\u00e1n las guitarras y <strong>Gonzalo (Innervoice), Manu (Miedo Azul)<\/strong> e <strong>Itziar (Alkymia)<\/strong> ser\u00e1n las voces. Y se arma la gorda, todo el mundo reconoce las primeras notas <strong>Va a estallar el Ob\u00fas<\/strong> que me supo a gloria bendita pero aun faltaba un grado m\u00e1s para que aquello se pusiera a puto d ebullici\u00f3n y se logra en el tema siguiente. All\u00ed son lo m\u00e1s, suena <strong>Legendario <\/strong>de <strong>Tierra Santa<\/strong> y se alcanzan los 100 grados, la sala es un todo botando, cantando, sonriendo\u2026 Creo que ya imaginareis la que se nos viene encima, hab\u00e9is acertado, apenas se oyen las guitarras porque todo el mundo canta el riff a pura voz Los rockeros van al infierno est\u00e1 sonando en <st1:personname productid=\"la Biribay. Falta\" w:st=\"on\">la Biribay. Falta<\/st1:personname> una \u201cbaladita\u201d como dec\u00edan en su m\u00edtico disco los que vienen ahora y la \u201cbaladita\u201d estalla sin compasi\u00f3n <strong>Mirada Asesina<\/strong> es el tema que suena a continuaci\u00f3n. Entonces <strong>Itziar<\/strong> pregunta por \u201cese rubio\u201d que, sinceramente, se mor\u00eda por subir viendo lo que estaba viendo, el rubio se sube y decide que aquello hay que compartirlo entre todos, invito a los m\u00fasicos que han participado y todos juntos dedicamos el cierre a los presentes porque ellos lo tienen y lo hab\u00edan demostrado: <strong>Coraz\u00f3n de Heavy Metal<\/strong> suena m\u00e1s fuerte que nunca, la estamos cantando todos y estamos cant\u00e1ndola de verdad.<\/p>\n<p style=\"text-align: justify;\">\n<o:p><\/o:p><\/p>\n<p style=\"text-align: justify;\"><img style=\"width: 209px; height: 157px;\" class=\"imgdcha\" src=\"\/\/www.mariskalrock.com\/wp-content\/uploads\/2009\/01\/dsc_0043.jpg\" id=\"img_7\"\/> Ni cuenta, no nos hemos dado ni cuenta, el tiempo ha volado pero son casi la una de <st1:personname productid=\"la noche. La Rioja\" w:st=\"on\">la noche. La Rioja<\/st1:personname> acaba de hacer historia, una ciudad acaba de rendir un bello homenaje a un estilo musical que naci\u00f3 inmortal, el Heavy y lo ha hecho con el coraz\u00f3n, uniendo a sus m\u00fasicos, uniendo a su gente, \u00a1enhorabuena Logro\u00f1o! \u00a1Enhorabuena La Rioja!<br \/>\n Despu\u00e9s de abrazos, emociones, risas y, como no, unas copas (whisky coca para el Dani, vodka naranja para menda) damos paso al concurso de Air Guitar y la fiesta se prolonga en <st1:personname productid=\"la noche. Objetivo\" w:st=\"on\">la  noche. Objetivo<\/st1:personname> cumplido. La que has liado Jafo, enhorabuena hermano.<\/p>\n<p style=\"text-align: justify;\">\n<o:p><\/o:p><\/p>\n<p style=\"text-align: justify;\"><img style=\"width: 161px; height: 242px;\" class=\"imgizqda\" src=\"\/\/www.mariskalrock.com\/wp-content\/uploads\/2009\/01\/concatedral.jpg\" id=\"img_8\"https:\/\/static-blogs.larioja.com\/> La ma\u00f1ana siguiente amanece con t\u00edmidos rayos de sol que tambi\u00e9n parece tener resaca, ni fuerza para calentar tienen pero queremos visitar la ciudad, y m\u00e1s ahora que hemos empezado a quererla. Nos dirigimos a la concatedral (se llama as\u00ed al edificio religioso con rango de catedral que comparte la sede episcopal con otro templo catedralicio y ese es el caso de la catedral de Logro\u00f1o, Concatedral de Santa Mar\u00eda de La Redonda, que comparte sede con <st1:personname productid=\"la de Calahorra\" w:st=\"on\">la  de Calahorra<\/st1:personname> y santo Domingo de La Calzada) famosa por sus torres gemelas que, lamentablemente, est\u00e1n en obras y est\u00e1n tapadas. Pero as\u00ed podemos disfrutar de un buen desayuno en la Plaza del Mercado. De ah\u00ed al puente de piedra, uno de los cuatro que atraviesan el Ebro a su paso por Logro\u00f1o y que es el lugar de entrada del Camino de Santiago a la Ciudad y s\u00edmbolo de Logro\u00f1o, apareciendo en su escudo. El tiempo nos apremia y la nieve amenaza nuestra vuelta. Vemos la portada exterior de Santiago el Real, paseamos el casco antiguo, <st1:personname productid=\"la calle Portales\" w:st=\"on\">la calle  Portales<\/st1:personname> y nos disponemos a volver. Atr\u00e1s queda La Rioja, su gastronom\u00eda, sus vinos, sus monumentos y el tesoro m\u00e1s importante que tienen, sus gentes. Nos vamos felices y con la promesa de volver, por delante algunas horas de coche oyendo Heavy Metal y recordando lo que hemos vivido, no s\u00f3lo una nueva etapa de \u201cTurismo Metal\u201d, tambi\u00e9n hemos compartido con La Rioja algo hist\u00f3rico. \u00a1Qu\u00e9 raz\u00f3n tienen sus gentes, el Logro\u00f1o, SE GOZA!<\/p>\n<p style=\"text-align: justify;\">\n<o:p><\/o:p><\/p>\n<p style=\"text-align: justify;\"><strong>Texto: Oscar Lujuria<o:p><\/o:p><\/strong><\/p>\n<p style=\"text-align: justify;\"><strong>Fotos: Thais Rojano<o:p><\/o:p><\/strong><\/p>\n<p style=\"text-align: justify;\"><strong>P.D.- Pasaos de vez en cuando por el blog del Jafo:<o:p><\/o:p><\/strong><\/p>\n<p style=\"text-align: justify;\"><a href=\"http:\/\/\/\" target=\"_blank\" rel=\"noopener\">https:\/\/blogs.larioja.com\/metalpesado\/posts<\/a> os gustar\u00e1.<\/p>\n<p style=\"text-align: justify;\">\n<p style=\"text-align: justify;\">TEXTO Y FOTOS PUBLICADOS EN <a href=\"http:\/\/www.mariskalrock.com\/index.php\/2009\/01\/19\/turismo-metal-iv-logrono-y-su-homenaje-al-heavy\/\" title=\"http:\/\/www.mariskalrock.com\/index.php\/2009\/01\/19\/turismo-metal-iv-logrono-y-su-homenaje-al-heavy\/\" id=\"link_0\">MARISKALROCK.COM<\/a><br \/>\n<o:p><\/o:p><\/p>\n","protected":false},"excerpt":{"rendered":"<p>TURISMO METAL IV: LOGRO\u00d1O Y SU HOMENAJE AL HEAVY METAL FIESTA DEL BLOG METAL PESADO Sala Biribay s\u00e1bado 13 de diciembre (Logro\u00f1o) \u00a1HIST\u00d3RICO! ( foto dcha ) El puerto de Somosierra Pues s\u00ed, hist\u00f3rico, hist\u00f3rico de verdad. Creo que es la primera vez que se hace en el estado espa\u00f1ol, si alguien sabe de alg\u00fan [&hellip;]<\/p>\n","protected":false},"author":12,"featured_media":0,"comment_status":"open","ping_status":"closed","sticky":false,"template":"","format":"standard","meta":[],"categories":[4],"tags":[1270,1308],"_links":{"self":[{"href":"https:\/\/blogs.larioja.com\/metalpesado\/wp-json\/wp\/v2\/posts\/193"}],"collection":[{"href":"https:\/\/blogs.larioja.com\/metalpesado\/wp-json\/wp\/v2\/posts"}],"about":[{"href":"https:\/\/blogs.larioja.com\/metalpesado\/wp-json\/wp\/v2\/types\/post"}],"author":[{"embeddable":true,"href":"https:\/\/blogs.larioja.com\/metalpesado\/wp-json\/wp\/v2\/users\/12"}],"replies":[{"embeddable":true,"href":"https:\/\/blogs.larioja.com\/metalpesado\/wp-json\/wp\/v2\/comments?post=193"}],"version-history":[{"count":1,"href":"https:\/\/blogs.larioja.com\/metalpesado\/wp-json\/wp\/v2\/posts\/193\/revisions"}],"predecessor-version":[{"id":3659,"href":"https:\/\/blogs.larioja.com\/metalpesado\/wp-json\/wp\/v2\/posts\/193\/revisions\/3659"}],"wp:attachment":[{"href":"https:\/\/blogs.larioja.com\/metalpesado\/wp-json\/wp\/v2\/media?parent=193"}],"wp:term":[{"taxonomy":"category","embeddable":true,"href":"https:\/\/blogs.larioja.com\/metalpesado\/wp-json\/wp\/v2\/categories?post=193"},{"taxonomy":"post_tag","embeddable":true,"href":"https:\/\/blogs.larioja.com\/metalpesado\/wp-json\/wp\/v2\/tags?post=193"}],"curies":[{"name":"wp","href":"https:\/\/api.w.org\/{rel}","templated":true}]}}