{"id":223,"date":"2009-02-19T11:05:43","date_gmt":"2009-02-19T11:05:43","guid":{"rendered":"http:\/\/blogs.larioja.com\/metalpesado\/?p=223"},"modified":"2025-09-10T17:37:27","modified_gmt":"2025-09-10T15:37:27","slug":"el-baron-vuela-sobre-zaragoza","status":"publish","type":"post","link":"https:\/\/blogs.larioja.com\/metalpesado\/el-baron-vuela-sobre-zaragoza\/","title":{"rendered":"EL BAR\u00d3N VUELA SOBRE ZARAGOZA"},"content":{"rendered":"<p><meta http-equiv=\"Content-Type\" content=\"text\/html; charset=utf-8\"\/><meta name=\"ProgId\" content=\"Word.Document\"\/><meta name=\"Generator\" content=\"Microsoft Word 11\"\/><meta name=\"Originator\" content=\"Microsoft Word 11\"\/><link rel=\"File-List\" href=\"file:\/\/\/C:%5CDOCUME%7E1%5Cfgonzalo%5CCONFIG%7E1%5CTemp%5Cmsohtml1%5C01%5Cclip_filelist.xml\"\/><o:smarttagtype namespaceuri=\"urn:schemas-microsoft-com:office:smarttags\" name=\"PersonName\"><\/o:smarttagtype><!--[if gte mso 9]><xml>  <w:worddocument>   <w:view>Normal<\/w:view>   <w:zoom>0<\/w:zoom>   <w:hyphenationzone>21<\/w:hyphenationzone>   <w:punctuationkerning><\/w:punctuationkerning>   <w:validateagainstschemas><\/w:validateagainstschemas>   <w:saveifxmlinvalid>false<\/w:saveifxmlinvalid>   <w:ignoremixedcontent>false<\/w:ignoremixedcontent>   <w:alwaysshowplaceholdertext>false<\/w:alwaysshowplaceholdertext>   <w:compatibility>    <w:breakwrappedtables><\/w:breakwrappedtables>    <w:snaptogridincell><\/w:snaptogridincell>    <w:wraptextwithpunct><\/w:wraptextwithpunct>    <w:useasianbreakrules><\/w:useasianbreakrules>    <w:dontgrowautofit><\/w:dontgrowautofit>   <\/w:compatibility>   <w:browserlevel>MicrosoftInternetExplorer4<\/w:browserlevel>  <\/w:worddocument> <\/xml>< ![endif]--><!--[if gte mso 9]><xml>  <w:latentstyles DefLockedState=\"false\" LatentStyleCount=\"156\">  <\/w:latentstyles> <\/xml>< ![endif]--><!--[if !mso]><object classid=\"clsid:38481807-CA0E-42D2-BF39-B33AF135CC4D\" id=ieooui><\/object> \n\n<style> st1\\:*{behavior:url(#ieooui) } <\/style>\n\n < ![endif]--><\/p>\n<style> <!--  \/* Style Definitions *\/  p.MsoNormal, li.MsoNormal, div.MsoNormal {mso-style-parent:\"\"; margin:0cm; margin-bottom:.0001pt; mso-pagination:widow-orphan; font-size:12.0pt; font-family:\"Times New Roman\"; mso-fareast-font-family:\"Times New Roman\";} @page Section1 {size:612.0pt 792.0pt; margin:70.85pt 3.0cm 70.85pt 3.0cm; mso-header-margin:36.0pt; mso-footer-margin:36.0pt; mso-paper-source:0;} div.Section1 {page:Section1;} --> <\/style>\n<p><!--[if gte mso 10]> \n\n<style>  \/* Style Definitions *\/  table.MsoNormalTable {mso-style-name:\"Tabla normal\"; mso-tstyle-rowband-size:0; mso-tstyle-colband-size:0; mso-style-noshow:yes; mso-style-parent:\"\"; mso-padding-alt:0cm 5.4pt 0cm 5.4pt; mso-para-margin:0cm; mso-para-margin-bottom:.0001pt; mso-pagination:widow-orphan; font-size:10.0pt; font-family:\"Times New Roman\"; mso-ansi-language:#0400; mso-fareast-language:#0400; mso-bidi-language:#0400;} <\/style>\n\n < ![endif]-->  <\/p>\n<p class=\"MsoNormal\" style=\"text-align: justify;\"><img loading=\"lazy\" class=\"imgizqda\" src=\"\/\/www.baronrojo.net\/fotos\/reading82.jpg\" id=\"img_3\" width=\"374\" height=\"239\"https:\/\/static-blogs.larioja.com\/>A finales del 2006 fui invitado a participar en una conferencia que se celebr\u00f3 en el Sal\u00f3n Multiusos que Ibercaja tiene situado en la gran v\u00eda logro\u00f1esa. La ponencia estaba dedicada al Heavy Metal en Espa\u00f1a y a uno de sus m\u00e1ximos exponentes, el grupo BAR\u00d3N ROJO. Compart\u00ed mesa con Ignacio Faul\u00edn \u2013 organizador de la charla -, <st1:personname productid=\"Jose Luis Campuzano\" w:st=\"on\">Jose Luis Campuzano<\/st1:personname> \u201cSherpa\u201d \u2013 ex-bajista y voz principal de Bar\u00f3n Rojo -, <span style=\"\"> <\/span>y Jorge Berceo \u2013 cantante y vocalista de los riojanos ZENOBIA \u2013 . Durante el transcurso de la misma, el propio Sherpa <span style=\"\"> <\/span>nos explic\u00f3 que la reuni\u00f3n de la formaci\u00f3n original de BAR\u00d3N ROJO <span style=\"\"> <\/span>en un futuro, era poco probable. Contaba el m\u00fasico y compositor que, a ra\u00edz de su vuelta a la actualidad musical, hab\u00edan existido varios contactos con los hermanos De Castro para organizar la esperada reuni\u00f3n, pero \u00e9stos no estaban dispuestos a llevarla a cabo por diferentes motivos. El principal, seg\u00fan explicaba Sherpa, <span style=\"\"> <\/span>era que los hermanos comentaban que hab\u00edan mantenido con vida al Bar\u00f3n durante todos estos a\u00f1os y que no estaban dispuestos a organizar ahora una reuni\u00f3n que ya no necesitaban y que <span style=\"\"> <\/span>consideraban fuera de lugar. Sherpa confesaba que hab\u00edan recibido una suculenta oferta econ\u00f3mica para consumar la reuni\u00f3n y paralelamente mostraba su enfado ante la negativa de sus antiguos compa\u00f1eros. <\/p>\n<p class=\"MsoNormal\" style=\"text-align: justify;\"><o:p> <\/o:p><\/p>\n<p class=\"MsoNormal\" style=\"text-align: justify;\"><img loading=\"lazy\" class=\"imgdcha\" src=\"\/\/www.baronrojo.net\/fotos\/vias.jpg\" id=\"img_4\" width=\"417\" height=\"291\"\/>Este martes pasado saltaba <st1:personname productid=\"la noticia. La\" w:st=\"on\">la noticia. La<\/st1:personname> reuni\u00f3n de la formaci\u00f3n original de BAR\u00d3N ROJO, con Sherpa, Hermes, Carlos y Armando ,ser\u00e1 realidad durante el festival Metalway que se celebrar\u00e1 en Zaragoza <span style=\"\"> <\/span>los d\u00edas 20,21,26 y 27 en el mes de Junio. La banda al completo protagonizar\u00e1 una \u00fanica actuaci\u00f3n en dicho festival y luego, si te he visto no me acuerdo. Los hermanos De Castro seguir\u00e1n tripulando la nave del Bar\u00f3n mientras que Sherpa y Hermes continuar\u00e1n girando bajo el nombre del primero. <\/p>\n<p class=\"MsoNormal\" style=\"text-align: justify;\"><o:p> <\/o:p><\/p>\n<p class=\"MsoNormal\" style=\"text-align: justify;\">A estas alturas y viendo como est\u00e1 el negocio, no ser\u00e9 yo qui\u00e9n tire la primera piedra. Al contrario, estoy muy contento porque, si todo sigue adelante, en Junio disfrutar\u00e9 de uno de los conciertos m\u00e1s especiales de toda mi vida, estoy seguro. Me quedo con eso, con lo musical. Lo dem\u00e1s se lo dejo a La Noria del Metal, Donde est\u00e1s Metal\u00f3n y al Programa de Ana Basa. Ya se frotan las manos\u2026..<\/p>\n","protected":false},"excerpt":{"rendered":"<p>A finales del 2006 fui invitado a participar en una conferencia que se celebr\u00f3 en el Sal\u00f3n Multiusos que Ibercaja tiene situado en la gran v\u00eda logro\u00f1esa. La ponencia estaba dedicada al Heavy Metal en Espa\u00f1a y a uno de sus m\u00e1ximos exponentes, el grupo BAR\u00d3N ROJO. Compart\u00ed mesa con Ignacio Faul\u00edn \u2013 organizador de [&hellip;]<\/p>\n","protected":false},"author":12,"featured_media":0,"comment_status":"open","ping_status":"closed","sticky":false,"template":"","format":"standard","meta":[],"categories":[4],"tags":[1368,1792,1948],"_links":{"self":[{"href":"https:\/\/blogs.larioja.com\/metalpesado\/wp-json\/wp\/v2\/posts\/223"}],"collection":[{"href":"https:\/\/blogs.larioja.com\/metalpesado\/wp-json\/wp\/v2\/posts"}],"about":[{"href":"https:\/\/blogs.larioja.com\/metalpesado\/wp-json\/wp\/v2\/types\/post"}],"author":[{"embeddable":true,"href":"https:\/\/blogs.larioja.com\/metalpesado\/wp-json\/wp\/v2\/users\/12"}],"replies":[{"embeddable":true,"href":"https:\/\/blogs.larioja.com\/metalpesado\/wp-json\/wp\/v2\/comments?post=223"}],"version-history":[{"count":1,"href":"https:\/\/blogs.larioja.com\/metalpesado\/wp-json\/wp\/v2\/posts\/223\/revisions"}],"predecessor-version":[{"id":3629,"href":"https:\/\/blogs.larioja.com\/metalpesado\/wp-json\/wp\/v2\/posts\/223\/revisions\/3629"}],"wp:attachment":[{"href":"https:\/\/blogs.larioja.com\/metalpesado\/wp-json\/wp\/v2\/media?parent=223"}],"wp:term":[{"taxonomy":"category","embeddable":true,"href":"https:\/\/blogs.larioja.com\/metalpesado\/wp-json\/wp\/v2\/categories?post=223"},{"taxonomy":"post_tag","embeddable":true,"href":"https:\/\/blogs.larioja.com\/metalpesado\/wp-json\/wp\/v2\/tags?post=223"}],"curies":[{"name":"wp","href":"https:\/\/api.w.org\/{rel}","templated":true}]}}