{"id":225,"date":"2009-02-20T10:00:54","date_gmt":"2009-02-20T10:00:54","guid":{"rendered":"http:\/\/blogs.larioja.com\/metalpesado\/?p=225"},"modified":"2025-09-10T17:37:26","modified_gmt":"2025-09-10T15:37:26","slug":"esta-noche-marcalma","status":"publish","type":"post","link":"https:\/\/blogs.larioja.com\/metalpesado\/esta-noche-marcalma\/","title":{"rendered":"ESTA NOCHE, MARCALMA"},"content":{"rendered":"<p><meta http-equiv=\"Content-Type\" content=\"text\/html; charset=utf-8\"\/><meta name=\"ProgId\" content=\"Word.Document\"\/><meta name=\"Generator\" content=\"Microsoft Word 11\"\/><meta name=\"Originator\" content=\"Microsoft Word 11\"\/><link rel=\"File-List\" href=\"file:\/\/\/C:%5CDOCUME%7E1%5Cfgonzalo%5CCONFIG%7E1%5CTemp%5Cmsohtml1%5C01%5Cclip_filelist.xml\"\/><o:smarttagtype namespaceuri=\"urn:schemas-microsoft-com:office:smarttags\" name=\"PersonName\"><\/o:smarttagtype><!--[if gte mso 9]><xml>  <w:worddocument>   <w:view>Normal<\/w:view>   <w:zoom>0<\/w:zoom>   <w:hyphenationzone>21<\/w:hyphenationzone>   <w:punctuationkerning><\/w:punctuationkerning>   <w:validateagainstschemas><\/w:validateagainstschemas>   <w:saveifxmlinvalid>false<\/w:saveifxmlinvalid>   <w:ignoremixedcontent>false<\/w:ignoremixedcontent>   <w:alwaysshowplaceholdertext>false<\/w:alwaysshowplaceholdertext>   <w:compatibility>    <w:breakwrappedtables><\/w:breakwrappedtables>    <w:snaptogridincell><\/w:snaptogridincell>    <w:wraptextwithpunct><\/w:wraptextwithpunct>    <w:useasianbreakrules><\/w:useasianbreakrules>    <w:dontgrowautofit><\/w:dontgrowautofit>   <\/w:compatibility>   <w:browserlevel>MicrosoftInternetExplorer4<\/w:browserlevel>  <\/w:worddocument> <\/xml>< ![endif]--><!--[if gte mso 9]><xml>  <w:latentstyles DefLockedState=\"false\" LatentStyleCount=\"156\">  <\/w:latentstyles> <\/xml>< ![endif]--><!--[if !mso]><object classid=\"clsid:38481807-CA0E-42D2-BF39-B33AF135CC4D\" id=ieooui><\/object> \n\n<style> st1\\:*{behavior:url(#ieooui) } <\/style>\n\n < ![endif]--><\/p>\n<style> <!--  \/* Style Definitions *\/  p.MsoNormal, li.MsoNormal, div.MsoNormal {mso-style-parent:\"\"; margin:0cm; margin-bottom:.0001pt; mso-pagination:widow-orphan; font-size:12.0pt; font-family:\"Times New Roman\"; mso-fareast-font-family:\"Times New Roman\";} span.postbody1 {mso-style-name:postbody1; mso-ansi-font-size:9.0pt; mso-bidi-font-size:9.0pt;} @page Section1 {size:612.0pt 792.0pt; margin:70.85pt 3.0cm 70.85pt 3.0cm; mso-header-margin:36.0pt; mso-footer-margin:36.0pt; mso-paper-source:0;} div.Section1 {page:Section1;} --> <\/style>\n<p><!--[if gte mso 10]> \n\n<style>  \/* Style Definitions *\/  table.MsoNormalTable {mso-style-name:\"Tabla normal\"; mso-tstyle-rowband-size:0; mso-tstyle-colband-size:0; mso-style-noshow:yes; mso-style-parent:\"\"; mso-padding-alt:0cm 5.4pt 0cm 5.4pt; mso-para-margin:0cm; mso-para-margin-bottom:.0001pt; mso-pagination:widow-orphan; font-size:10.0pt; font-family:\"Times New Roman\"; mso-ansi-language:#0400; mso-fareast-language:#0400; mso-bidi-language:#0400;} <\/style>\n\n < ![endif]-->  <\/p>\n<p class=\"MsoNormal\" style=\"text-align: justify;\"><img loading=\"lazy\" class=\"imgizqda\" src=\"\/\/c2.ac-images.myspacecdn.com\/images02\/28\/m_48fd0fe04b744f62a0f69da5c725f931.jpg\" id=\"img_0\" width=\"161\" height=\"237\"https:\/\/static-blogs.larioja.com\/>Mi hermano Dan toca esta noche. Hoy viernes a partir de las 23 horas en <st1:personname productid=\"la sala Biribay\" w:st=\"on\">la sala Biribay<\/st1:personname> de Logro\u00f1o se presenta en sociedad una nueva banda riojana de altos vuelos. Se hacen llamar <strong>MARCALMA<\/strong> y est\u00e1 compuesta por <span class=\"postbody1\"><span style=\"\">Eduardo S\u00e1nchez ( Starlites ) al teclado, la guitarra y la voz; <st1:personname productid=\"David Sierra\" w:st=\"on\">David  Sierra<\/st1:personname> ( 13 Forajidos ) a la bater\u00eda; Salva Honrubia ( Ni\u00f1os del Brasil  ) al bajo y Dan D\u00edez ( Barra Libre ) a <st1:personname productid=\"la guitarra. Ser\u00e1\" w:st=\"on\">la guitarra. Ser\u00e1<\/st1:personname> un debut doble. Su primer bolo en directo y la presentaci\u00f3n de la totalidad de temas que han dado forma a su primer \u00e1lbum, el cual saldr\u00e1 editado por la discogr\u00e1fica mexicana <\/span><\/span><strong>Iguana Records,<\/strong><span class=\"postbody1\"><span style=\"\"> tras la firma de un contrato en el que tambi\u00e9n se ha inclu\u00eddo una gira de promoci\u00f3n por varios pa\u00edses de Latinoam\u00e9rica, adem\u00e1s de M\u00e9xico. <o:p><\/o:p><\/span><\/span><\/p>\n<p class=\"MsoNormal\" style=\"text-align: justify;\"><span class=\"postbody1\"><span style=\"\"><o:p> <\/o:p><\/span><\/span><\/p>\n<p class=\"MsoNormal\" style=\"text-align: justify;\"><strong>MARCALMA<\/strong><span class=\"postbody1\"><span style=\"\"> no es ning\u00fan espejismo y su prometedor futuro llega fuertemente avalado por un impresionante curr\u00edculum donde todos sus miembros gozan de una dilatada experiencia en el mundo de la m\u00fasica y <span style=\"\"> <\/span>donde su calidad ha sido suficientemente contrastada. Como veis, este debut apunta muy alto. En su <\/span><\/span><a href=\"http:\/\/profile.myspace.com\/index.cfm?fuseaction=user.viewprofile&#038;friendid=404955639\" title=\"http:\/\/profile.myspace.com\/index.cfm?fuseaction=user.viewprofile&#038;friendid=404955639\" id=\"link_0\">myspace<\/a> <span class=\"postbody1\"><span style=\"\"> podeis escuchar un adelanto del disco. Por mi parte os dejo aqu\u00ed el precioso video clip de \u201cQuema por dentro\u201d, el primer sencillo de su \u00f3pera prima. <o:p><\/o:p><\/span><\/span><\/p>\n<p class=\"MsoNormal\" style=\"text-align: justify;\"><span class=\"postbody1\"><span style=\"\"><o:p> <\/o:p><\/span><\/span><\/p>\n<p class=\"MsoNormal\" style=\"text-align: justify;\"><span class=\"postbody1\"><span style=\"\">Rock de primera divisi\u00f3n. <span style=\"\"> <\/span>\u00bfTe lo vas a perder?<br \/>\n<\/span><\/span><\/p>\n<p><center><object style=\"border: 0pt none ; margin: 0pt; background: transparent none repeat scroll 0% 0%; -moz-background-clip: -moz-initial; -moz-background-origin: -moz-initial; -moz-background-inline-policy: -moz-initial;\" width=\"425\" height=\"344\"><param name=\"movie\" value=\"http:\/\/www.youtube.com\/v\/5kLW3JCR1iA&#038;hl=es&#038;fs=1\"\/><param name=\"allowFullScreen\" value=\"true\"\/><param name=\"allowscriptaccess\" value=\"always\"\/><embed src=\"\/\/www.youtube.com\/v\/5kLW3JCR1iA&#038;hl=es&#038;fs=1\" type=\"application\/x-shockwave-flash\" allowscriptaccess=\"always\" allowfullscreen=\"true\" width=\"425\" height=\"344\"\/><\/object><\/center><\/p>\n","protected":false},"excerpt":{"rendered":"<p>Mi hermano Dan toca esta noche. Hoy viernes a partir de las 23 horas en la sala Biribay de Logro\u00f1o se presenta en sociedad una nueva banda riojana de altos vuelos. Se hacen llamar MARCALMA y est\u00e1 compuesta por Eduardo S\u00e1nchez ( Starlites ) al teclado, la guitarra y la voz; David Sierra ( 13 [&hellip;]<\/p>\n","protected":false},"author":12,"featured_media":0,"comment_status":"open","ping_status":"closed","sticky":false,"template":"","format":"standard","meta":[],"categories":[4],"tags":[1300,2038],"_links":{"self":[{"href":"https:\/\/blogs.larioja.com\/metalpesado\/wp-json\/wp\/v2\/posts\/225"}],"collection":[{"href":"https:\/\/blogs.larioja.com\/metalpesado\/wp-json\/wp\/v2\/posts"}],"about":[{"href":"https:\/\/blogs.larioja.com\/metalpesado\/wp-json\/wp\/v2\/types\/post"}],"author":[{"embeddable":true,"href":"https:\/\/blogs.larioja.com\/metalpesado\/wp-json\/wp\/v2\/users\/12"}],"replies":[{"embeddable":true,"href":"https:\/\/blogs.larioja.com\/metalpesado\/wp-json\/wp\/v2\/comments?post=225"}],"version-history":[{"count":1,"href":"https:\/\/blogs.larioja.com\/metalpesado\/wp-json\/wp\/v2\/posts\/225\/revisions"}],"predecessor-version":[{"id":3627,"href":"https:\/\/blogs.larioja.com\/metalpesado\/wp-json\/wp\/v2\/posts\/225\/revisions\/3627"}],"wp:attachment":[{"href":"https:\/\/blogs.larioja.com\/metalpesado\/wp-json\/wp\/v2\/media?parent=225"}],"wp:term":[{"taxonomy":"category","embeddable":true,"href":"https:\/\/blogs.larioja.com\/metalpesado\/wp-json\/wp\/v2\/categories?post=225"},{"taxonomy":"post_tag","embeddable":true,"href":"https:\/\/blogs.larioja.com\/metalpesado\/wp-json\/wp\/v2\/tags?post=225"}],"curies":[{"name":"wp","href":"https:\/\/api.w.org\/{rel}","templated":true}]}}