{"id":226,"date":"2009-02-21T12:11:32","date_gmt":"2009-02-21T12:11:32","guid":{"rendered":"http:\/\/blogs.larioja.com\/metalpesado\/?p=226"},"modified":"2025-09-10T17:37:23","modified_gmt":"2025-09-10T15:37:23","slug":"heavy-metal-made-in-cantabria","status":"publish","type":"post","link":"https:\/\/blogs.larioja.com\/metalpesado\/heavy-metal-made-in-cantabria\/","title":{"rendered":"HEAVY METAL MADE IN CANTABRIA"},"content":{"rendered":"<p><meta http-equiv=\"Content-Type\" content=\"text\/html; charset=utf-8\"\/><meta name=\"ProgId\" content=\"Word.Document\"\/><meta name=\"Generator\" content=\"Microsoft Word 11\"\/><meta name=\"Originator\" content=\"Microsoft Word 11\"\/><link rel=\"File-List\" href=\"file:\/\/\/C:%5CDOCUME%7E1%5CHEAVYM%7E1%5CCONFIG%7E1%5CTemp%5Cmsohtml1%5C01%5Cclip_filelist.xml\"\/><o:smarttagtype namespaceuri=\"urn:schemas-microsoft-com:office:smarttags\" name=\"PersonName\"><\/o:smarttagtype><!--[if gte mso 9]><xml>  <w:worddocument>   <w:view>Normal<\/w:view>   <w:zoom>0<\/w:zoom>   <w:hyphenationzone>21<\/w:hyphenationzone>   <w:punctuationkerning><\/w:punctuationkerning>   <w:validateagainstschemas><\/w:validateagainstschemas>   <w:saveifxmlinvalid>false<\/w:saveifxmlinvalid>   <w:ignoremixedcontent>false<\/w:ignoremixedcontent>   <w:alwaysshowplaceholdertext>false<\/w:alwaysshowplaceholdertext>   <w:compatibility>    <w:breakwrappedtables><\/w:breakwrappedtables>    <w:snaptogridincell><\/w:snaptogridincell>    <w:wraptextwithpunct><\/w:wraptextwithpunct>    <w:useasianbreakrules><\/w:useasianbreakrules>    <w:dontgrowautofit><\/w:dontgrowautofit>   <\/w:compatibility>   <w:browserlevel>MicrosoftInternetExplorer4<\/w:browserlevel>  <\/w:worddocument> <\/xml>< ![endif]--><!--[if gte mso 9]><xml>  <w:latentstyles DefLockedState=\"false\" LatentStyleCount=\"156\">  <\/w:latentstyles> <\/xml>< ![endif]--><!--[if !mso]><object classid=\"clsid:38481807-CA0E-42D2-BF39-B33AF135CC4D\" id=ieooui><\/object> \n\n<style> st1\\:*{behavior:url(#ieooui) } <\/style>\n\n < ![endif]--><\/p>\n<style> <!--  \/* Font Definitions *\/  @font-face {font-family:Wingdings; panose-1:5 0 0 0 0 0 0 0 0 0; mso-font-charset:2; mso-generic-font-family:auto; mso-font-pitch:variable; mso-font-signature:0 268435456 0 0 -2147483648 0;}  \/* Style Definitions *\/  p.MsoNormal, li.MsoNormal, div.MsoNormal {mso-style-parent:\"\"; margin:0cm; margin-bottom:.0001pt; mso-pagination:widow-orphan; font-size:12.0pt; font-family:\"Times New Roman\"; mso-fareast-font-family:\"Times New Roman\"; mso-ansi-language:ES-TRAD;} p {mso-margin-top-alt:auto; margin-right:0cm; mso-margin-bottom-alt:auto; margin-left:0cm; mso-pagination:widow-orphan; font-size:12.0pt; font-family:\"Times New Roman\"; mso-fareast-font-family:\"Times New Roman\";} @page Section1 {size:612.0pt 792.0pt; margin:70.85pt 3.0cm 70.85pt 3.0cm; mso-header-margin:36.0pt; mso-footer-margin:36.0pt; mso-paper-source:0;} div.Section1 {page:Section1;}  \/* List Definitions *\/  @list l0 {mso-list-id:756754872; mso-list-type:hybrid; mso-list-template-ids:-779172002 -1433110576 201981955 201981957 201981953 201981955 201981957 201981953 201981955 201981957;} @list l0:level1 {mso-level-start-at:0; mso-level-number-format:bullet; mso-level-text:-; mso-level-tab-stop:27.0pt; mso-level-number-position:left; margin-left:27.0pt; text-indent:-18.0pt; font-family:\"Times New Roman\"; mso-fareast-font-family:\"Times New Roman\";} ol {margin-bottom:0cm;} ul {margin-bottom:0cm;} --> <\/style>\n<p><!--[if gte mso 10]> \n\n<style>  \/* Style Definitions *\/  table.MsoNormalTable {mso-style-name:\"Tabla normal\"; mso-tstyle-rowband-size:0; mso-tstyle-colband-size:0; mso-style-noshow:yes; mso-style-parent:\"\"; mso-padding-alt:0cm 5.4pt 0cm 5.4pt; mso-para-margin:0cm; mso-para-margin-bottom:.0001pt; mso-pagination:widow-orphan; font-size:10.0pt; font-family:\"Times New Roman\"; mso-ansi-language:#0400; mso-fareast-language:#0400; mso-bidi-language:#0400;} <\/style>\n\n < ![endif]-->  <\/p>\n<p style=\"text-align: justify;\"><img loading=\"lazy\" class=\"imgcen\" src=\"\/\/www.metal-archives.com\/images\/2\/3\/2\/3\/23234_logo.jpg\" id=\"img_0\" width=\"528\" height=\"159\"\/><\/p>\n<p style=\"text-align: justify;\"><strong><span style=\"font-weight: normal;\"><br \/>\n<\/span><\/strong><\/p>\n<p style=\"text-align: justify;\"><strong><span style=\"font-weight: normal;\">O no viene nadie o todos a la vez.<\/span> <\/strong><strong><span style=\"font-weight: normal;\">El caso es que el pr\u00f3ximo viernes dia 6 de Marzo en<span style=\"\">  <\/span>Logro\u00f1o y a la misma hora, dos bandas de Heavy Metal for\u00e1neas actuar\u00e1n en la capital. Como ya sabeis, los reunidos PANZER descargar\u00e1n todo su arsenal en <st1:personname productid=\"la Sala Biribay.\" w:st=\"on\"><\/st1:personname><st1:personname productid=\"la Sala\" w:st=\"on\">la Sala<\/st1:personname> Biribay. A su vez, los c\u00e1ntabros ADGAR har\u00e1n lo propio <\/span><span style=\"\"> <\/span><\/strong><strong><span style=\"font-weight: normal;\">en el Single Rock. Mientras esperamos que se acerque el gran d\u00eda y mientras algunos se lo van pensando, vamos a tomarnos un aperitivo con la entrevista que realiz\u00e9 a ADGAR a prop\u00f3sito de la salida de su pen\u00faltimo pl\u00e1stico \u201cSeguimos en pie\u201d y que en su d\u00eda fue publicada en el portal Rafabasa.com, donde colaboro desde el 2004. All\u00e1 va:<\/span><o:p><\/o:p><\/strong><\/p>\n<p style=\"margin-left: 9pt; text-align: justify;\"><strong><o:p> <\/o:p><\/strong><\/p>\n<p style=\"margin-left: 27pt; text-align: justify; text-indent: -18pt;\"><!--[if !supportLists]--><strong><span style=\"font-weight: normal;\"><span style=\"\">&#8211;<span style=\"font-family: \"Times New Roman\"; font-style: normal; font-variant: normal; font-weight: normal; font-size: 7pt; line-height: normal; font-size-adjust: none; font-stretch: normal;\">         <\/span><\/span><\/span><\/strong><!--[endif]--><strong><span style=\"font-weight: normal;\">Contadnos brevemente vuestros or\u00edgenes, \u00bfCu\u00e1ndo os entra el gusanillo por la m\u00fasica y desde cuando existe ADGAR?<o:p><\/o:p><\/span><\/strong><\/p>\n<p style=\"margin-left: 9pt; text-align: justify;\"><o:p> <\/o:p><\/p>\n<p style=\"text-align: justify;\"><img loading=\"lazy\" class=\"imgizqda\" src=\"\/\/www.metal-archives.com\/images\/2\/3\/2\/3\/23234_photo.jpg\" id=\"img_1\" width=\"367\" height=\"192\"\/><strong><span style=\"font-weight: normal;\">Javier.- ADGAR<\/span><\/strong><b style=\"\"> surge alla por el a\u00f1o 2000, cuando tras llevar a\u00f1os aporreando nuestros instrumentos,tantear diferentes estilos y militar en diversos grupos locales nos pusimos manos a la obra en el proyecto de una banda que realmente resaltara nuestros gustos musicales, con una formaci\u00f3n musical y tablas que nos llevaron a crear buen heavy metal, empezamos como que no quiere la cosa, componiendo temas y en cuanto hubo unos pocos nos lanzamos a presentarlo en directo, en cuestion de tres meses ya dimos nuestra primera actuaci\u00f3n, interpretando unos primitivos \u201cComo una estrella\u201d o \u201cEclipse\u201d, pocos temas propios mas y una burrada de versiones; a todo esto le sucedieron muchos conciertos por la region, en garitos y donde se pudiera tocar, la gente estaba muy contenta con lo que haciamos, nos empezaron a catalogar como power metal, estilo nada visto por cantabria y nos decian que teniamos similitud con bandas como Helloween, Iron maiden, Baron rojo, Ankhara\u2026 esto posiblemente fue lo que nos dio la fuerza para continuar subiendo, componiendo y dando bolos sin parar, incluso nos buscamos las casta\u00f1as para grabarnos los temas en plan muy, pero que muy casero, en un pc, y sin tener ni pajolera idea de grabacion, pero nosotros estabamos contentos con lo grabado (aunque a dia de hoy te entra la risa escuchandolo jeje\u2026), lo movimos un poquillo y cuando quisimos darnos cuenta ya teniamos un nombre en Cantabria llevando el heavy metal por bandera; conseguimos de mano propia tocar con grupos como Saratoga y Ankhara, Tambien en festivales y en Bilborock, viendo que todo iba viento en popa decidimos que la grabaci\u00f3n en un estudio debia ser inminente, asi que ya nos planteamos que esa grabacion seria un Album, que en cuanto se enteraron Santogrial se pusieron en contacto con nosotros y nos ficharon, en 2004 se publica \u201cMas alla del sol\u201d con gira y gran aceptaci\u00f3n del cd debut y el resto es lo que ya todo el mundo conoce. <\/p>\n<p style=\"text-align: justify;\"><o:p><b style=\"\"> <\/b><\/o:p><b style=\"\"><\/p>\n<p style=\"margin-left: 27pt; text-align: justify; text-indent: -18pt;\"><!--[if !supportLists]--><b style=\"\"><strong><span style=\"font-weight: normal;\"><span style=\"\">&#8211;<span style=\"font-family: \"Times New Roman\"; font-style: normal; font-variant: normal; font-weight: normal; font-size: 7pt; line-height: normal; font-size-adjust: none; font-stretch: normal;\">         <\/span><\/span><\/span><\/strong><!--[endif]--><strong>\u201c<\/strong><strong><span style=\"font-weight: normal;\">Seguimos en pie\u201d, un t\u00edtulo revelador quiz\u00e1s?<\/span><o:p><\/o:p><\/strong><\/p>\n<p style=\"margin-left: 9pt; text-align: justify;\"><o:p><b style=\"\"> <\/b><\/o:p><b style=\"\"><\/p>\n<p style=\"text-align: justify;\"><b style=\"\"><strong><span style=\"font-weight: normal;\">Javier<\/span>.-<\/strong> Si, en efecto\u2026 lo que queremos infundir con este titulo es que tenemos nuevo trabajo en la calle, que seguimos en este duro mundo de la musica en el que cuesta muchisimo guardar la linea y por otra parte viene al pelo porque desde el primer album han pasado ya tres largos a\u00f1os, el ultimo bastante en la sombra porque estuvimos cambiando de formaci\u00f3n y componiendo nuevos temas y los fans te hechan un poco de menos y enseguida sacan erroneas conclusiones cuando no ven que apareces en los medios, asi que para alegria de todos, estamos aqu\u00ed todav\u00eda para mucho tiempo.<\/p>\n<p style=\"text-align: justify;\"><o:p><b style=\"\"> <\/b><\/o:p><b style=\"\"><\/p>\n<p style=\"margin-left: 27pt; text-align: justify; text-indent: -18pt;\"><!--[if !supportLists]--><b style=\"\"><strong><span style=\"font-weight: normal;\"><span style=\"\">&#8211;<span style=\"font-family: \"Times New Roman\"; font-style: normal; font-variant: normal; font-weight: normal; font-size: 7pt; line-height: normal; font-size-adjust: none; font-stretch: normal;\">         <\/span><\/span><\/span><\/strong><!--[endif]--><strong><span style=\"font-weight: normal;\">Un trabajo con una producci\u00f3n muy cuidada, tanto en lo musical como en el aspecto est\u00e9tico. Se nota que Santo Grial ha apostado muy fuerte por este disco,no?<o:p><\/o:p><\/span><\/strong><\/p>\n<p style=\"margin-left: 9pt; text-align: justify;\"><o:p><b style=\"\"> <\/b><\/o:p><b style=\"\"><\/p>\n<p style=\"text-align: justify;\"><b style=\"\"><img class=\"imgdcha\" src=\"\/\/www.metal-archives.com\/images\/5\/1\/8\/6\/51868.jpg\" id=\"img_2\"\/><strong><span style=\"font-weight: normal;\">Javier.-<\/span> <\/strong>Este disco puedo asegurar que es un autentico derroche, y esta muy bien preparado, empezando por la composici\u00f3n de los temas, nueva formaci\u00f3n, aires nuevos, hemos crecido mucho con el anterior cd y con la gira, esto se plasma aqu\u00ed, temas muy variados, sonido mas potente\u2026 hemos roto con todo lo anterior, lo unico que se ha quedado es la esencia personal de <strong><span style=\"font-weight: normal;\">ADGAR<\/span><\/strong> y ser fieles a nuestro sello y firma, pero tanteando varios estilos, desde el rock hasta el metal pasando por el hard rock mas americano, power que nos define y las a\u00f1oradas baladas, grabamos dos, una lentita arpegiada muy emotiva y la otra de corta duracion muy Folk-epica; hemos cambiado de estudio de grabacion , esta vez en Acme y Mezclado y masterizado en Bunker por Alberto Rionda, al dise\u00f1o y portada tambien le hemos dado un nuevo aire, la caratula es muy resultona y el librito , fotos y dise\u00f1o no tiene desperdicio, esto creo que es un matiz muy importante en la presentacion de un disco, apostando por incluir bien de temas, todos igual de importantes y con un dvd de regalo, todo a precio de cd normal.<\/p>\n<p style=\"text-align: justify;\"><o:p><b style=\"\"> <\/b><\/o:p><b style=\"\"><\/p>\n<p style=\"margin-left: 27pt; text-align: justify; text-indent: -18pt;\"><!--[if !supportLists]--><b style=\"\"><strong><span style=\"font-weight: normal;\"><span style=\"\">&#8211;<span style=\"font-family: \"Times New Roman\"; font-style: normal; font-variant: normal; font-weight: normal; font-size: 7pt; line-height: normal; font-size-adjust: none; font-stretch: normal;\">         <\/span><\/span><\/span><\/strong><!--[endif]--><strong><span style=\"font-weight: normal;\">Aparecen varios invitados en \u201cSeguimos en pie\u201d como el propio Alberto Rionda, que ha mezclado y masterizado, ademas de Pacho Brea y Pedro de <st1:personname productid=\"la Osa.\u00bfC\u00f3mo\" w:st=\"on\">la Osa.\u00bfC\u00f3mo<\/st1:personname> surgi\u00f3 el tema de las colaboraciones?<o:p><\/o:p><\/span><\/strong><\/p>\n<p style=\"margin-left: 9pt; text-align: justify;\"><o:p><b style=\"\"> <\/b><\/o:p><b style=\"\"><\/p>\n<p style=\"text-align: justify;\"><b style=\"\"><strong><span style=\"font-weight: normal;\">Javier.-<\/span> <\/strong>Al igual que el primer disco decidimos la participaci\u00f3n de amigos, es algo que nos gusta, tener a colegas y personas admiradas junto a nosotros, cada colaboraci\u00f3n es un mundo, a Pacho le tenemos desde el primer album, pero no fue posible por tiempo, distancia y demas\u2026 asi que de este no podia pasar, aunque fue complicadillo, pero con tiempo lo conseguimos, nos pusimos en contacto desde el principio con \u00e9l y acepto encantado, de hecho tambien le quedaba la espinita de la otra vez, y por ambas partes muy contentos con su participaci\u00f3n, \u201cAmigo del viento\u201d es un tema muy Ankhara como \u00e9l mismo dice, muy heavy, y nosotros nos sentimos muy orgullosos de poder resurgir a esta leyenda en un album, que ya habia ganas de escucharle, luego tenemos a Pedro de Osa, solemos salir juntos bastante ya que \u00e9l es de cerquita nuestro, a colaborado en algun que otro concierto con nosotros, y ademas somos fans de Gris Perla, \u201cJoven es la noche\u201d es muy roquera y fiestera , rozando el rock urbano incluso, y cabe recordar que Pedro es el guitarrista de parabellum asi que quedo perfecta su participaci\u00f3n, Angel, nuestro vocalista colabora en el directo de Gris Perla que grabaron en el Anztokia de Bilbao que saldra publicado en pocos meses, por ultimo contamos con Alberto para incluir un solo en \u201cLeyenda del rock\u201d porque Avalanch fue una de las bandas que empezo la nueva ola de heavy nacional a finales de los noventa y le consideramos una leyenda a Rionda, ademas como anecdota yo de chaval tuve la gran suerte de ver a Avalanch cuando empezaban en un concurso de maquetas, ya marcaban maneras y de hecho el tiempo les dio la razon, nos sentimos identificados en parte con ellos y con las colaboraciones que participan con nosotros, seguiremos haciendolo en discos venideros.<\/p>\n<p style=\"text-align: justify;\"><o:p><b style=\"\"> <\/b><\/o:p><b style=\"\"><\/p>\n<p style=\"margin-left: 27pt; text-align: justify; text-indent: -18pt;\"><!--[if !supportLists]--><b style=\"\"><strong><span style=\"font-weight: normal;\"><span style=\"\">&#8211;<span style=\"font-family: \"Times New Roman\"; font-style: normal; font-variant: normal; font-weight: normal; font-size: 7pt; line-height: normal; font-size-adjust: none; font-stretch: normal;\">         <\/span><\/span><\/span><\/strong><!--[endif]--><strong><span style=\"font-weight: normal;\">\u00bfEst\u00e1is satisfechos con el trabajo final?<o:p><\/o:p><\/span><\/strong><\/p>\n<p style=\"margin-left: 9pt; text-align: justify;\"><o:p><b style=\"\"> <\/b><\/o:p><b style=\"\"><\/p>\n<p style=\"text-align: justify;\"><b style=\"\"><img loading=\"lazy\" class=\"imgizqda\" src=\"\/\/www.metal-archives.com\/images\/1\/3\/8\/8\/138813.jpg\" id=\"img_3\" width=\"408\" height=\"348\"\/><strong><span style=\"font-weight: normal;\">Javier.-<\/span> <\/strong>Si, por supuesto, lo que mas nos ha gustado es el sonido potente y directo, en nuestro anterior trabajo sonaba todo muy artificial, muy plastico, aqu\u00ed esta todo mas definido , potente y directo, cambiando en el sonido y el aspecto final; en cuanto a lo que es el producto en general, muy contentos es una joya que nos ha costado muchos sudores y trabajo, pero que al final ves los frutos y merece la pena oir a los fans decir que es un trabajo muy bueno y a los medios ponerlo de referente y disco de actualidad con puntuaciones de nueve y pico, sin duda es un album que nos esta abriendo muchas puertas y nos situa poco a poco dentro de los grupos que ya empiezan a ser muy nombrados y solicitados, sentimos una gran satisfacci\u00f3n despu\u00e9s de un a\u00f1o de largo trabajo.<\/p>\n<p style=\"text-align: justify;\"><o:p><b style=\"\"> <\/b><\/o:p><b style=\"\"><\/p>\n<p style=\"margin-left: 27pt; text-align: justify; text-indent: -18pt;\"><!--[if !supportLists]--><b style=\"\"><strong><span style=\"font-weight: normal;\"><span style=\"\">&#8211;<span style=\"font-family: \"Times New Roman\"; font-style: normal; font-variant: normal; font-weight: normal; font-size: 7pt; line-height: normal; font-size-adjust: none; font-stretch: normal;\">         <\/span><\/span><\/span><\/strong><!--[endif]--><strong><span style=\"font-weight: normal;\">De quien fue la idea de incluir el DVD con los video clips y las entrevistas?<o:p><\/o:p><\/span><\/strong><\/p>\n<p style=\"margin-left: 9pt; text-align: justify;\"><o:p><b style=\"\"> <\/b><\/o:p><b style=\"\"><\/p>\n<p style=\"text-align: justify;\"><b style=\"\"><strong><span style=\"font-weight: normal;\">Javier.-<\/span> <\/strong>La idea fue nuestra, en este disco queriamos ofrecer todo el materia posible a los fans, que esten satisfechos y que conozcan a la banda, con varios videoclips, entrevistas al grupo y colaboraciones, dos extensas galerias de fotos\u2026un dvd de lujo, por otra parte es una buena forma de combatir la pirater\u00eda, un cd con 16 temas, casi doble, mas de setenta minutos, portada y dise\u00f1o a capricho y este fabuloso dvd de regalo todo a un muy buen precio, y esta dando excelentes resultados, estan satisfechos con la compra y se esta vendiendo estupendamente, es un paso que damos por parte de la banda, ahora falta que toda la gente se conciencie y compre el disco, que a veces se hacen comodos a grabarlo y asi no valoran el contenido y con esto lo que consiguen es hacer desaparecer a muchas bandas buenas como ha sido en muchos casos.<\/p>\n<p style=\"text-align: justify;\"><o:p><b style=\"\"> <\/b><\/o:p><b style=\"\"><\/p>\n<p style=\"margin-left: 27pt; text-align: justify; text-indent: -18pt;\"><!--[if !supportLists]--><b style=\"\"><strong><span style=\"font-weight: normal;\"><span style=\"\">&#8211;<span style=\"font-family: \"Times New Roman\"; font-style: normal; font-variant: normal; font-weight: normal; font-size: 7pt; line-height: normal; font-size-adjust: none; font-stretch: normal;\">         <\/span><\/span><\/span><\/strong><!--[endif]--><strong><span style=\"font-weight: normal;\">Ya se que es dif\u00edcil elegir, pero que tema bajo vuestro punto de vista, ha quedado mejor despues de machacarlo en el local de ensayo?<o:p><\/o:p><\/span><\/strong><\/p>\n<p style=\"margin-left: 9pt; text-align: justify;\"><o:p><b style=\"\"> <\/b><\/o:p><b style=\"\"><\/p>\n<p style=\"text-align: justify;\"><b style=\"\"><strong><span style=\"font-weight: normal;\">Javier.-<\/span> <\/strong>Pues sinceramente este disco le hemos preparado muy bien, a conciencia y con tiempo, asi que hay muchos temas que han quedado rompedores, y como ya hemos comentado cada uno en un rumbo, el primer tema propiamente dicho \u201cAsesinos de un dios\u201d es un tema muy heavy, bien estructurado, muy ca\u00f1ero, \u201cJovene s la noche\u201d es un tema que puede corear cualquier persona, desde el mas heavy hasta el mas roquero de garaje, \u201camigo del viento\u201d es un tema que quedo muy correcto, guardando toda nuestra esencia del primer disco, el doble bombo power pero con mas madurez, estribillo altamente pegadizo, \u201cMirame\u201d es un clasico ya, uno de los cortes que mas esta gustando junto a el me atrevo a decir ya himno \u201cLeyenda del rock\u201d en el que hacemos referencia a clasicos del rock nacional :Baron rojo, Ankhara, Panzer, Lujuria, Mago de oz, Obus\u2026 es de las que mas nos sentimos orgullosos, un merecido homenaje a nuestras leyendas, es la delicia en directo.<\/p>\n<p style=\"text-align: justify;\"><o:p><b style=\"\"> <\/b><\/o:p><b style=\"\"><\/p>\n<p style=\"margin-left: 27pt; text-align: justify; text-indent: -18pt;\"><!--[if !supportLists]--><b style=\"\"><strong><span style=\"font-weight: normal;\"><span style=\"\">&#8211;<span style=\"font-family: \"Times New Roman\"; font-style: normal; font-variant: normal; font-weight: normal; font-size: 7pt; line-height: normal; font-size-adjust: none; font-stretch: normal;\">         <\/span><\/span><\/span><\/strong><!--[endif]--><strong><span style=\"font-weight: normal;\">Me imagino que este disco, tal y como ha sido concebido, va a ser un trallazo en directo, pensais lo mismo?<o:p><\/o:p><\/span><\/strong><\/p>\n<p style=\"margin-left: 9pt; text-align: justify;\"><o:p><b style=\"\"> <\/b><\/o:p><b style=\"\"><\/p>\n<p style=\"text-align: justify;\"><b style=\"\"><strong><span style=\"font-weight: normal;\">Javier.-<\/span> <\/strong>llenan de energia, los conciertos que vamos dando estan siendo una pasada, la gente los corea y bota, desde los mas j\u00f3venes a los mas duchos en la materia, eso es lo que nos alegra, que tenemos el publico muy repartido, gusta por igual a nuevas como antiguas generaciones, nuestro directo esta lleno de fuerza y energia, siempre hemos dicho que somos una banda de directo y lo llevamos defendiendo con muchas fechas a la espalda y un publico satisfecho.<\/p>\n<p style=\"text-align: justify;\"><o:p><b style=\"\"> <\/b><\/o:p><b style=\"\"><\/p>\n<p style=\"margin-left: 27pt; text-align: justify; text-indent: -18pt;\"><!--[if !supportLists]--><b style=\"\"><strong><span style=\"font-weight: normal;\"><span style=\"\">&#8211;<span style=\"font-family: \"Times New Roman\"; font-style: normal; font-variant: normal; font-weight: normal; font-size: 7pt; line-height: normal; font-size-adjust: none; font-stretch: normal;\">         <\/span><\/span><\/span><\/strong><!--[endif]--><strong><span style=\"font-weight: normal;\">ADGAR ha compartido escenario con Tierra Santa, Saratoga, Ankhara, etc \u2026 Se pueden contar estas bandas entre vuestras influencias mas inmediatas?<o:p><\/o:p><\/span><\/strong><\/p>\n<p style=\"margin-left: 9pt; text-align: justify;\"><o:p><b style=\"\"> <\/b><\/o:p><b style=\"\"><\/p>\n<p style=\"text-align: justify;\"><b style=\"\"><strong><span style=\"font-weight: normal;\">Javier.-<\/span> <\/strong>En el terreno nacional estamos influenciados principalmente por los mas clasicos como Obus, Baron Rojo, Muro.. y la nueva saga de finales de los noventa como Avalanch, Saratoga,Lujuria, Ankhara\u2026 luego nuestras influencias son muy variadas desde heavy metal como Helloween, Yngwie Malmsteen, iron Maiden, Dream Theater.. metal como Pantera, Sepultura.. y en general un poco de todo, cogemos lo bueno de todo y hacemos con ello nuestro heavy metal que nos caracteriza.<\/p>\n<p style=\"text-align: justify;\"><o:p><b style=\"\"> <\/b><\/o:p><b style=\"\"><\/p>\n<p style=\"margin-left: 27pt; text-align: justify; text-indent: -18pt;\"><!--[if !supportLists]--><b style=\"\"><strong><span style=\"font-weight: normal;\"><span style=\"\">&#8211;<span style=\"font-family: \"Times New Roman\"; font-style: normal; font-variant: normal; font-weight: normal; font-size: 7pt; line-height: normal; font-size-adjust: none; font-stretch: normal;\">         <\/span><\/span><\/span><\/strong><!--[endif]--><strong><span style=\"font-weight: normal;\">\u00bfHa sido muy duro llegar hasta aqu\u00ed con dos discos bajo el brazo, tal y como esta el panorama rockero de este pais?<o:p><\/o:p><\/span><\/strong><\/p>\n<p style=\"margin-left: 9pt; text-align: justify;\"><o:p><b style=\"\"> <\/b><\/o:p><b style=\"\"><\/p>\n<p style=\"text-align: justify;\"><b style=\"\"><img class=\"imgdcha\" src=\"\/\/c2.ac-images.myspacecdn.com\/images01\/73\/l_e31f0ed17c624a3a13e0fcaf91b78a89.jpg\" id=\"img_4\"\/><strong><span style=\"font-weight: normal;\">Javier.-<\/span> <\/strong>Si, ha sido duro, mucho trabajo y persistencia la que nos ha situado aqu\u00ed, pero creo que lo importante no es llegar si no mantenerse y seguir dando cada vez mas y mejor, pero es muy dif\u00edcil con el panorama de este pais, el publico cada vez compra menos discos y asiste menos a los conciertos cuando parad\u00f3jicamente es el publico mas fiel y verdadero, pero a la vista esta.. que hay miles de \u201cflores de invernadero\u201d como dice nuestro colega Sherpa, que venden lo que quieren y mas y llenan estadios y tristemente la familia del heavy no estamos unida y preferimos quedarnos en casa o grabar los discos, no entiendo como grupos con varios discos y renombre toquen en una sala de alguna ciudad y solo asistan cincuenta personas, esto por desgracia es muy habitual, posiblemente la nueva generacion se conciencie y cambie las cosas y vuelvan a estar como deberian.<\/p>\n<p style=\"text-align: justify;\"><o:p><b style=\"\"> <\/b><\/o:p><b style=\"\"><\/p>\n<p style=\"margin-left: 27pt; text-align: justify; text-indent: -18pt;\"><!--[if !supportLists]--><b style=\"\"><strong><span style=\"font-weight: normal;\"><span style=\"\">&#8211;<span style=\"font-family: \"Times New Roman\"; font-style: normal; font-variant: normal; font-weight: normal; font-size: 7pt; line-height: normal; font-size-adjust: none; font-stretch: normal;\">         <\/span><\/span><\/span><\/strong><!--[endif]--><strong><span style=\"font-weight: normal;\">Hab\u00e9is estado teloneando a mis paisanos Tierra Santa en varios conciertos, \u00bfQu\u00e9 tal la experiencia?<o:p><\/o:p><\/span><\/strong><\/p>\n<p style=\"margin-left: 9pt; text-align: justify;\"><o:p><b style=\"\"> <\/b><\/o:p><b style=\"\"><\/p>\n<p style=\"text-align: justify;\"><b style=\"\"><strong><span style=\"font-weight: normal;\">Javier.-<\/span> <\/strong>Bien, nos acogieron para acompa\u00f1arles en la gira a la vez que nosotros presentabamos nuestro primer abum \u201cMas alla del sol\u201d, estuvimos por toda Espa\u00f1a y nos conocio mucha gente, son buena gente y Sonia su Road Manager tambien, fue una experiencia positiva, ya tenemos ganas de volver a hacer algo juntos, a ver en esta nueva gira si coincidimos.<\/p>\n<p style=\"text-align: justify;\"><o:p><b style=\"\"> <\/b><\/o:p><b style=\"\"><\/p>\n<p style=\"margin-left: 27pt; text-align: justify; text-indent: -18pt;\"><!--[if !supportLists]--><b style=\"\"><strong><span style=\"font-weight: normal;\"><span style=\"\">&#8211;<span style=\"font-family: \"Times New Roman\"; font-style: normal; font-variant: normal; font-weight: normal; font-size: 7pt; line-height: normal; font-size-adjust: none; font-stretch: normal;\">         <\/span><\/span><\/span><\/strong><!--[endif]--><strong><span style=\"font-weight: normal;\">\u00bfC\u00f3mo ha reaccionado el p\u00fablico ante vuestros nuevos temas?<o:p><\/o:p><\/span><\/strong><\/p>\n<p style=\"margin-left: 9pt; text-align: justify;\"><o:p><b style=\"\"> <\/b><\/o:p><b style=\"\"><\/p>\n<p style=\"text-align: justify;\"><b style=\"\"><strong><span style=\"font-weight: normal;\">Javier.-<\/span> <\/strong>\u00a1Terriblemente bien!, y coreando los temas, han gustado mucho, en directo tienen mucha fuerza y los estribillos son muy pegadizos, en ese sentido estan respondiendo muy positivamente, esto es lo que te anima a tocar por todas partes, los fans son los que recargan nuestras pilas y gracias a ellos seguimos en pie.<\/p>\n<p style=\"text-align: justify;\"><o:p><b style=\"\"> <\/b><\/o:p><b style=\"\"><\/p>\n<p style=\"margin-left: 27pt; text-align: justify; text-indent: -18pt;\"><!--[if !supportLists]--><b style=\"\"><strong><span style=\"font-weight: normal;\"><span style=\"\">&#8211;<span style=\"font-family: \"Times New Roman\"; font-style: normal; font-variant: normal; font-weight: normal; font-size: 7pt; line-height: normal; font-size-adjust: none; font-stretch: normal;\">         <\/span><\/span><\/span><\/strong><!--[endif]--><strong><span style=\"font-weight: normal;\">Vais a presentar \u201cSeguimos en pie\u201d por las principales ciudades del pais? Me imagino que con la calidad que tiene este nuevo disco se os abriran muchas mas puertas,no?<o:p><\/o:p><\/span><\/strong><\/p>\n<p style=\"margin-left: 9pt; text-align: justify;\"><o:p><b style=\"\"> <\/b><\/o:p><b style=\"\"><\/p>\n<p style=\"text-align: justify;\"><b style=\"\"><strong><span style=\"font-weight: normal;\">Javier.-<\/span> <\/strong>Si, tenemos ya una extensa gira, todav\u00eda con muchas cosas por confirmar, tambien hemos dado ya algunos conciertos, con Baron rojo , tambien acusticos, este verano tenemos confirmados unos cuantos festivales, y ciudades asi a priori que pisemos pues Bilbao junto a Lujuria, Zaragoza, Cantabria, Madrid\u2026 y lo que vayamos confirmando, intentaremos hacer todas las ciudades posibles, nos hemos planteado no parar de tocar en donde se pueda sin decir no a nada.. hombre.. a veces es imposible por cuestiones economicas y demas, pero donde alla un hueco alla vamos, esta gira no se lo va a perder nadie van a tener mucho <strong><span style=\"font-weight: normal;\">ADGAR<\/span><\/strong><\/b><b style=\"\">; a veces nos jode no poder tocar en sitios donde hay muchos fans que nos lo piden, pero esperemos que en esta gira no halla ningun problema, ganas y expectativas hay, asi que nos veremos seguro.<\/p>\n<p style=\"text-align: justify;\"><o:p><b style=\"\"><\/b><b style=\"\"> <\/b><\/o:p><b style=\"\"><\/b><b style=\"\"><\/p>\n<p style=\"margin-left: 27pt; text-align: justify; text-indent: -18pt;\"><!--[if !supportLists]--><b style=\"\"><\/b><b style=\"\"><strong><span style=\"font-weight: normal;\"><span style=\"\">&#8211;<span style=\"font-family: \"Times New Roman\"; font-style: normal; font-variant: normal; font-weight: normal; font-size: 7pt; line-height: normal; font-size-adjust: none; font-stretch: normal;\">         <\/span><\/span><\/span><\/strong><!--[endif]--><strong><span style=\"font-weight: normal;\">Para ir acabando, \u00bfPlanes para el futuro?<o:p><\/o:p><\/span><\/strong><\/p>\n<p style=\"margin-left: 9pt; text-align: justify;\"><o:p><b style=\"\"><\/b><b style=\"\"> <\/b><\/o:p><b style=\"\"><\/b><b style=\"\"><\/p>\n<p style=\"text-align: justify;\"><b style=\"\"><\/b><b style=\"\"><strong><span style=\"font-weight: normal;\">Javier.-<\/span> <\/strong>Presentar el disco en esta gira, tocar y tocar, vamos a estar bien apretados de agenda, poco a poco iremos componiendo temas nuevos, de hecho ya tenemos unos pocos que van a romper con lo anterior y en cuanto acabemos la gira nos meteremos al estudio a grabar nuevo album, no queremos hacer esperar tres a\u00f1os como este ultimo.<\/p>\n<p style=\"text-align: justify;\"><o:p><b style=\"\"><\/b><b style=\"\"> <\/b><\/o:p><b style=\"\"><\/b><b style=\"\"><\/p>\n<p style=\"margin-left: 27pt; text-align: justify; text-indent: -18pt;\"><!--[if !supportLists]--><b style=\"\"><\/b><b style=\"\"><strong><span style=\"font-weight: normal;\"><span style=\"\">&#8211;<span style=\"font-family: \"Times New Roman\"; font-style: normal; font-variant: normal; font-weight: normal; font-size: 7pt; line-height: normal; font-size-adjust: none; font-stretch: normal;\">         <\/span><\/span><\/span><\/strong><!--[endif]--><strong><span style=\"font-weight: normal;\">Pues muchas, gracias, \u00bfAlgo que a\u00f1adir para nuestros lectores?<o:p><\/o:p><\/span><\/strong><\/p>\n<p style=\"margin-left: 9pt; text-align: justify;\"><o:p><b style=\"\"><\/b><b style=\"\"> <\/b><\/o:p><b style=\"\"><\/b><b style=\"\"><\/p>\n<p style=\"text-align: justify;\"><b style=\"\"><\/b><b style=\"\"><strong><span style=\"font-weight: normal;\">Javier.-<\/span> <\/strong>Darles las gracias por confiar en nosotros y hacer que sigamos en pie por muchos a\u00f1os, un fuerte abrazo, nos vemos en la gira \u201cSeguimos en tour\u00b407\u201d y que estaremos aqu\u00ed hasta que ellos manden, todo esto es por y para ellos.<\/p>\n<p style=\"text-align: justify;\"><o:p><b style=\"\"><\/b><b style=\"\"> <\/b><\/o:p><b style=\"\"><\/b><b style=\"\"><\/p>\n<p style=\"text-align: justify;\"><b style=\"\"><\/b><b style=\"\"><strong>Francisco Gonzalo ( Entrevista extra\u00edda de Rafabasa.com )<\/strong><\/b><b style=\"\"><o:p><\/o:p><\/p>\n<p><\/b><\/p>\n<p><\/b><\/p>\n<p><\/b><\/p>\n<p><\/b><\/p>\n<p><\/b><\/p>\n<p><\/b><\/p>\n<p><\/b><\/p>\n<p><\/b><\/p>\n<p><\/b><\/p>\n<p><\/b><\/p>\n<p><\/b><\/p>\n<p><\/b><\/p>\n<p><\/b><\/p>\n<p><\/b><\/p>\n<p><\/b><\/p>\n<p><\/b><\/p>\n<p><\/b><\/p>\n<p><\/b><\/p>\n<p><\/b><\/p>\n<p><\/b><\/p>\n<p><\/b><\/p>\n<p><\/b><\/p>\n<p><\/b><\/p>\n<p><\/b><\/p>\n<p><\/b><\/p>\n<p><\/b><\/p>\n<p><\/b><\/p>\n<p><\/b><\/p>\n<p><\/b><\/p>\n<p><\/b><\/p>\n<p><\/b><\/p>\n<p><\/b><\/p>\n<p><\/b><\/p>\n<p><\/b><\/p>\n<p><\/b><\/p>\n<p><\/b><\/p>\n<p><\/b><\/p>\n<p><\/b><\/p>\n<p><\/b><\/p>\n<p><\/b><\/p>\n<p><\/b><\/p>\n<p><\/b><\/p>\n<p><\/b><\/p>\n<p><\/b><\/p>\n<p><\/b><\/p>\n<p><\/b><\/p>\n<p><\/b><\/p>\n<p><\/b><\/p>\n<p><\/b><\/p>\n<p><\/b><\/p>\n<p><\/b><\/p>\n<p><\/b><\/p>\n<p><\/b><\/p>\n<p><\/b><\/p>\n<p><\/b><\/p>\n<p><\/b><\/p>\n<p><\/b><\/p>\n<p><\/b><\/p>\n<p><\/b><\/p>\n","protected":false},"excerpt":{"rendered":"<p>O no viene nadie o todos a la vez. El caso es que el pr\u00f3ximo viernes dia 6 de Marzo en Logro\u00f1o y a la misma hora, dos bandas de Heavy Metal for\u00e1neas actuar\u00e1n en la capital. Como ya sabeis, los reunidos PANZER descargar\u00e1n todo su arsenal en la Sala Biribay. A su vez, los [&hellip;]<\/p>\n","protected":false},"author":12,"featured_media":0,"comment_status":"open","ping_status":"closed","sticky":false,"template":"","format":"standard","meta":[],"categories":[4],"tags":[33],"_links":{"self":[{"href":"https:\/\/blogs.larioja.com\/metalpesado\/wp-json\/wp\/v2\/posts\/226"}],"collection":[{"href":"https:\/\/blogs.larioja.com\/metalpesado\/wp-json\/wp\/v2\/posts"}],"about":[{"href":"https:\/\/blogs.larioja.com\/metalpesado\/wp-json\/wp\/v2\/types\/post"}],"author":[{"embeddable":true,"href":"https:\/\/blogs.larioja.com\/metalpesado\/wp-json\/wp\/v2\/users\/12"}],"replies":[{"embeddable":true,"href":"https:\/\/blogs.larioja.com\/metalpesado\/wp-json\/wp\/v2\/comments?post=226"}],"version-history":[{"count":1,"href":"https:\/\/blogs.larioja.com\/metalpesado\/wp-json\/wp\/v2\/posts\/226\/revisions"}],"predecessor-version":[{"id":3626,"href":"https:\/\/blogs.larioja.com\/metalpesado\/wp-json\/wp\/v2\/posts\/226\/revisions\/3626"}],"wp:attachment":[{"href":"https:\/\/blogs.larioja.com\/metalpesado\/wp-json\/wp\/v2\/media?parent=226"}],"wp:term":[{"taxonomy":"category","embeddable":true,"href":"https:\/\/blogs.larioja.com\/metalpesado\/wp-json\/wp\/v2\/categories?post=226"},{"taxonomy":"post_tag","embeddable":true,"href":"https:\/\/blogs.larioja.com\/metalpesado\/wp-json\/wp\/v2\/tags?post=226"}],"curies":[{"name":"wp","href":"https:\/\/api.w.org\/{rel}","templated":true}]}}