{"id":236,"date":"2009-03-03T10:13:54","date_gmt":"2009-03-03T10:13:54","guid":{"rendered":"http:\/\/blogs.larioja.com\/metalpesado\/?p=236"},"modified":"2025-09-10T17:37:17","modified_gmt":"2025-09-10T15:37:17","slug":"a-corazon-abierto-entrevista-carlos-pina","status":"publish","type":"post","link":"https:\/\/blogs.larioja.com\/metalpesado\/a-corazon-abierto-entrevista-carlos-pina\/","title":{"rendered":"A CORAZ\u00d3N ABIERTO, ENTREVISTA A CARLOS PINA"},"content":{"rendered":"<p><meta http-equiv=\"Content-Type\" content=\"text\/html; charset=utf-8\"\/><meta name=\"ProgId\" content=\"Word.Document\"\/><meta name=\"Generator\" content=\"Microsoft Word 11\"\/><meta name=\"Originator\" content=\"Microsoft Word 11\"\/><link rel=\"File-List\" href=\"file:\/\/\/C:%5CDOCUME%7E1%5Cfgonzalo%5CCONFIG%7E1%5CTemp%5Cmsohtml1%5C01%5Cclip_filelist.xml\"\/><o:smarttagtype namespaceuri=\"urn:schemas-microsoft-com:office:smarttags\" name=\"metricconverter\"><\/o:smarttagtype><o:smarttagtype namespaceuri=\"urn:schemas-microsoft-com:office:smarttags\" name=\"PersonName\"><\/o:smarttagtype>  <\/p>\n<p class=\"MsoNormal\" style=\"text-align: justify;\"><span style=\"\">A prop\u00f3sito de la inminente visita a Logro\u00f1o que los m\u00edticos PANZER tienen programada  el pr\u00f3ximo viernes d\u00eda 6 en la Sala Biribay Jazz Club junto a los riojanos OCTOPUSSY,  me puse en contacto con su l\u00edder y vocalista Carlos Pina para que nos desvelase las \u00faltimas novedades de PANZER y todo lo referente a su esperado regreso. Esto fue lo que cont\u00f3 a Metal Pesado el carism\u00e1tico m\u00fasico y periodista musical:<span style=\"\">   <\/span><o:p><\/o:p><\/span><\/p>\n<p class=\"MsoNormal\" style=\"text-align: justify;\"><span style=\"\"><o:p> <\/o:p><\/span><\/p>\n<p class=\"MsoNormal\" style=\"text-align: justify;\"><img loading=\"lazy\" class=\"imgizqda\" src=\"\/\/www.exporockmusic.com\/images\/panzer\/pina_radio_web.jpg\" id=\"img_0\" width=\"306\" height=\"458\"\/><span style=\"\">\u00a1Panzer han regresado! \u00bfHasta que punto \u2013 y perd\u00f3name la broma Carlos &#8211; es responsable de este regreso el Expediente de Regulaci\u00f3n de Empleo de RTVE?<o:p><\/o:p><\/span><\/p>\n<p class=\"MsoNormal\" style=\"text-align: justify;\"><b style=\"\"><span style=\"\"><o:p> <\/o:p><\/span><\/p>\n<p class=\"MsoNormal\" style=\"text-align: justify;\"><span style=\"\"><b style=\"\">La vuelta de PANZER comenz\u00f3 hace tres a\u00f1os, cuando a un t\u00e9cnico de escenario y guitarra nuestro de la primera \u00e9poca, Francisco Ramos, se le ocurri\u00f3 hacer una reuni\u00f3n. Nos vimos, hablamos, tocamos con muchas ganas y notamos que nos lo pas\u00e1bamos bien juntos de nuevo. Hab\u00edamos descubierto que ten\u00edamos ganas de tocar y de gustar y de sentirnos m\u00e1s rejuvenecidos. El Rock, la m\u00fasica en general, te da alas, es como el Redbull\u2026Yo hab\u00eda participado junto al grupo CASABLANCA en el primer festival Leyendas, haciendo cuatro temas de PANZER y me v\u00ed con \u00e1nimo de voz y de rockear de nuevo. Mi esposa falleci\u00f3 en 2004 de un cancer mortal, y la verdad\u2026necesitaba sentirme vivo de nuevo. Han pasado unos a\u00f1os duros y aqu\u00ed estamos de nuevo\u2026hemos cambiado algunos componentes y ahora estamos tres miembros fundadores del grupo y un guitarrista genial, que es Miguel \u201cel rubio\u201d y estamos pensando en meter otro guitarra m\u00e1s..tal vez\u2026Despu\u00e9s surgi\u00f3 lo del E.R.E de RTVE, Radio <st1:metricconverter productid=\"3, a\" w:st=\"on\">3, a<\/st1:metricconverter> la que debo todo lo que soy como periodista musical.<o:p><\/o:p><\/b><\/span><b style=\"\"><\/p>\n<p class=\"MsoNormal\" style=\"text-align: justify;\"><b style=\"\"><\/b><b style=\"\"><span style=\"\"><o:p> <\/o:p><\/span><\/p>\n<p class=\"MsoNormal\" style=\"text-align: justify;\"><span style=\"\"><b style=\"\"><\/b><b style=\"\">Carlos, \u00bfqu\u00e9 se siente al estar de nuevo en la carretera junto con tus viejos amigos Fernando ( bajo ) y Rafa ( bater\u00eda ), miembros originales de Panzer desde sus comienzos?<o:p><\/o:p><\/b><\/span><b style=\"\"><\/b><b style=\"\"><\/p>\n<p class=\"MsoNormal\" style=\"text-align: justify;\"><span style=\"\"><o:p><b style=\"\"><\/b><b style=\"\"> <\/b><\/o:p><\/span><b style=\"\"><\/b><b style=\"\"><\/p>\n<p class=\"MsoNormal\" style=\"text-align: justify;\"><span style=\"\"><b style=\"\"><\/b><b style=\"\">Sientes que somos m<\/b><\/span><span lang=\"ES-TRAD\"><b style=\"\"><\/b><b style=\"\">\u00e1s viejos y ahora no nos importa que nos timen, nos re\u00edmos\u2026Todos se llevan la pasta menos nosotros, pero nos da igual\u2026tocamos sobre todo porque nos apetece ver a la gente cantando nuestras canciones. Eso nos hace sentirnos acompa\u00f1ados, menos solos\u2026GRACIAS P\u00daBLICO!!!<\/b><\/span><b style=\"\"><\/b><b style=\"\"><\/p>\n<p class=\"MsoNormal\" style=\"text-align: justify;\"><span style=\"\"><o:p><b style=\"\"><\/b><b style=\"\"> <\/b><\/o:p><\/span><b style=\"\"><\/b><b style=\"\"><\/p>\n<p class=\"MsoNormal\" style=\"text-align: justify;\"><b style=\"\"><\/b><b style=\"\"><img loading=\"lazy\" class=\"imgdcha\" src=\"\/\/www.exporockmusic.com\/images\/panzer\/panzerdirectoweb.jpg\" id=\"img_1\" width=\"288\" height=\"194\"\/><span style=\"\">\u00bfQu\u00e9 tal se ha adaptado Miguel \u00c1ngel, el nuevo guitarrista?\u2026 y que tal est\u00e1n cuajando los primeros shows? \u00bfOs hab\u00e9is llevado alguna sorpresa en especial, por lo que sea, despu\u00e9s de tantos a\u00f1os alejados de las tablas?<o:p><\/o:p><\/span><\/p>\n<p class=\"MsoNormal\" style=\"text-align: justify;\"><span style=\"\"><o:p><b style=\"\"><\/b><b style=\"\"> <\/b><\/o:p><\/span><b style=\"\"><\/b><b style=\"\"><\/p>\n<p class=\"MsoNormal\" style=\"text-align: justify;\"><span style=\"\"><b style=\"\"><\/b><b style=\"\">Hemos tocado en el Festival Leyendas del Rock dos veces con PANZER y muy bien. Hemos hecho salas peque\u00f1as, Mostotes, Leganes Most Music, dos d\u00edas a tope. Hemos estado en Sala Arco, Alcazar, \u2026genial, en Valladolid, brutal!!!&#8230;qu\u00e9 se yo\u2026, muy bien\u2026y lo que te comento, que todo est\u00e1 poco a poco muy bien, sin prisas\u2026es como hacer el amor\u2026todo sin prisas y que dure para disfrutarlo\u2026<o:p><\/o:p><\/b><\/span><b style=\"\"><\/b><b style=\"\"><\/p>\n<p class=\"MsoNormal\" style=\"text-align: justify;\"><span style=\"\"><o:p><b style=\"\"><\/b><b style=\"\"> <\/b><\/o:p><\/span><b style=\"\"><\/b><b style=\"\"><\/p>\n<p class=\"MsoNormal\" style=\"text-align: justify;\"><span style=\"\"><b style=\"\"><\/b><b style=\"\">En los a\u00f1os ochenta os proclamabais seguidores de <st1:personname productid=\"la Santa Trinidad\" w:st=\"on\"><\/st1:personname><st1:personname productid=\"la Santa\" w:st=\"on\">la Santa<\/st1:personname> Trinidad, es decir, el p\u00fablico, los m\u00fasicos y el Heavy Metal. \u00bfQu\u00e9 ha quedado de todo aquello?\u00bfTanto ha cambiado el asunto o por el contrario, la evoluci\u00f3n de nuestra escena es una receta que se cocina a fuego lento?<o:p><\/o:p><\/b><\/span><b style=\"\"><\/b><b style=\"\"><\/p>\n<p class=\"MsoNormal\" style=\"text-align: justify;\"><span style=\"\"><o:p><b style=\"\"><\/b><b style=\"\"> <\/b><\/o:p><\/span><b style=\"\"><\/b><b style=\"\"><\/p>\n<p class=\"MsoNormal\" style=\"text-align: justify;\"><span style=\"\"><b style=\"\"><\/b><b style=\"\">El p\u00fablico es la base de todo. Solo algunos grupos norteamericanos tocan en el Polo Norte, como una especie de festival retador contra el fr\u00edo y la carencia de p\u00fablico. Nosotros necesitamos al p\u00fablico, es qui\u00e9n nos arropa y nos lleva a lo m\u00e1s alto. Es el p\u00fablico en qui\u00e9n creo. El Heavy Metal es, desde LED ZEPPELIN, el estilo en el que todos los rockeros estamos metidos y es algo que nos sobrepasa. Con respecto a los m\u00fasicos habr\u00eda mucho que decir\u2026M\u00fasico es para m\u00ed todo aquel que siente lo que hace y se dispone a crear y luchar por algo que le gusta. Hay personas que sin ser m\u00fasicos luchan cada d\u00eda por una ilusi\u00f3n y muchas veces sin \u00e1nimo de lucro. Para m<\/b><\/span><span lang=\"ES-TRAD\"><b style=\"\"><\/b><b style=\"\">\u00ed esas personas son compositores de la armon\u00eda de la vida\u2026pasi\u00f3n y ganas por cambiar el mundo.<\/b><\/span><b style=\"\"><\/b><b style=\"\"><\/p>\n<p class=\"MsoNormal\" style=\"text-align: justify;\"><span lang=\"ES-TRAD\"><o:p><b style=\"\"><\/b><b style=\"\"> <\/b><\/o:p><\/span><b style=\"\"><\/b><b style=\"\"><\/p>\n<p class=\"MsoNormal\" style=\"text-align: justify;\"><b style=\"\"><\/b><b style=\"\"><img class=\"imgizqda\" src=\"\/\/c3.ac-images.myspacecdn.com\/images01\/79\/l_89ed5c720141e29e762970e6d2d4abae.jpg\" id=\"img_2\"\/><span style=\"\">Las personas puede, pero las grandes bandas de nuestro Rock no se jubilan. Personalmente pienso que poder ver a estos grandes m\u00fasicos todav\u00eda en activo es todo un regalo, pero\u2026\u00bfPor qu\u00e9 hay gente que desea enterrar nuestro pasado si contin\u00faa siendo nuestro presente y futuro?\u00bfLograremos que este pa\u00eds apoye alg\u00fan d\u00eda el rock patrio y la escena local?<o:p><\/o:p><\/span><\/p>\n<p class=\"MsoNormal\" style=\"text-align: justify;\"><span style=\"\"><o:p><b style=\"\"><\/b><b style=\"\"> <\/b><\/o:p><\/span><b style=\"\"><\/b><b style=\"\"><\/p>\n<p class=\"MsoNormal\" style=\"text-align: justify;\"><span style=\"\"><b style=\"\"><\/b><b style=\"\">En este momento vivimos el presente y el pasado, y mientras el cuerpo aguante, todo el mundo deber\u00eda seguir intent\u00e1ndolo. Solo cuando el tedio y la rutina te invade, es cuando la decadencia hace que tu espect\u00e1culo sea una mierda. Entonces es cuando debes dejarlo, cuando notes, sientas que no puedes. Pero cada uno es su propio censor, el p\u00fablico quiere verte y recordar, revivir momentos y si tu cuerpo aguanta, adelante!. Hay veces que en un mercado tan fam\u00e9lico como \u00e9ste habr\u00e1 mucha gente que opte por la cr\u00edtica, pero el problema es que hay que arriesgarse y los medios deber\u00edan apoyar m\u00e1s los sentimientos de los m\u00fasicos en Espa\u00f1a y dejarse de mariconadas.<o:p><\/o:p><\/b><\/span><b style=\"\"><\/b><b style=\"\"><\/p>\n<p class=\"MsoNormal\" style=\"text-align: justify;\"><span style=\"\"><o:p><b style=\"\"><\/b><b style=\"\"> <\/b><\/o:p><\/span><b style=\"\"><\/b><b style=\"\"><\/p>\n<p class=\"MsoNormal\" style=\"text-align: justify;\"><span style=\"\"><b style=\"\"><\/b><b style=\"\">La filosof\u00eda de Panzer siempre fue intentar hacer algo diferente, nuevo, con grandes canciones para que la gente pudiese gozar con la m\u00fasica en s\u00ed, como hac\u00edais vosotros. Se convirti\u00f3 en vuestro estilo de vida. Carlos, \u00bfcrees que la gran mayor\u00eda de los grupos actuales pueden ganarse la etiqueta de \u201ccurrantes del rock\u201d tal y como hicisteis vosotros? \u00bfHoy en d\u00eda se trabaja m\u00e1s delante del espejo que en el local de ensayo?<o:p><\/o:p><\/b><\/span><b style=\"\"><\/b><b style=\"\"><\/p>\n<p class=\"MsoNormal\" style=\"text-align: justify;\"><span style=\"\"><o:p><b style=\"\"><\/b><b style=\"\"> <\/b><\/o:p><\/span><b style=\"\"><\/b><b style=\"\"><\/p>\n<p class=\"MsoNormal\" style=\"text-align: justify;\"><span style=\"\"><b style=\"\"><\/b><b style=\"\">\u00a1Hombre!&#8230;no s\u00e9. Tenemos muy buenos grupos, se me ocurren m\u00e1s de cien. El d\u00eda 26 de Febrero voy a entregar cien premios en la primera edici\u00f3n de los Premios a <st1:personname productid=\"la Creatividad\" w:st=\"on\">la Creatividad<\/st1:personname> \u2013 los anunci\u00e1bamos en Metal Pesado el pasado jueves \u2013 y creo que hay muchos y muy buenos\u2026l\u00e1stima que los medios vivan fuera de la realidad. Solo est\u00e1n con las realidades fr\u00edvolas de lo que aporta dinero\u2026y eso es lo f\u00e1cil\u2026ellos viven ajenos a las inquietudes.<o:p><\/o:p><\/b><\/span><b style=\"\"><\/b><b style=\"\"><\/p>\n<p class=\"MsoNormal\" style=\"text-align: justify;\"><span style=\"\"><o:p><b style=\"\"><\/b><b style=\"\"> <\/b><\/o:p><\/span><b style=\"\"><\/b><b style=\"\"><\/p>\n<p class=\"MsoNormal\" style=\"text-align: justify;\"><b style=\"\"><\/b><b style=\"\"><img loading=\"lazy\" class=\"imgdcha\" src=\"\/\/c4.ac-images.myspacecdn.com\/images01\/127\/l_c6febbaab361fc808a6f901415e6c397.jpg\" id=\"img_3\" width=\"345\" height=\"161\"\/><span style=\"\">Tras cuatro discos de estudio, un \u00e1lbum en directo y la mala experiencia sufrida con vuestra antigua discogr\u00e1fica Zafiro, \u00bfOs han quedado ganas de grabar nuevo material parea editarlo en un futuro o por el contrario y tal como est\u00e1 el patio musical, no tendr\u00eda mucho sentido en esta nueva etapa de Panzer? <o:p><\/o:p><\/span><\/p>\n<p class=\"MsoNormal\" style=\"text-align: justify;\"><span style=\"\"><o:p><b style=\"\"><\/b><b style=\"\"> <\/b><\/o:p><\/span><b style=\"\"><\/b><b style=\"\"><\/p>\n<p class=\"MsoNormal\" style=\"text-align: justify;\"><span style=\"\"><b style=\"\"><\/b><b style=\"\">Queremos y estamos trabajando en nuevas ideas, pero es pronto. Veremos que ocurre en los pr\u00f3ximos meses\u2026<o:p><\/o:p><\/b><\/span><b style=\"\"><\/b><b style=\"\"><\/p>\n<p class=\"MsoNormal\" style=\"text-align: justify;\"><span style=\"\"><o:p><b style=\"\"><\/b><b style=\"\"> <\/b><\/o:p><\/span><b style=\"\"><\/b><b style=\"\"><\/p>\n<p class=\"MsoNormal\" style=\"text-align: justify;\"><span style=\"\"><b style=\"\"><\/b><b style=\"\">Por cierto Carlos, \u00bfvaloras m\u00e1s ahora cada minuto que est\u00e1s sobre el escenario?. <o:p><\/o:p><\/b><\/span><b style=\"\"><\/b><b style=\"\"><\/p>\n<p class=\"MsoNormal\" style=\"text-align: justify;\"><span style=\"\"><o:p><b style=\"\"><\/b><b style=\"\"> <\/b><\/o:p><\/span><b style=\"\"><\/b><b style=\"\"><\/p>\n<p class=\"MsoNormal\" style=\"text-align: justify;\"><span style=\"\"><b style=\"\"><\/b><b style=\"\">Sobre todo valoro estar en forma para cantar hora y media y dosificarme a tope y que suene bien. Cantar no es una misi\u00f3n suicida sino algo maravilloso, adem\u00e1s el p\u00fablico canta y corea las canciones. Ahora intento disfrutar m\u00e1s\u2026<o:p><\/o:p><\/b><\/span><b style=\"\"><\/b><b style=\"\"><\/p>\n<p class=\"MsoNormal\" style=\"text-align: justify;\"><span style=\"\"><o:p><b style=\"\"><\/b><b style=\"\"> <\/b><\/o:p><\/span><b style=\"\"><\/b><b style=\"\"><\/p>\n<p class=\"MsoNormal\" style=\"text-align: justify;\"><span style=\"\"><b style=\"\"><\/b><b style=\"\">En el a\u00f1o 2004 se edit\u00f3 un tributo a Panzer titulado \u201cDespertando al innombrable\u201d. \u00bfQu\u00e9 supuso para ti este tributo? \u00bfSabes que en \u00e9l aparec\u00eda la banda riojana Red Wine \u2013 desgraciadamente desaparecida &#8211; marc\u00e1ndose la versi\u00f3n de \u201cPredicador\u201d? \u00bfConoces algo de la escena musical riojana?<o:p><\/o:p><\/b><\/span><b style=\"\"><\/b><b style=\"\"><\/p>\n<p class=\"MsoNormal\" style=\"text-align: justify;\"><span style=\"\"><o:p><b style=\"\"><\/b><b style=\"\"> <\/b><\/o:p><\/span><b style=\"\"><\/b><b style=\"\"><\/p>\n<p class=\"MsoNormal\" style=\"text-align: justify;\"><b style=\"\"><\/b><b style=\"\"><img loading=\"lazy\" class=\"imgizqda\" src=\"\/\/c4.ac-images.myspacecdn.com\/images01\/111\/l_f1895fd385ee78e42e50c49e835d21cb.jpg\" id=\"img_5\" width=\"287\" height=\"285\"\/><span style=\"\">La escena de <st1:personname productid=\"La Rioja\" w:st=\"on\">La Rioja<\/st1:personname> en donde tocaremos el d\u00eda 6 de Marzo resulta sumamente atractiva\u2026sobre todo tras el empuje del festival<span style=\"\">  <\/span>que abre cada a\u00f1o la lista de festivales en Espa\u00f1a, el Actual. Ha dado mucha vida a la creaci\u00f3n musical en <st1:personname productid=\"La Rioja\" w:st=\"on\">La Rioja<\/st1:personname> y de eso se contagia todo el panorama de alrededor. He presentado en varias ocasiones para RNE el festival y desde RED WINE, como comentas, a TIERRA SANTA. Han evolucionado mucho los grupos de Rock y ahora hay una cantera tan grande que el Actual se quedar\u00eda corto. El homenaje al grupo supuso otro acercamiento m\u00e1s entre nosotros y ha sido un orgullo sentir que otros te tienen en cuenta. Conozco a OCTOPUSSY, con quienes vamos a tocar, \u2026NOMAD, he pinchado su m\u00fasica en mis programas\u2026..LOS MIRANDAS \u2026y m\u00e1s.<o:p><\/o:p><\/span><\/p>\n<p class=\"MsoNormal\" style=\"text-align: justify;\"><span style=\"\"><o:p><b style=\"\"><\/b><b style=\"\"> <\/b><\/o:p><\/span><b style=\"\"><\/b><b style=\"\"><\/p>\n<p class=\"MsoNormal\" style=\"text-align: justify;\"><span style=\"\"><b style=\"\"><\/b><b style=\"\">Aunque me imagino que te lo habr\u00e1n preguntado varias veces, no me puedo resistir. \u00bfC\u00f3mo ves el estado de forma del Heavy en nuestro pa\u00eds?\u00bfY todo este tinglado de Internet?<o:p><\/o:p><\/b><\/span><b style=\"\"><\/b><b style=\"\"><\/p>\n<p class=\"MsoNormal\" style=\"text-align: justify;\"><span style=\"\"><o:p><b style=\"\"><\/b><b style=\"\"> <\/b><\/o:p><\/span><b style=\"\"><\/b><b style=\"\"><\/p>\n<p class=\"MsoNormal\" style=\"text-align: justify;\"><span style=\"\"><b style=\"\"><\/b><b style=\"\">Lo veo genial. Hay m\u00e1s grupos que nunca y todos estamos en el mismo barco que nos gusta y queremos\u2026y cada vez hay m\u00e1s gente a pesar de las crisis personales. Pero tambi\u00e9n siento que hay que ser consciente de la evoluci\u00f3n de los estilos y de los m\u00fasicos. El Rock es tan amplio que el arco iris de colores que despliega es genial!. El Heavy se est\u00e1, como todo, amoldando a los tiempos que corren y aunque hay una parte del p\u00fablico que prefiere el sabor del pasado, hay otra gran parte que est\u00e1 por las nuevas apuestas. Eso hace que cuando alg\u00fan grupo arrastra gente por inter\u00e9s, se congreguen tantos miles de personas. En el panorama internacional ocurre lo mismo. Cuando un grupo de Heavy no llena demasiado, no hay que alucinar, simplemente hay que pensar en que no se puede estar toda la vida ah\u00ed arriba. Esto tiene vida y cambia, se mueve\u2026lo bueno es seguir ilusionados.<o:p><\/o:p><\/b><\/span><b style=\"\"><\/b><b style=\"\"><\/p>\n<p class=\"MsoNormal\" style=\"text-align: justify;\"><span style=\"\"><o:p><b style=\"\"><\/b><b style=\"\"> <\/b><\/o:p><\/span><b style=\"\"><\/b><b style=\"\"><\/p>\n<p class=\"MsoNormal\" style=\"text-align: justify;\"><span style=\"\"><b style=\"\"><\/b><b style=\"\">Veintid\u00f3s a\u00f1os trabajando en RNE y Radio 3, adem\u00e1s de la prensa escrita musical, no son moco de pavo. Personalmente me muero de envidia Carlos. \u00bfTe consideras un privilegiado por haber estado<span style=\"\">  <\/span>tan unido a la m\u00fasica profesionalmente durante gran parte de tu vida?<o:p><\/o:p><\/b><\/span><b style=\"\"><\/b><b style=\"\"><\/p>\n<p class=\"MsoNormal\" style=\"text-align: justify;\"><span style=\"\"><o:p><b style=\"\"><\/b><b style=\"\"> <\/b><\/o:p><\/span><b style=\"\"><\/b><b style=\"\"><\/p>\n<p class=\"MsoNormal\" style=\"text-align: justify;\"><span style=\"\"><b style=\"\"><\/b><b style=\"\">S\u00ed, la verdad. Me siento muy feliz de estar viviendo en un planeta en el que los vientos de cambio llegan a trav\u00e9s del mundo intelectual y la m\u00fasica tiene esos dos componentes de coraz\u00f3n y de mente. He podido ver la comunicaci\u00f3n de cerca y poder operar a coraz\u00f3n abierto a las audiencias, y saber, aprender como es esto de hablar a las personas que todos somos y al mismo tiempo, desde el plano musical. Me estoy emocionando s\u00f3lo con responderte\u2026ahora que valoro esto, siento que la m\u00fasica es lo m\u00e1s importante que tiene el ser humano\u2026\u00bfqui\u00e9n la descubri\u00f3?&#8230;.<o:p><\/o:p><\/b><\/span><b style=\"\"><\/b><b style=\"\"><\/p>\n<p class=\"MsoNormal\" style=\"text-align: justify;\"><span style=\"\"><o:p><b style=\"\"><\/b><b style=\"\"> <\/b><\/o:p><\/span><b style=\"\"><\/b><b style=\"\"><\/p>\n<p class=\"MsoNormal\" style=\"text-align: justify;\"><span style=\"\"><o:p><b style=\"\"><\/b><b style=\"\"> <\/b><\/o:p><\/span><b style=\"\"><\/b><b style=\"\"><\/p>\n<p class=\"MsoNormal\" style=\"text-align: justify;\"><b style=\"\"><\/b><b style=\"\"><img loading=\"lazy\" class=\"imgdcha\" src=\"\/\/c2.ac-images.myspacecdn.com\/images01\/77\/l_2cab1e0fc4c422ddac0990a7c6d2de11.jpg\" id=\"img_6\" width=\"270\" height=\"270\"\/><span style=\"\">El pr\u00f3ximo jueves 26 de Febrero, en la sala Ritmo &#038; Comp\u00e1s de Madrid, se celebrar\u00e1 la gala de los I Premios Carlos Pina a <st1:personname productid=\"la Creatividad\" w:st=\"on\">la Creatividad<\/st1:personname> del Rock Espa\u00f1ol. Carlos, cu\u00e9ntanos como se te ocurre organizar estos premios, los cuales me parecen una aut\u00e9ntica gozada, \u00a1nada m\u00e1s y nada menos que 100 reconocimientos!<o:p><\/o:p><\/span><\/p>\n<p class=\"MsoNormal\" style=\"text-align: justify;\"><span style=\"\"><o:p><b style=\"\"><\/b><b style=\"\"> <\/b><\/o:p><\/span><b style=\"\"><\/b><b style=\"\"><\/p>\n<p class=\"MsoNormal\" style=\"text-align: justify;\"><span style=\"\"><b style=\"\"><\/b><b style=\"\">Surgen como incentivo a los m\u00fasicos espa\u00f1oles que estamos tan dispersos y ahora tan necesitados de cari\u00f1o. Popular 1, Mart\u00edn J.Luis, nos ense\u00f1\u00f3 a todos que los premios son un reconocimiento para unir ideas y es lo que quiero hacer, reconocer el valor a la creaci\u00f3n que pocos valoran en un universo de medios de comunicaci\u00f3n llenos de estupideces. El Rock en Espa\u00f1a tiene una familia, miles de corazones que viven por y para la m\u00fasica. Yo quer\u00eda hacer una fiesta de despedida de Radio 3. Nano Ruiz de Lengua Armada lo hizo el pasado a\u00f1o, y la m\u00eda era este homenaje a los m\u00fasicos que pretendo que se quede como algo para los a\u00f1os venideros. Premios a <st1:personname productid=\"la  Creatividad\" w:st=\"on\">la<span style=\"\">  <\/span>Creatividad<\/st1:personname> del Rock Espa\u00f1ol \u201cCarlos Pina\u201d.<o:p><\/o:p><\/b><\/span><b style=\"\"><\/b><b style=\"\"><\/p>\n<p class=\"MsoNormal\" style=\"text-align: justify;\"><span style=\"\"><o:p><b style=\"\"><\/b><b style=\"\"> <\/b><\/o:p><\/span><b style=\"\"><\/b><b style=\"\"><\/p>\n<p class=\"MsoNormal\" style=\"text-align: justify;\"><span style=\"\"><b style=\"\"><\/b><b style=\"\">Para finalizar Carlos, que nos puedes avanzar a toda la gran familia de Metal Pesado respecto a lo que el p\u00fablico riojano nos vamos a encontrar el pr\u00f3ximo 6 de Marzo en <st1:personname productid=\"la Sala Biribay\" w:st=\"on\"><\/st1:personname><st1:personname productid=\"la Sala\" w:st=\"on\">la Sala<\/st1:personname> Biribay de Logro\u00f1o.<o:p><\/o:p><\/b><\/span><b style=\"\"><\/b><b style=\"\"><\/p>\n<p class=\"MsoNormal\" style=\"text-align: justify;\"><span style=\"\"><o:p><b style=\"\"><\/b><b style=\"\"> <\/b><\/o:p><\/span><b style=\"\"><\/b><b style=\"\"><\/p>\n<p class=\"MsoNormal\" style=\"text-align: justify;\"><span style=\"\"><b style=\"\"><\/b><b style=\"\">Algo muy sencillo y muy grande. El reflejo de todas las personas que vayan a vernos, cantando canciones juntos y expresando sentimientos encontrados entre dos generaciones\u2026.Las canciones de directo son las que pensamos son las m\u00e1s importantes de nuestra carrera. Le pediremos al p\u00fablico que ellos decidan que canciones quieren escuchar.<o:p><\/o:p><\/b><\/span><b style=\"\"><\/b><b style=\"\"><\/p>\n<p class=\"MsoNormal\" style=\"text-align: justify;\"><span style=\"\"><o:p><b style=\"\"><\/b><b style=\"\"> <\/b><\/o:p><\/span><b style=\"\"><\/b><b style=\"\"><\/p>\n<p class=\"MsoNormal\" style=\"text-align: justify;\"><span style=\"\"><b style=\"\"><\/b><b style=\"\">\u00bfTendremos Panzer para rato?<o:p><\/o:p><\/b><\/span><b style=\"\"><\/b><b style=\"\"><\/p>\n<p class=\"MsoNormal\" style=\"text-align: justify;\"><span style=\"\"><o:p><b style=\"\"><\/b><b style=\"\"> <\/b><\/o:p><\/span><b style=\"\"><\/b><b style=\"\"><\/p>\n<p class=\"MsoNormal\" style=\"text-align: justify;\"><span style=\"\"><b style=\"\"><\/b><b style=\"\">Siempre que no seamos muy pesados\u2026.<o:p><\/o:p><\/b><\/span><b style=\"\"><\/b><b style=\"\"><\/p>\n<p class=\"MsoNormal\" style=\"text-align: justify;\"><span style=\"\"><o:p><b style=\"\"><\/b><b style=\"\"> <\/b><\/o:p><\/span><b style=\"\"><\/b><b style=\"\"><\/p>\n<p class=\"MsoNormal\" style=\"text-align: justify;\"><span style=\"\"><b style=\"\"><\/b><b style=\"\">\u00a1Un fuerte abrazo Carlos, de todo coraz\u00f3n!<o:p><\/o:p><\/b><\/span><b style=\"\"><\/b><b style=\"\"><\/p>\n<p class=\"MsoNormal\" style=\"text-align: justify;\"><span style=\"\"><o:p><b style=\"\"><\/b><b style=\"\"> <\/b><\/o:p><\/span><b style=\"\"><\/b><b style=\"\"><\/p>\n<p class=\"MsoNormal\" style=\"text-align: justify;\"><span style=\"\"><b style=\"\"><\/b><b style=\"\">Gracias a ti por tu apoyo. Nos vemos all\u00ed y nos tomamos unos vinos. Me comprar\u00e9 algunas botellitas para casa\u2026.<o:p><\/o:p><\/b><\/span><b style=\"\"><\/b><b style=\"\"><\/p>\n<p class=\"MsoNormal\" style=\"text-align: justify;\"><span style=\"\"><o:p><b style=\"\"><\/b><b style=\"\"> <\/b><\/o:p><\/span><b style=\"\"><\/b><b style=\"\"><\/p>\n<p class=\"MsoNormal\" style=\"text-align: justify;\"><span style=\"\"><b style=\"\"><\/b><b style=\"\">Salud!<o:p><\/o:p><\/b><\/span><b style=\"\"><\/b><b style=\"\"><\/p>\n<p><\/b><\/p>\n<p><\/b><\/p>\n<p><\/b><\/p>\n<p><\/b><\/p>\n<p><\/b><\/p>\n<p><\/b><\/p>\n<p><\/b><\/p>\n<p><\/b><\/p>\n<p><\/b><\/p>\n<p><\/b><\/p>\n<p><\/b><\/p>\n<p><\/b><\/p>\n<p><\/b><\/p>\n<p><\/b><\/p>\n<p><\/b><\/p>\n<p><\/b><\/p>\n<p><\/b><\/p>\n<p><\/b><\/p>\n<p><\/b><\/p>\n<p><\/b><\/p>\n<p><\/b><\/p>\n<p><\/b><\/p>\n<p><\/b><\/p>\n<p><\/b><\/p>\n<p><\/b><\/p>\n<p><\/b><\/p>\n<p><\/b><\/p>\n<p><\/b><\/p>\n<p><\/b><\/p>\n<p><\/b><\/p>\n<p><\/b><\/p>\n<p><\/b><\/p>\n<p><\/b><\/p>\n<p><\/b><\/p>\n<p><\/b><\/p>\n<p><\/b><\/p>\n<p><\/b><\/p>\n<p><\/b><\/p>\n<p><\/b><\/p>\n<p><\/b><\/p>\n<p><\/b><\/p>\n<p><\/b><\/p>\n<p><\/b><\/p>\n<p><\/b><\/p>\n<p><\/b><\/p>\n<p><\/b><\/p>\n<p><\/b><\/p>\n<p><\/b><\/p>\n<p><\/b><\/p>\n<p><\/b><\/p>\n<p><\/b><\/p>\n<p><\/b><\/p>\n<p><\/b><\/p>\n<p><\/b><\/p>\n<p><\/b><\/p>\n<p><\/b><\/p>\n<p><\/b><\/p>\n<p><\/b><\/p>\n<p><\/b><\/p>\n<p><\/b><\/p>\n<p><\/b><\/p>\n","protected":false},"excerpt":{"rendered":"<p>A prop\u00f3sito de la inminente visita a Logro\u00f1o que los m\u00edticos PANZER tienen programada el pr\u00f3ximo viernes d\u00eda 6 en la Sala Biribay Jazz Club junto a los riojanos OCTOPUSSY, me puse en contacto con su l\u00edder y vocalista Carlos Pina para que nos desvelase las \u00faltimas novedades de PANZER y todo lo referente a [&hellip;]<\/p>\n","protected":false},"author":12,"featured_media":0,"comment_status":"open","ping_status":"closed","sticky":false,"template":"","format":"standard","meta":[],"categories":[4],"tags":[261,378,432,957,1091,1213,1232,1252,1357,1393,1525,1558,1614,1742,1774,1819,1900,2147,2339,2372],"_links":{"self":[{"href":"https:\/\/blogs.larioja.com\/metalpesado\/wp-json\/wp\/v2\/posts\/236"}],"collection":[{"href":"https:\/\/blogs.larioja.com\/metalpesado\/wp-json\/wp\/v2\/posts"}],"about":[{"href":"https:\/\/blogs.larioja.com\/metalpesado\/wp-json\/wp\/v2\/types\/post"}],"author":[{"embeddable":true,"href":"https:\/\/blogs.larioja.com\/metalpesado\/wp-json\/wp\/v2\/users\/12"}],"replies":[{"embeddable":true,"href":"https:\/\/blogs.larioja.com\/metalpesado\/wp-json\/wp\/v2\/comments?post=236"}],"version-history":[{"count":1,"href":"https:\/\/blogs.larioja.com\/metalpesado\/wp-json\/wp\/v2\/posts\/236\/revisions"}],"predecessor-version":[{"id":3617,"href":"https:\/\/blogs.larioja.com\/metalpesado\/wp-json\/wp\/v2\/posts\/236\/revisions\/3617"}],"wp:attachment":[{"href":"https:\/\/blogs.larioja.com\/metalpesado\/wp-json\/wp\/v2\/media?parent=236"}],"wp:term":[{"taxonomy":"category","embeddable":true,"href":"https:\/\/blogs.larioja.com\/metalpesado\/wp-json\/wp\/v2\/categories?post=236"},{"taxonomy":"post_tag","embeddable":true,"href":"https:\/\/blogs.larioja.com\/metalpesado\/wp-json\/wp\/v2\/tags?post=236"}],"curies":[{"name":"wp","href":"https:\/\/api.w.org\/{rel}","templated":true}]}}