{"id":253,"date":"2009-03-21T11:55:18","date_gmt":"2009-03-21T11:55:18","guid":{"rendered":"http:\/\/blogs.larioja.com\/metalpesado\/?p=253"},"modified":"2025-09-10T17:37:07","modified_gmt":"2025-09-10T15:37:07","slug":"la-semilla-del-mal","status":"publish","type":"post","link":"https:\/\/blogs.larioja.com\/metalpesado\/la-semilla-del-mal\/","title":{"rendered":"LA SEMILLA DEL MAL"},"content":{"rendered":"<p><meta http-equiv=\"Content-Type\" content=\"text\/html; charset=utf-8\"\/><meta name=\"ProgId\" content=\"Word.Document\"\/><meta name=\"Generator\" content=\"Microsoft Word 11\"\/><meta name=\"Originator\" content=\"Microsoft Word 11\"\/><link rel=\"File-List\" href=\"file:\/\/\/C:%5CDOCUME%7E1%5CHEAVYM%7E1%5CCONFIG%7E1%5CTemp%5Cmsohtml1%5C01%5Cclip_filelist.xml\"\/><!--[if gte mso 9]><xml>  <w:worddocument>   <w:view>Normal<\/w:view>   <w:zoom>0<\/w:zoom>   <w:hyphenationzone>21<\/w:hyphenationzone>   <w:punctuationkerning><\/w:punctuationkerning>   <w:validateagainstschemas><\/w:validateagainstschemas>   <w:saveifxmlinvalid>false<\/w:saveifxmlinvalid>   <w:ignoremixedcontent>false<\/w:ignoremixedcontent>   <w:alwaysshowplaceholdertext>false<\/w:alwaysshowplaceholdertext>   <w:compatibility>    <w:breakwrappedtables><\/w:breakwrappedtables>    <w:snaptogridincell><\/w:snaptogridincell>    <w:wraptextwithpunct><\/w:wraptextwithpunct>    <w:useasianbreakrules><\/w:useasianbreakrules>    <w:dontgrowautofit><\/w:dontgrowautofit>   <\/w:compatibility>   <w:browserlevel>MicrosoftInternetExplorer4<\/w:browserlevel>  <\/w:worddocument> <\/xml>< ![endif]--><!--[if gte mso 9]><xml>  <w:latentstyles DefLockedState=\"false\" LatentStyleCount=\"156\">  <\/w:latentstyles> <\/xml>< ![endif]--><\/p>\n<style> <!--  \/* Style Definitions *\/  p.MsoNormal, li.MsoNormal, div.MsoNormal {mso-style-parent:\"\"; margin:0cm; margin-bottom:.0001pt; mso-pagination:widow-orphan; font-size:12.0pt; font-family:\"Times New Roman\"; mso-fareast-font-family:\"Times New Roman\"; mso-ansi-language:ES-TRAD;} @page Section1 {size:612.0pt 792.0pt; margin:70.85pt 3.0cm 70.85pt 3.0cm; mso-header-margin:36.0pt; mso-footer-margin:36.0pt; mso-paper-source:0;} div.Section1 {page:Section1;} --> <\/style>\n<p><!--[if gte mso 10]> \n\n<style>  \/* Style Definitions *\/  table.MsoNormalTable {mso-style-name:\"Tabla normal\"; mso-tstyle-rowband-size:0; mso-tstyle-colband-size:0; mso-style-noshow:yes; mso-style-parent:\"\"; mso-padding-alt:0cm 5.4pt 0cm 5.4pt; mso-para-margin:0cm; mso-para-margin-bottom:.0001pt; mso-pagination:widow-orphan; font-size:10.0pt; font-family:\"Times New Roman\"; mso-ansi-language:#0400; mso-fareast-language:#0400; mso-bidi-language:#0400;} <\/style>\n\n < ![endif]-->  <\/p>\n<p class=\"MsoNormal\" style=\"text-align: justify;\"><span lang=\"ES-TRAD\">Los andaluces <\/span><a href=\"http:\/\/www.myspace.com\/humametal\" title=\"http:\/\/www.myspace.com\/humametal\" id=\"link_0\">HUMA<\/a> <span lang=\"ES-TRAD\"> llevan m\u00e1s de una d\u00e9cada d\u00e1ndole duro a esto del Heavy Metal. Por fin este 2009 les reporta gran parte de todo ese esfuerzo en forma de un merecido reconocimiento por parte de los medios especializados de nuestro pa\u00eds, gracias a su \u00faltimo trabajo &#8220;Semilla del Mal&#8221;, <\/span><span lang=\"ES-TRAD\">acaparando en <\/span><span lang=\"ES-TRAD\">gran n\u00famero la atenci\u00f3n del p\u00fablico y aficionados al g\u00e9nero. Como siempre, para que los conozcais un poco mejor aqu\u00ed os dejo su biograf\u00eda. Merecen mucho la pena.<\/span><\/p>\n<p class=\"MsoNormal\" style=\"text-align: justify;\"><span lang=\"ES-TRAD\"><o:p> <\/o:p><\/span><\/p>\n<p class=\"MsoNormal\" style=\"text-align: justify;\"><img loading=\"lazy\" class=\"imgizqda\" src=\"\/\/c2.ac-images.myspacecdn.com\/images02\/36\/l_dcf7157324ed415681799639d86f2355.jpg\" id=\"img_0\" width=\"328\" height=\"304\"\/><span lang=\"ES-TRAD\">\u201cLa banda se forma a mediados de 1997 en la ciudad de San Fernando, provincia de C\u00e1diz, y con el paso del tiempo fue experimentando diversos cambios en sus filas; aunque siempre mantuvieron su \u201ccolumna vertebral\u201d, hasta conseguir el sonido que buscaban.<\/p>\n<p> En su andadura, buscando su propio estilo, probaron algunos m\u00fasicos para, ahora, tener lo que tienen, que no es mas que un sonido cargado de potentes guitarras y una r\u00edtmica muy pronunciada, bajo dos voces encargadas de transmitir sus letras en el idioma de Cervantes (castellano). Huma recorri\u00f3 todo el pa\u00eds a modo de directos y firmes en su idea se dispusieron a grabar su primera demo con cuatro temas. Al a\u00f1o siguiente, y despu\u00e9s de haber creado cierta expectaci\u00f3n, se dispusieron a grabar una segunda maqueta; en esta ocasi\u00f3n el CD conten\u00eda 10 temas y le dieron un tratamiento como si de un disco se tratase, de manera que se convirtieron en uno de los grupos a tener en cuenta en la provincia.<\/span><\/p>\n<p class=\"MsoNormal\" style=\"text-align: justify;\"><span lang=\"ES-TRAD\"><br \/>\n <\/span><img loading=\"lazy\" class=\"imgdcha\" src=\"\/\/c2.ac-images.myspacecdn.com\/images02\/29\/l_1381986ae2ef42b2b0a133a198fe7559.jpg\" id=\"img_2\" width=\"232\" height=\"314\"\/><span lang=\"ES-TRAD\">El asunto comenzaba a ponerse serio en cuanto a popularidad y los conciertos iban funcionando m\u00e1s que bi\u00e9n, siendo requeridos por multitud de salas por todo el pa\u00eds, por lo que decidieron dar un paso m\u00e1s y se metieron en estudio a grabar un trabajo al que llamaron \u201cDesde el subsuelo\u201d. Por estas fechas se produjo un acercamiento m\u00e1s pronunciado hacia Fortu S\u00e1nchez, cantante del grupo OBUS, que les traer\u00eda bastantes consecuencias positivas en lo sucesivo.<\/span><\/p>\n<p class=\"MsoNormal\" style=\"text-align: justify;\"><span lang=\"ES-TRAD\"><br \/>\n <\/span> <span lang=\"ES-TRAD\">ue el 2005 cuando el acercamiento a Fortu les traer\u00eda consecuencias muy gratas al grupo en si. HUMA se disponen a entrar en estudio, de nuevo, a grabar un disco con la intenci\u00f3n de editarlo, distribuirlo y promocionarlo. Entre muchos de los alicientes, llamaron al propio Fortu para que colaborase poniendo su voz en uno de los temas incluidos en este trabajo \u201cA solas\u2026\u201d y \u00e9ste, no solo acept\u00f3 la invitaci\u00f3n con el mayor de los gustos sino que se implic\u00f3 de manera extraordinaria en el proyecto HUMA. <\/p>\n<p> Por iniciativa de Fortu, volaron rumbo a Bilbao, donde se dispon\u00edan a grabar el proyecto m\u00e1s ambicioso de la banda hasta el momento. Con una superproducci\u00f3n de lujo que ir\u00e1 acompa\u00f1ada de un videoclip de infarto con la idea de ser promocionados a gran escala. \u201cLuchando a muerte\u201d es un disco producido por Carlos Creador y Fortu S\u00e1nchez en THE <\/span><img loading=\"lazy\" class=\"imgizqda\" src=\"\/\/c2.ac-images.myspacecdn.com\/images02\/22\/l_bbf749f681d946508861b19e850af12d.jpg\" id=\"img_3\" width=\"290\" height=\"193\"\/><span lang=\"ES-TRAD\">ROCK STUDIOS de Bilbao, dicho trabajo cuenta con la colaboraci\u00f3n de Jose del grupo ATALAYA y de los propios Fortu y Carlos Creador. Este trabajo se espera que vea la luz a principio de Febrero.<\/span><\/p>\n<p class=\"MsoNormal\" style=\"text-align: justify;\"><span lang=\"ES-TRAD\"><span style=\"\"> <\/span><br \/>\n Durante este a\u00f1o pasado y con un single en la calle titulado \u201cA solas\u2026\u201d extra\u00eddo de lo que ser\u00e1 el primer trabajo discogr\u00e1fico de la banda \u201cLuchando a muerte\u201d, Huma, no para de tocar por todas las ciudades de Espa\u00f1a, compartiendo cartel con bandas como OBUS, BARON ROJO, SILVER FIST, FOOL\u2019S KIN, SCORPIONS (este se suspendi\u00f3), etc\u2026 cerrando el a\u00f1o con la presentaci\u00f3n oficial de la banda en Madrid por Fortu en un concierto impresionante acompa\u00f1ados de TIZONA.<\/span><\/p>\n<p class=\"MsoNormal\" style=\"text-align: justify;\"><span lang=\"ES-TRAD\"><br \/>\n Ya ha salido a la luz el \u00faltimo LP de HUMA &#8220;Semilla del Mal&#8221; el cual se presenta en formato cd + dvd.\u201d<\/span><\/p>\n<p><center><br \/>\n<object style=\"border: 0pt none ; margin: 0pt; background: transparent none repeat scroll 0% 0%; -moz-background-clip: -moz-initial; -moz-background-origin: -moz-initial; -moz-background-inline-policy: -moz-initial;\" width=\"425\" height=\"360\"><param name=\"allowFullScreen\" value=\"true\"\/><param name=\"movie\" value=\"http:\/\/mediaservices.myspace.com\/services\/media\/embed.aspx\/m=19812533,t=1,mt=video\"\/><embed src=\"\/\/mediaservices.myspace.com\/services\/media\/embed.aspx\/m=19812533,t=1,mt=video\" allowfullscreen=\"true\" type=\"application\/x-shockwave-flash\" width=\"425\" height=\"360\"\/><\/object><\/center><\/p>\n","protected":false},"excerpt":{"rendered":"<p>Los andaluces HUMA llevan m\u00e1s de una d\u00e9cada d\u00e1ndole duro a esto del Heavy Metal. Por fin este 2009 les reporta gran parte de todo ese esfuerzo en forma de un merecido reconocimiento por parte de los medios especializados de nuestro pa\u00eds, gracias a su \u00faltimo trabajo &#8220;Semilla del Mal&#8221;, acaparando en gran n\u00famero la [&hellip;]<\/p>\n","protected":false},"author":12,"featured_media":0,"comment_status":"open","ping_status":"closed","sticky":false,"template":"","format":"standard","meta":[],"categories":[3],"tags":[1016],"_links":{"self":[{"href":"https:\/\/blogs.larioja.com\/metalpesado\/wp-json\/wp\/v2\/posts\/253"}],"collection":[{"href":"https:\/\/blogs.larioja.com\/metalpesado\/wp-json\/wp\/v2\/posts"}],"about":[{"href":"https:\/\/blogs.larioja.com\/metalpesado\/wp-json\/wp\/v2\/types\/post"}],"author":[{"embeddable":true,"href":"https:\/\/blogs.larioja.com\/metalpesado\/wp-json\/wp\/v2\/users\/12"}],"replies":[{"embeddable":true,"href":"https:\/\/blogs.larioja.com\/metalpesado\/wp-json\/wp\/v2\/comments?post=253"}],"version-history":[{"count":1,"href":"https:\/\/blogs.larioja.com\/metalpesado\/wp-json\/wp\/v2\/posts\/253\/revisions"}],"predecessor-version":[{"id":3599,"href":"https:\/\/blogs.larioja.com\/metalpesado\/wp-json\/wp\/v2\/posts\/253\/revisions\/3599"}],"wp:attachment":[{"href":"https:\/\/blogs.larioja.com\/metalpesado\/wp-json\/wp\/v2\/media?parent=253"}],"wp:term":[{"taxonomy":"category","embeddable":true,"href":"https:\/\/blogs.larioja.com\/metalpesado\/wp-json\/wp\/v2\/categories?post=253"},{"taxonomy":"post_tag","embeddable":true,"href":"https:\/\/blogs.larioja.com\/metalpesado\/wp-json\/wp\/v2\/tags?post=253"}],"curies":[{"name":"wp","href":"https:\/\/api.w.org\/{rel}","templated":true}]}}