{"id":269,"date":"2009-04-07T09:30:00","date_gmt":"2009-04-07T09:30:00","guid":{"rendered":"http:\/\/blogs.larioja.com\/metalpesado\/?p=269"},"modified":"2025-09-10T17:36:43","modified_gmt":"2025-09-10T15:36:43","slug":"la-rioja-drumming-festival-nuevas-incorporaciones","status":"publish","type":"post","link":"https:\/\/blogs.larioja.com\/metalpesado\/la-rioja-drumming-festival-nuevas-incorporaciones\/","title":{"rendered":"LA RIOJA DRUMMING FESTIVAL, NUEVAS INCORPORACIONES"},"content":{"rendered":"<p><meta http-equiv=\"Content-Type\" content=\"text\/html; charset=utf-8\"\/><meta name=\"ProgId\" content=\"Word.Document\"\/><meta name=\"Generator\" content=\"Microsoft Word 11\"\/><meta name=\"Originator\" content=\"Microsoft Word 11\"\/><link rel=\"File-List\" href=\"file:\/\/\/C:%5CDOCUME%7E1%5CHEAVYM%7E1%5CCONFIG%7E1%5CTemp%5Cmsohtml1%5C01%5Cclip_filelist.xml\"\/><o:smarttagtype namespaceuri=\"urn:schemas-microsoft-com:office:smarttags\" name=\"PersonName\"><\/o:smarttagtype>  <\/p>\n<p class=\"MsoNormal\" style=\"text-align: justify;\"><img loading=\"lazy\" class=\"imgcen\" src=\"\/\/img113.imageshack.us\/img113\/7562\/banner5n.jpg\" id=\"img_0\" width=\"500\" height=\"359\"\/><\/p>\n<p class=\"MsoNormal\" style=\"text-align: justify;\"><span lang=\"ES-TRAD\"><br \/>\n<\/span><\/p>\n<p class=\"MsoNormal\" style=\"text-align: justify;\"><span lang=\"ES-TRAD\">Nuestros amigos de <st1:personname productid=\"La Rioja Drumming\" w:st=\"on\"><\/st1:personname><\/span><a href=\"http:\/\/www.myspace.com\/lariojadrummingfestival\" title=\"http:\/\/www.myspace.com\/lariojadrummingfestival\" id=\"link_0\">La Rioja Drumming Festival <\/a> <span lang=\"ES-TRAD\"><st1:personname productid=\"La Rioja Drumming\" w:st=\"on\"><\/st1:personname>nos ponen al d\u00eda en cuanto a las \u00faltimas novedades del asombroso festival que nos tiene preparado, en su quinta edici\u00f3n y pr\u00f3ximo a celebrarse la primera semana de Septiembre del presente a\u00f1o. Ya confirmados para actuar dentro del mismo &#8211; adem\u00e1s de los bater\u00edas Dom Famularo, Virgil Donati y Jojo Mayer &#8211;  los grandes <\/span><strong>Michel Camilo<\/strong><span lang=\"ES-TRAD\"> y <\/span><strong>Tomatito<\/strong><span lang=\"ES-TRAD\">, los cuales ofrecer\u00e1n en Logro\u00f1o su \u00fanico concierto en Espa\u00f1a dentro una espectacular gira que se desarrollar\u00e1 por completo en el pa\u00eds del sol naciente. Estos dos monstruos de la m\u00fasica reviven as\u00ed el \u00e9xito que ya tuvieran <span style=\"\"><\/span><\/span>  h<span lang=\"ES-TRAD\"><span style=\"\"><\/span>ace exactamente diez a\u00f1os con su anterior espect\u00e1culo, \u201c<\/span><em>Spain<\/em><span lang=\"ES-TRAD\">\u201d. <span style=\"\"> <\/span><\/span><\/p>\n","protected":false},"excerpt":{"rendered":"<p>Nuestros amigos de La Rioja Drumming Festival nos ponen al d\u00eda en cuanto a las \u00faltimas novedades del asombroso festival que nos tiene preparado, en su quinta edici\u00f3n y pr\u00f3ximo a celebrarse la primera semana de Septiembre del presente a\u00f1o. Ya confirmados para actuar dentro del mismo &#8211; adem\u00e1s de los bater\u00edas Dom Famularo, Virgil [&hellip;]<\/p>\n","protected":false},"author":12,"featured_media":0,"comment_status":"open","ping_status":"closed","sticky":false,"template":"","format":"standard","meta":[],"categories":[5],"tags":[1252],"_links":{"self":[{"href":"https:\/\/blogs.larioja.com\/metalpesado\/wp-json\/wp\/v2\/posts\/269"}],"collection":[{"href":"https:\/\/blogs.larioja.com\/metalpesado\/wp-json\/wp\/v2\/posts"}],"about":[{"href":"https:\/\/blogs.larioja.com\/metalpesado\/wp-json\/wp\/v2\/types\/post"}],"author":[{"embeddable":true,"href":"https:\/\/blogs.larioja.com\/metalpesado\/wp-json\/wp\/v2\/users\/12"}],"replies":[{"embeddable":true,"href":"https:\/\/blogs.larioja.com\/metalpesado\/wp-json\/wp\/v2\/comments?post=269"}],"version-history":[{"count":1,"href":"https:\/\/blogs.larioja.com\/metalpesado\/wp-json\/wp\/v2\/posts\/269\/revisions"}],"predecessor-version":[{"id":3582,"href":"https:\/\/blogs.larioja.com\/metalpesado\/wp-json\/wp\/v2\/posts\/269\/revisions\/3582"}],"wp:attachment":[{"href":"https:\/\/blogs.larioja.com\/metalpesado\/wp-json\/wp\/v2\/media?parent=269"}],"wp:term":[{"taxonomy":"category","embeddable":true,"href":"https:\/\/blogs.larioja.com\/metalpesado\/wp-json\/wp\/v2\/categories?post=269"},{"taxonomy":"post_tag","embeddable":true,"href":"https:\/\/blogs.larioja.com\/metalpesado\/wp-json\/wp\/v2\/tags?post=269"}],"curies":[{"name":"wp","href":"https:\/\/api.w.org\/{rel}","templated":true}]}}