{"id":279,"date":"2009-04-18T09:30:00","date_gmt":"2009-04-18T09:30:00","guid":{"rendered":"http:\/\/blogs.larioja.com\/metalpesado\/?p=279"},"modified":"2025-09-10T17:36:40","modified_gmt":"2025-09-10T15:36:40","slug":"de-nuevo-is-pain","status":"publish","type":"post","link":"https:\/\/blogs.larioja.com\/metalpesado\/de-nuevo-is-pain\/","title":{"rendered":"DE NUEVO, IS PAIN"},"content":{"rendered":"<p><meta http-equiv=\"Content-Type\" content=\"text\/html; charset=utf-8\"\/><meta name=\"ProgId\" content=\"Word.Document\"\/><meta name=\"Generator\" content=\"Microsoft Word 11\"\/><meta name=\"Originator\" content=\"Microsoft Word 11\"\/><link rel=\"File-List\" href=\"file:\/\/\/C:%5CDOCUME%7E1%5CHEAVYM%7E1%5CCONFIG%7E1%5CTemp%5Cmsohtml1%5C01%5Cclip_filelist.xml\"\/>\n<p class=\"MsoNormal\" style=\"text-align: justify;\"><img loading=\"lazy\" class=\"imgcen\" src=\"\/\/img186.imageshack.us\/img186\/7863\/ispainconcierto.jpg\" id=\"img_1\" width=\"550\" height=\"314\"\/><\/p>\n<p class=\"MsoNormal\" style=\"text-align: justify;\"><span lang=\"ES-TRAD\"><br \/>\n<\/span><\/p>\n<p class=\"MsoNormal\" style=\"text-align: justify;\"><span lang=\"ES-TRAD\">El pasado<\/span> <span lang=\"ES-TRAD\">mes, <\/span><em>Metal Pesado <\/em><span lang=\"ES-TRAD\">tuvimos el honor de charlar con Paco Agra, guitarrista fundador de los magn\u00edficos <\/span><strong>IS PAIN<\/strong><span lang=\"ES-TRAD\"> \u2013 para leer la entrevista<\/span> <span lang=\"ES-TRAD\">pincha <\/span><a href=\"..\/metalpesado\/2009\/2\/10\/is-pain-regreso-mas-esperado\" title=\"https:\/\/blogs.larioja.com\/metalpesado\/2009\/2\/10\/is-pain-regreso-mas-esperado\" id=\"link_0\">aqu\u00ed <\/a> <span lang=\"ES-TRAD\">&#8211; . Hoy sabado <span style=\"\"><\/span>ocho a\u00f1os despu\u00e9s, IS PAIN regresan a los escenarios tras un letargo que por fin acaba, para regocijo de quienes disfrutamos con su incre\u00edble m\u00fasica a principios de la presente d\u00e9cada. <\/span><em>Heavy Metal <\/em><span lang=\"ES-TRAD\">de primer orden. Esto es un notici\u00f3n amigos m\u00edos.<\/span> <span lang=\"ES-TRAD\"><\/span><\/p>\n<p class=\"MsoNormal\" style=\"text-align: justify;\">\n<p class=\"MsoNormal\" style=\"text-align: justify;\">\n<span lang=\"ES-TRAD\"><\/span><\/p>\n<p class=\"MsoNormal\" style=\"text-align: justify;\">\n<span lang=\"ES-TRAD\"><\/span><\/p>\n<p class=\"MsoNormal\" style=\"text-align: justify;\"><span lang=\"ES-TRAD\"><br \/>\n<\/span><\/p>\n","protected":false},"excerpt":{"rendered":"<p>El pasado mes, Metal Pesado tuvimos el honor de charlar con Paco Agra, guitarrista fundador de los magn\u00edficos IS PAIN \u2013 para leer la entrevista pincha aqu\u00ed &#8211; . Hoy sabado ocho a\u00f1os despu\u00e9s, IS PAIN regresan a los escenarios tras un letargo que por fin acaba, para regocijo de quienes disfrutamos con su incre\u00edble [&hellip;]<\/p>\n","protected":false},"author":12,"featured_media":0,"comment_status":"open","ping_status":"closed","sticky":false,"template":"","format":"standard","meta":[],"categories":[5],"tags":[445,1780],"_links":{"self":[{"href":"https:\/\/blogs.larioja.com\/metalpesado\/wp-json\/wp\/v2\/posts\/279"}],"collection":[{"href":"https:\/\/blogs.larioja.com\/metalpesado\/wp-json\/wp\/v2\/posts"}],"about":[{"href":"https:\/\/blogs.larioja.com\/metalpesado\/wp-json\/wp\/v2\/types\/post"}],"author":[{"embeddable":true,"href":"https:\/\/blogs.larioja.com\/metalpesado\/wp-json\/wp\/v2\/users\/12"}],"replies":[{"embeddable":true,"href":"https:\/\/blogs.larioja.com\/metalpesado\/wp-json\/wp\/v2\/comments?post=279"}],"version-history":[{"count":1,"href":"https:\/\/blogs.larioja.com\/metalpesado\/wp-json\/wp\/v2\/posts\/279\/revisions"}],"predecessor-version":[{"id":3572,"href":"https:\/\/blogs.larioja.com\/metalpesado\/wp-json\/wp\/v2\/posts\/279\/revisions\/3572"}],"wp:attachment":[{"href":"https:\/\/blogs.larioja.com\/metalpesado\/wp-json\/wp\/v2\/media?parent=279"}],"wp:term":[{"taxonomy":"category","embeddable":true,"href":"https:\/\/blogs.larioja.com\/metalpesado\/wp-json\/wp\/v2\/categories?post=279"},{"taxonomy":"post_tag","embeddable":true,"href":"https:\/\/blogs.larioja.com\/metalpesado\/wp-json\/wp\/v2\/tags?post=279"}],"curies":[{"name":"wp","href":"https:\/\/api.w.org\/{rel}","templated":true}]}}