{"id":286,"date":"2009-04-27T09:20:00","date_gmt":"2009-04-27T09:20:00","guid":{"rendered":"http:\/\/blogs.larioja.com\/metalpesado\/?p=286"},"modified":"2025-09-10T17:36:37","modified_gmt":"2025-09-10T15:36:37","slug":"not-not-not","status":"publish","type":"post","link":"https:\/\/blogs.larioja.com\/metalpesado\/not-not-not\/","title":{"rendered":"NOT NOT NOT"},"content":{"rendered":"<p><meta http-equiv=\"Content-Type\" content=\"text\/html; charset=utf-8\"\/><meta name=\"ProgId\" content=\"Word.Document\"\/><meta name=\"Generator\" content=\"Microsoft Word 11\"\/><meta name=\"Originator\" content=\"Microsoft Word 11\"\/><link rel=\"File-List\" href=\"file:\/\/\/C:%5CDOCUME%7E1%5CHEAVYM%7E1%5CCONFIG%7E1%5CTemp%5Cmsohtml1%5C01%5Cclip_filelist.xml\"\/><o:smarttagtype namespaceuri=\"urn:schemas-microsoft-com:office:smarttags\" name=\"metricconverter\"><\/o:smarttagtype>  <\/p>\n<p class=\"MsoNormal\" style=\"text-align: justify;\"><img class=\"imgizqda\" src=\"\/\/i118.photobucket.com\/albums\/o82\/chuckdrywall\/scott-iancopy.png?t=1240657681\" id=\"img_0\"\/><span lang=\"ES-TRAD\">A lo largo de los \u00faltimos a\u00f1os he tenido la ocasi\u00f3n y fortuna de poder entrevistar a varios de mis \u00eddolos de adolescencia \u2013 que conste que lo siguen siendo -. Una de aquellas conversaciones de las que guardo especial cari\u00f1o fue la realizada a finales del <st1:metricconverter productid=\"2004 a\" w:st=\"on\">2004 a<\/st1:metricconverter> Scott Ian, guitarra fundador de los incombustibles ANTHRAX. Una charla telef\u00f3nica que no olvidar\u00e9 jam\u00e1s y que me gustar\u00eda recordar aqu\u00ed, en nuestro blog. <\/span><\/p>\n<p class=\"MsoNormal\" style=\"text-align: justify;\"><span lang=\"ES-TRAD\"><o:p> <\/o:p><\/span><\/p>\n<p class=\"MsoNormal\" style=\"text-align: justify;\"><span lang=\"ES-TRAD\">\u201cA estas alturas creo que todos conocemos a grandes rasgos la dilatada carrera de estos norteamericanos, pioneros del Thrash Metal a finales de los ochenta, que junto con Metallica, Megadeth y Slayer fueron conocidos como &#8220;The four Horsemen&#8221; , los cuatro pilares principales, fundadores de un estilo que a\u00fan perdura t\u00edmidamente en nuestros d\u00edas. Es cierto que hubo muchos otros, pero ninguno tan sobresaliente como los anteriormente citados.<\/span><\/p>\n<p class=\"MsoNormal\" style=\"text-align: justify;\"><span lang=\"ES-TRAD\"><o:p> <\/o:p><\/span><\/p>\n<p class=\"MsoNormal\" style=\"text-align: justify;\"><span lang=\"ES-TRAD\">Anthrax son noticia puesto que acaban de sacar al mercado una recopilaci\u00f3n &#8221; The greater of two evils &#8220;compuesta por catorce antiguos temas , pertenecientes a sus cinco primeros discos , entre 1983 y 1991 ( por orden cronol\u00f3gico ascendente &#8220;Fistfull of metal&#8221; , &#8220;Spreading the disease&#8221;,&#8221;Among the living&#8221;,&#8221;State of Euphoria&#8221; y &#8220;Persistence of time&#8221; ). Nos hemos puesto en contacto telef\u00f3nico con Scott Ian (guitarra y fundador ) para enterarnos un poco mas acerca de la actualidad de esta gran banda, salpicada con algunos altibajos en los \u00faltimos a\u00f1os.<\/span><\/p>\n<p class=\"MsoNormal\" style=\"text-align: justify;\"><span lang=\"ES-TRAD\"><o:p> <\/o:p><\/span><\/p>\n<p class=\"MsoNormal\" style=\"text-align: justify;\"><span lang=\"ES-TRAD\">&#8211; Hola Scott, para empezar quisiera que felicitases de nuestra parte a John (vocalista) por su reciente paternidad.<\/span><\/p>\n<p class=\"MsoNormal\" style=\"text-align: justify;\"><span lang=\"ES-TRAD\"><o:p> <\/o:p><\/span><\/p>\n<p class=\"MsoNormal\" style=\"text-align: justify;\"><span lang=\"ES-TRAD\">Scott.- Oh!!! Muchas gracias, descuida, se lo dir\u00e9. Gracias.<\/span><\/p>\n<p class=\"MsoNormal\" style=\"text-align: justify;\"><span lang=\"ES-TRAD\"><o:p> <\/o:p><\/span><\/p>\n<p class=\"MsoNormal\" style=\"text-align: justify;\"><span lang=\"ES-TRAD\">&#8211; Para celebrar vuestro veinte aniversario hab\u00e9is editado una recopilaci\u00f3n con catorce temas antiguos, los cuales han sido regrabados para la ocasi\u00f3n. Cu\u00e9ntanos de que se trata.<\/span><\/p>\n<p class=\"MsoNormal\" style=\"text-align: justify;\"><span lang=\"ES-TRAD\"><o:p> <\/o:p><\/span><\/p>\n<p class=\"MsoNormal\" style=\"text-align: justify;\"><span lang=\"ES-TRAD\">Scott.- Bueno, quer\u00edamos dar una oportunidad a nuestros fans para que oyeran ciertas canciones que ya no tocamos en directo junto a otras que si, grabadas de nuevo y elegidas por ellos.<\/span><\/p>\n<p class=\"MsoNormal\" style=\"text-align: justify;\"><span lang=\"ES-TRAD\"><o:p> <\/o:p><\/span><\/p>\n<p class=\"MsoNormal\" style=\"text-align: justify;\"><span lang=\"ES-TRAD\">&#8211; Despu\u00e9s de pasar tantos a\u00f1os metidos en el mundo de la m\u00fasica, \u00bfes esta vuestra manera de dar gracias a vuestros seguidores, ofreci\u00e9ndoles la posibilidad de elegir a traves de vuestra pagina web, la lista de canciones que iban a integrar el nuevo disco?<\/span><\/p>\n<p class=\"MsoNormal\" style=\"text-align: justify;\"><span lang=\"ES-TRAD\"><o:p> <\/o:p><\/span><\/p>\n<p class=\"MsoNormal\" style=\"text-align: justify;\"><img loading=\"lazy\" class=\"imgdcha\" src=\"\/\/estavezsi.iespana.es\/musica\/anthrax.jpg\" id=\"img_1\" width=\"370\" height=\"314\"\/><span lang=\"ES-TRAD\">Scott.- Tu sabes, siempre nos ha gustado contar con los fans para todo. En cierto modo creo que es nuestra forma de darles las gracias por estar ah\u00ed, que hayan elegido las canciones. S\u00ed, puedes escribir que es nuestro agradecimiento.<\/span><\/p>\n<p class=\"MsoNormal\" style=\"text-align: justify;\"><span lang=\"ES-TRAD\"><o:p> <\/o:p><\/span><\/p>\n<p class=\"MsoNormal\" style=\"text-align: justify;\"><span lang=\"ES-TRAD\">&#8211; \u00bfEs cierto que hab\u00e9is vuelto a grabar los catorce temas en solamente dos d\u00edas?<\/span><\/p>\n<p class=\"MsoNormal\" style=\"text-align: justify;\"><span lang=\"ES-TRAD\"><o:p> <\/o:p><\/span><\/p>\n<p class=\"MsoNormal\" style=\"text-align: justify;\"><span lang=\"ES-TRAD\">Scott.- S\u00ed, dos d\u00edas <\/span><\/p>\n<p class=\"MsoNormal\" style=\"text-align: justify;\"><span lang=\"ES-TRAD\"><o:p> <\/o:p><\/span><\/p>\n<p class=\"MsoNormal\" style=\"text-align: justify;\"><span lang=\"ES-TRAD\">&#8211; \u00bfPor qu\u00e9?<\/span><\/p>\n<p class=\"MsoNormal\" style=\"text-align: justify;\"><span lang=\"ES-TRAD\"><o:p> <\/o:p><\/span><\/p>\n<p class=\"MsoNormal\" style=\"text-align: justify;\"><span lang=\"ES-TRAD\">Scott.- Bueno, nosotros quer\u00edamos hacerlo as\u00ed. Veras, la idea era recogerlas en el estudio, pero pensando siempre en grabarlas como si fuera un directo, todos a la vez, muy crudo, esa era la idea. Fue todo muy r\u00e1pido, como si hubi\u00e9ramos tocado un concierto, pero dentro del estudio.<\/span><\/p>\n<p class=\"MsoNormal\" style=\"text-align: justify;\"><span lang=\"ES-TRAD\"><o:p> <\/o:p><\/span><\/p>\n<p class=\"MsoNormal\" style=\"text-align: justify;\"><span lang=\"ES-TRAD\">&#8211; Con tantas canciones como hab\u00eda para elegir, \u00bf se ha quedado alguna fuera de este disco que a ti te hubiera gustado volver a grabar, no s\u00e9, por algo en especial?<\/span><\/p>\n<p class=\"MsoNormal\" style=\"text-align: justify;\"><span lang=\"ES-TRAD\"><o:p> <\/o:p><\/span><\/p>\n<p class=\"MsoNormal\" style=\"text-align: justify;\"><span lang=\"ES-TRAD\">Scott.- No !!! , pensaba que pod\u00eda ocurrir, pero no ha sido as\u00ed. Al final no ha sido tan dif\u00edcil para nosotros, puesto que los fans han elegido las canciones que nosotros hubi\u00e9ramos elegido tambi\u00e9n. Les queremos dar las gracias por su decisi\u00f3n, ha sido una buena elecci\u00f3n.<\/span><\/p>\n<p class=\"MsoNormal\" style=\"text-align: justify;\"><span lang=\"ES-TRAD\"><o:p> <\/o:p><\/span><\/p>\n<p class=\"MsoNormal\" style=\"text-align: justify;\"><span lang=\"ES-TRAD\">&#8211; \u00bfCrees que se puede considerar este \u00e1lbum como el mejor de Anthrax, grabado con el mejor cantante de Anthrax, como dice la publicidad?<\/span><\/p>\n<p class=\"MsoNormal\" style=\"text-align: justify;\"><span lang=\"ES-TRAD\"><o:p> <\/o:p><\/span><\/p>\n<p class=\"MsoNormal\" style=\"text-align: justify;\"><span lang=\"ES-TRAD\">Scott.- um&#8230;. ( se queda pensativo ) . Pienso que es una muy buena representaci\u00f3n de la banda, no? , entre los a\u00f1os 1983 y 1991.La gente ha elegido lo que ellos creen que son las mejores canciones, cantadas por John, el mejor vocalista que ha tenido Anthrax seg\u00fan pienso yo. Ha sido magnifico para m\u00ed poder o\u00edr canciones del &#8220;Fistfull of Metal&#8221; cantadas por \u00e9l. El ha hecho esas canciones de nuevo jodidamente asombrosas. \u00a1\u00a1\u00a1 Es emocionante !!!<\/span><\/p>\n<p class=\"MsoNormal\" style=\"text-align: justify;\"><span lang=\"ES-TRAD\"><o:p> <\/o:p><\/span><\/p>\n<p class=\"MsoNormal\" style=\"text-align: justify;\"><span lang=\"ES-TRAD\">-\u00bf no crees que hay gente que no va a entender por que hac\u00e9is esto ahora , y que os van a acusar de falta de ideas o algo as\u00ed?<\/span><\/p>\n<p class=\"MsoNormal\" style=\"text-align: justify;\"><span lang=\"ES-TRAD\"><o:p> <\/o:p><\/span><\/p>\n<p class=\"MsoNormal\" style=\"text-align: justify;\"><img loading=\"lazy\" class=\"imgizqda\" src=\"\/\/www.whateverittakes.org\/images\/photos\/77_l.jpg\" id=\"img_2\" width=\"348\" height=\"455\"\/><span lang=\"ES-TRAD\">Scott.- No me importa, en serio. Son cl\u00e1sicos de la banda, si, pero son canciones que en directo las tocamos as\u00ed, no hemos cambiado nada. S\u00f3lo las quer\u00edamos registrar de nuevo, con John a la voz, el cual creemos que es nuestro mejor cantante hasta la fecha, nada m\u00e1s. Pienso que no hay mas que hablar acerca de esto, siempre va a haber gente que no lo entienda.<\/span><\/p>\n<p class=\"MsoNormal\" style=\"text-align: justify;\"><span lang=\"ES-TRAD\"><o:p> <\/o:p><\/span><\/p>\n<p class=\"MsoNormal\" style=\"text-align: justify;\"><span lang=\"ES-TRAD\">&#8211; Me imagino que como fan de la banda, tambi\u00e9n tendr\u00e1s tu predilecci\u00f3n personal \u00bfCual es tu canci\u00f3n favorita de &#8220;The greater of two evils&#8221;?<\/span><\/p>\n<p class=\"MsoNormal\" style=\"text-align: justify;\"><span lang=\"ES-TRAD\"><o:p> <\/o:p><\/span><\/p>\n<p class=\"MsoNormal\" style=\"text-align: justify;\"><span lang=\"ES-TRAD\">Scott.- Uh!!! Tengo varias ( risas ) , pero mi favorita es &#8220;Panic&#8221; , de nuestro primer disco &#8220;Fistfull of Metal&#8221; . <\/span><\/p>\n<p class=\"MsoNormal\" style=\"text-align: justify;\"><span lang=\"ES-TRAD\"><o:p> <\/o:p><\/span><\/p>\n<p class=\"MsoNormal\" style=\"text-align: justify;\"><span lang=\"ES-TRAD\">&#8211; \u00bfVais a preparar alguna gira para presentar este disco?<\/span><\/p>\n<p class=\"MsoNormal\" style=\"text-align: justify;\"><span lang=\"ES-TRAD\"><o:p> <\/o:p><\/span><\/p>\n<p class=\"MsoNormal\" style=\"text-align: justify;\"><span lang=\"ES-TRAD\">Scott.- Todav\u00eda es algo que no tenemos planeado ahora mismo, puesto que estamos trabajando ya en el nuevo material para el pr\u00f3ximo disco y no creo que tengamos tiempo.<\/span><\/p>\n<p class=\"MsoNormal\" style=\"text-align: justify;\"><span lang=\"ES-TRAD\"><o:p> <\/o:p><\/span><\/p>\n<p class=\"MsoNormal\" style=\"text-align: justify;\"><span lang=\"ES-TRAD\">&#8211; \u00bfPara cuando entonces un nuevo \u00e1lbum de estudio?<\/span><\/p>\n<p class=\"MsoNormal\" style=\"text-align: justify;\"><span lang=\"ES-TRAD\"><o:p> <\/o:p><\/span><\/p>\n<p class=\"MsoNormal\" style=\"text-align: justify;\"><span lang=\"ES-TRAD\">Scott.- Lo queremos sacar a principios del 2005 , pero todav\u00eda no sabemos cuando exactamente estar\u00e1 preparado. Ahora mismo estamos arreglando ya algunas canciones nuevas. No queremos hacer nada mas de momento, no creo que tuvi\u00e9ramos tiempo para hacer la gira del recopilatorio y escribir el nuevo material a la vez . Por el momento si que haremos algunos conciertos a principios de a\u00f1o. <\/span><\/p>\n<p class=\"MsoNormal\" style=\"text-align: justify;\"><span lang=\"ES-TRAD\"><o:p> <\/o:p><\/span><\/p>\n<p class=\"MsoNormal\" style=\"text-align: justify;\"><span lang=\"ES-TRAD\">&#8211; Entonces, \u00bfcu\u00e1ndo vamos a poder ver a Anthrax de nuevo por Espa\u00f1a?<\/span><\/p>\n<p class=\"MsoNormal\" style=\"text-align: justify;\"><span lang=\"ES-TRAD\"><o:p> <\/o:p><\/span><\/p>\n<p class=\"MsoNormal\" style=\"text-align: justify;\"><span lang=\"ES-TRAD\">Scott.- Posiblemente durante nuestro pr\u00f3ximo tour europeo el a\u00f1o que viene, pero de momento todav\u00eda no tenemos fechas.<\/span><\/p>\n<p class=\"MsoNormal\" style=\"text-align: justify;\"><span lang=\"ES-TRAD\"><o:p> <\/o:p><\/span><\/p>\n<p class=\"MsoNormal\" style=\"text-align: justify;\"><span lang=\"ES-TRAD\">&#8211; \u00c1ntrax ha influenciado a numerosas bandas a lo largo de todos estos veinte a\u00f1os. \u00bfCu\u00e1nto tiempo mas estar\u00e1 Anthrax en activo?\u00bfTen\u00e9is ganas de seguir adelante otros veinte a\u00f1os mas?<\/span><\/p>\n<p class=\"MsoNormal\" style=\"text-align: justify;\"><span lang=\"ES-TRAD\"><o:p> <\/o:p><\/span><\/p>\n<p class=\"MsoNormal\" style=\"text-align: justify;\"><span lang=\"ES-TRAD\">Scott.- ( risas ) Yo no lo s\u00e9. No tenemos planeado irnos de momento, seguramente nos vais a tener ah\u00ed durante mucho mas tiempo (risas) .<\/span><\/p>\n<p class=\"MsoNormal\" style=\"text-align: justify;\"><span lang=\"ES-TRAD\"><o:p> <\/o:p><\/span><\/p>\n<p class=\"MsoNormal\" style=\"text-align: justify;\"><span lang=\"ES-TRAD\">&#8211; A veces hay grupos que sacan recopilatorios queriendo marcar con ello el fin de una etapa y el comienzo de otra nueva.\u00bfA partir de este momento va a cambiar en algo Anthrax o por el contrario vais a seguir la misma direcci\u00f3n?<\/span><\/p>\n<p class=\"MsoNormal\" style=\"text-align: justify;\"><span lang=\"ES-TRAD\"><o:p> <\/o:p><\/span><\/p>\n<p class=\"MsoNormal\" style=\"text-align: justify;\"><span lang=\"ES-TRAD\">Scott.- No lo s\u00e9, ver\u00e1s, nosotros no hemos planeado de antemano como iba a sonar cada nuevo disco que hac\u00edamos, y vamos a seguir as\u00ed. No sabemos si en un futuro nuestra m\u00fasica cambiar\u00e1 demasiado, es una evoluci\u00f3n, seguimos trabajando.<\/span><\/p>\n<p class=\"MsoNormal\" style=\"text-align: justify;\"><span lang=\"ES-TRAD\"><o:p> <\/o:p><\/span><\/p>\n<p class=\"MsoNormal\" style=\"text-align: justify;\"><span lang=\"ES-TRAD\">&#8211; Cambiando de tema , \u00bfest\u00e1is contentos en como ha funcionado vuestro DvD &#8220;Music of Mass Destruction&#8221; en Europa?<\/span><\/p>\n<p class=\"MsoNormal\" style=\"text-align: justify;\"><span lang=\"ES-TRAD\"><o:p> <\/o:p><\/span><\/p>\n<p class=\"MsoNormal\" style=\"text-align: justify;\"><span lang=\"ES-TRAD\">Scott.- Si, ha funcionado muy bien, estamos muy felices con ello.<\/span><\/p>\n<p class=\"MsoNormal\" style=\"text-align: justify;\"><span lang=\"ES-TRAD\"><o:p> <\/o:p><\/span><\/p>\n<p class=\"MsoNormal\" style=\"text-align: justify;\"><span lang=\"ES-TRAD\">&#8211; Y una pregunta personal, tenia muchas ganas de hac\u00e9rosla. Las modas tienden a volver con el paso del tiempo,ya sabes&#8230; \u00bf vais a poner de moda otra vez las bermudas de colorines?<\/span><\/p>\n<p class=\"MsoNormal\" style=\"text-align: justify;\"><span lang=\"ES-TRAD\"><o:p> <\/o:p><\/span><\/p>\n<p class=\"MsoNormal\" style=\"text-align: justify;\"><span lang=\"ES-TRAD\">Scott.- ( risas ) yo siempre llevo bermudas t\u00edo . No , no lo s\u00e9 (risas).<\/span><\/p>\n<p class=\"MsoNormal\" style=\"text-align: justify;\"><span lang=\"ES-TRAD\"><o:p> <\/o:p><\/span><\/p>\n<p class=\"MsoNormal\" style=\"text-align: justify;\"><span lang=\"ES-TRAD\">&#8211; \u00bfQu\u00e9 tal ha sido girar en vuestro ultimo tour como teloneros de Dio en algunos conciertos? Una m\u00fasica muy diferente de la vuestra.<\/span><\/p>\n<p class=\"MsoNormal\" style=\"text-align: justify;\"><span lang=\"ES-TRAD\"><o:p> <\/o:p><\/span><\/p>\n<p class=\"MsoNormal\" style=\"text-align: justify;\"><span lang=\"ES-TRAD\">Scott.- Ha sido genial, Ronnie es un gran tipo. Los shows fueron realmente buenos y la gente disfrut\u00f3 much\u00edsimo. Es muy bonito hacer este tipo de conciertos para nosotros, una m\u00fasica diferente de la nuestra, pero en esencia todo es Heavy Metal, eso es lo bonito, muy bonito para la gente.<\/span><\/p>\n<p class=\"MsoNormal\" style=\"text-align: justify;\"><span lang=\"ES-TRAD\"><o:p> <\/o:p><\/span><\/p>\n<p class=\"MsoNormal\" style=\"text-align: justify;\"><span lang=\"ES-TRAD\">&#8211; Lamentablemente se nos acab\u00f3 el tiempo Scott , \u00bfquieres a\u00f1adir algo mas? \u00bfsaludar a alguien en especial?<\/span><\/p>\n<p class=\"MsoNormal\" style=\"text-align: justify;\"><span lang=\"ES-TRAD\"><o:p> <\/o:p><\/span><\/p>\n<p class=\"MsoNormal\" style=\"text-align: justify;\"><span lang=\"ES-TRAD\">Scott.- Bueno, pues que amamos al publico espa\u00f1ol, que nos gusta mucho, es muy especial . <\/span><\/p>\n<p class=\"MsoNormal\" style=\"text-align: justify;\"><span lang=\"ES-TRAD\"><o:p> <\/o:p><\/span><\/p>\n<p class=\"MsoNormal\" style=\"text-align: justify;\"><span lang=\"ES-TRAD\">&#8211; Te deseo lo mejor Scott, gracias por atendernos.<\/span><\/p>\n<p class=\"MsoNormal\" style=\"text-align: justify;\"><span lang=\"ES-TRAD\"><o:p> <\/o:p><\/span><\/p>\n<p class=\"MsoNormal\" style=\"text-align: justify;\"><span lang=\"ES-TRAD\">Scott.- Gracias a ti tambi\u00e9n Francisco.\u201d<\/span><\/p>\n<p class=\"MsoNormal\" style=\"text-align: justify;\"><span lang=\"ES-TRAD\"><o:p> <\/o:p><\/span><\/p>\n<p class=\"MsoNormal\" style=\"text-align: justify;\"><span lang=\"ES-TRAD\">Publicado en Rafabasa.com ( Noviembre 2004 )<\/span><\/p>\n<p class=\"MsoNormal\" style=\"text-align: justify;\"><span lang=\"ES-TRAD\"><o:p> <\/o:p><\/span><\/p>\n","protected":false},"excerpt":{"rendered":"<p>A lo largo de los \u00faltimos a\u00f1os he tenido la ocasi\u00f3n y fortuna de poder entrevistar a varios de mis \u00eddolos de adolescencia \u2013 que conste que lo siguen siendo -. Una de aquellas conversaciones de las que guardo especial cari\u00f1o fue la realizada a finales del 2004 a Scott Ian, guitarra fundador de los [&hellip;]<\/p>\n","protected":false},"author":12,"featured_media":0,"comment_status":"open","ping_status":"closed","sticky":false,"template":"","format":"standard","meta":[],"categories":[4],"tags":[115,1340,1364,1745,1984],"_links":{"self":[{"href":"https:\/\/blogs.larioja.com\/metalpesado\/wp-json\/wp\/v2\/posts\/286"}],"collection":[{"href":"https:\/\/blogs.larioja.com\/metalpesado\/wp-json\/wp\/v2\/posts"}],"about":[{"href":"https:\/\/blogs.larioja.com\/metalpesado\/wp-json\/wp\/v2\/types\/post"}],"author":[{"embeddable":true,"href":"https:\/\/blogs.larioja.com\/metalpesado\/wp-json\/wp\/v2\/users\/12"}],"replies":[{"embeddable":true,"href":"https:\/\/blogs.larioja.com\/metalpesado\/wp-json\/wp\/v2\/comments?post=286"}],"version-history":[{"count":1,"href":"https:\/\/blogs.larioja.com\/metalpesado\/wp-json\/wp\/v2\/posts\/286\/revisions"}],"predecessor-version":[{"id":3564,"href":"https:\/\/blogs.larioja.com\/metalpesado\/wp-json\/wp\/v2\/posts\/286\/revisions\/3564"}],"wp:attachment":[{"href":"https:\/\/blogs.larioja.com\/metalpesado\/wp-json\/wp\/v2\/media?parent=286"}],"wp:term":[{"taxonomy":"category","embeddable":true,"href":"https:\/\/blogs.larioja.com\/metalpesado\/wp-json\/wp\/v2\/categories?post=286"},{"taxonomy":"post_tag","embeddable":true,"href":"https:\/\/blogs.larioja.com\/metalpesado\/wp-json\/wp\/v2\/tags?post=286"}],"curies":[{"name":"wp","href":"https:\/\/api.w.org\/{rel}","templated":true}]}}