{"id":299,"date":"2009-05-09T09:15:00","date_gmt":"2009-05-09T09:15:00","guid":{"rendered":"http:\/\/blogs.larioja.com\/metalpesado\/?p=299"},"modified":"2025-09-10T17:36:33","modified_gmt":"2025-09-10T15:36:33","slug":"las-cenizas-red-wine","status":"publish","type":"post","link":"https:\/\/blogs.larioja.com\/metalpesado\/las-cenizas-red-wine\/","title":{"rendered":"LAS CENIZAS DE RED WINE"},"content":{"rendered":"<p><meta http-equiv=\"Content-Type\" content=\"text\/html; charset=utf-8\"\/><meta name=\"ProgId\" content=\"Word.Document\"\/><meta name=\"Generator\" content=\"Microsoft Word 11\"\/><meta name=\"Originator\" content=\"Microsoft Word 11\"\/><link rel=\"File-List\" href=\"file:\/\/\/C:%5CDOCUME%7E1%5Cfgonzalo%5CCONFIG%7E1%5CTemp%5Cmsohtml1%5C01%5Cclip_filelist.xml\"\/>\n<p style=\"text-align: justify;\"><img class=\"imgizqda\" src=\"\/\/img139.imageshack.us\/img139\/3576\/logov.gif\" id=\"img_0\"\/>\u00a1Que recuerdos tan bonitos me trae esta entrevista y cuanto los a\u00f1oro! Corresponde a finales del 2004, cuando los riojanos <em>RED WINE <\/em>editaron su cuarto disco, titulado \u201c<em>Cenizas<\/em>\u201d, mi preferido. Fue un privilegio y una gran satisfacci\u00f3n poder entrevistar a su bajista, Dani, para la web <a href=\"http:\/\/www.rafabasa.com\/\" title=\"http:\/\/www.rafabasa.com\" id=\"link_0\">Rafabasa.com<\/a> . Esto fue lo que ocurri\u00f3\u2026.<\/p>\n<p style=\"text-align: justify;\"><o:p> <\/o:p><\/p>\n<p style=\"text-align: justify;\">\u201cEl grupo riojano <strong><span style=\"font-weight: normal;\">RED WINE<\/span><\/strong> acaba de editar su \u00faltimo trabajo titulado &#8220;Cenizas&#8221; , una obra que ha sido registrada, bajo el sello Arise, en los nuevos estudios Track 6 de Logro\u00f1o ,propiedad de la banda, por ello contactamos con Dani (bajista) para charlar sobre el \u00e1lbum y los futuros proyectos de <strong><span style=\"font-weight: normal;\">RED WINE<\/span><\/strong> .<\/p>\n<p style=\"text-align: justify;\"><o:p> <\/o:p><\/p>\n<p style=\"text-align: justify;\"><img class=\"imgizqda\" src=\"\/\/img139.imageshack.us\/img139\/2692\/dani1100.jpg\" id=\"img_1\"\/><strong><span style=\"font-weight: normal;\">&#8211; Hola Dani, ya ha transcurrido bastante tiempo desde que RED WINE daban sus primeros pasos en la escena met\u00e1lica de este pa\u00eds, as\u00ed que me gustar\u00eda que nos hicieras un breve resumen desde la edici\u00f3n del primer disco hasta \u00e9ste \u00faltimo.<o:p><\/o:p><\/span><\/strong><\/p>\n<p style=\"text-align: justify;\"><o:p> <\/o:p><\/p>\n<p style=\"text-align: justify;\"><strong><span style=\"font-weight: normal;\">Dani<\/span><\/strong>.- Bueno, este ya es el cuarto disco, y el grupo ha sufrido una fuerte evoluci\u00f3n en cuanto a m\u00fasica y letras en cada disco \u00bfno? , yo lo veo, aunque parezca un t\u00f3pico decirlo, que tenemos una madurez muy grande y esta todo mas centrado, sobre todo mas centrado, hacemos lo que nos gusta y lo que queremos hacer. Por eso mismo tambi\u00e9n todo va en la misma onda, y el que hayamos grabado este \u00faltimo aqu\u00ed, en Logro\u00f1o, nos ha ayudado bastante, con unos buenos medios y tal. El sonido tira ya hacia algo m\u00e1s cl\u00e1sico, que es lo que queremos en definitiva.<\/p>\n<p style=\"text-align: justify;\"><o:p> <\/o:p><\/p>\n<p style=\"text-align: justify;\"><strong><span style=\"font-weight: normal;\">&#8211; El disco lo hab\u00e9is grabado en vuestro nuevo estudio, cu\u00e9ntanos como ha sido esta nueva experiencia para vosotros.<o:p><\/o:p><\/span><\/strong><\/p>\n<p style=\"text-align: justify;\"><o:p> <\/o:p><\/p>\n<p style=\"text-align: justify;\"><strong><span style=\"font-weight: normal;\">Dani.-<\/span><\/strong>Si, el estudio se llama Track 6 y est\u00e1 de puta madre, suena ca\u00f1\u00f3n, y Dan (guitarra) se lo curra que es una m\u00e1quina, vamos. Tambi\u00e9n durante la grabaci\u00f3n del disco estuvo por all\u00ed Juanan San Mart\u00edn, de Sonido XXI, un par de d\u00edas ech\u00e1ndonos una manita. Tambi\u00e9n estuvo Simon, el productor de Saratoga y teclista de Sober, ayud\u00e1ndonos un poco.<\/p>\n<p style=\"text-align: justify;\"><o:p> <\/o:p><\/p>\n<p style=\"text-align: justify;\"><strong><span style=\"font-weight: normal;\">&#8211; Que principales diferencias encuentras entre el anterior y &#8220;Cenizas&#8221;.<o:p><\/o:p><\/span><\/strong><\/p>\n<p style=\"text-align: justify;\"><o:p> <\/o:p><\/p>\n<p style=\"text-align: justify;\"><strong><span style=\"font-weight: normal;\">Dani<\/span><\/strong>.- Sigue en la misma l\u00ednea, pero si que puede haber alguna diferencia, es m\u00e1s directo y m\u00e1s fuerte.<\/p>\n<p style=\"text-align: justify;\"><o:p> <\/o:p><\/p>\n<p style=\"text-align: justify;\"><img class=\"imgdcha\" src=\"\/\/img23.imageshack.us\/img23\/883\/2300w.jpg\" id=\"img_2\"\/><strong><span style=\"font-weight: normal;\">&#8211; El haberlo grabado vosotros mismos me imagino que habr\u00e1 sido mas entretenido e intenso, \u00bfQu\u00e9 tal la convivencia?<o:p><\/o:p><\/span><\/strong><\/p>\n<p style=\"text-align: justify;\"><strong><span style=\"font-weight: normal;\"><o:p> <\/o:p><\/span><\/strong><\/p>\n<p style=\"text-align: justify;\"><o:p> <\/o:p><\/p>\n<p style=\"text-align: justify;\"><strong><span style=\"font-weight: normal;\">Dani<\/span><\/strong>.-Bueno, est\u00e1 el dicho de que &#8220;donde hay confianza da asco&#8221; \u00bfno? (risas), y al estar siempre nosotros mismos pues al final la l\u00edas (risas), no, siempre salen los roces, alg\u00fan pique y tal, lo normal al estar tantas horas juntos. Lo hemos grabado durante todo el verano, sobre todo Agosto, y por problemas que tuvimos de \u00faltima hora se nos acab\u00f3 echando el tiempo encima y el disco ten\u00eda la fecha de salida desde hace ya un a\u00f1o, as\u00ed que al final no pudimos estar todo el tiempo que hubi\u00e9ramos querido, aprovechando que est\u00e1bamos en Logro\u00f1o y tal, sin tener que desplazarte. \u00a1\u00a1\u00a1Al final echamos horas como cabrones!!! <\/p>\n<p style=\"text-align: justify;\"><o:p> <\/o:p><\/p>\n<p style=\"text-align: justify;\"><strong><span style=\"font-weight: normal;\">&#8211; \u00bfHab\u00e9is quedado contentos con el resultado final?<o:p><\/o:p><\/span><\/strong><\/p>\n<p style=\"text-align: justify;\"><o:p> <\/o:p><\/p>\n<p style=\"text-align: justify;\"><strong><span style=\"font-weight: normal;\">Dani<\/span><\/strong>.-A mi personalmente me ha encantado, he visto por ah\u00ed criticas que nos dicen que es la mejor producci\u00f3n que hemos tenido hasta la fecha, y eso que en el primer disco trabajamos con los hermanos San Mart\u00edn (Sonido XXI) y los dos siguientes con Carlos Creator, as\u00ed que es un halago para nosotros. Yo me quedo con \u00e9ste que es el que m\u00e1s me gusta, ha sido muy nuestro todo. El libreto y la maquetaci\u00f3n la he hecho yo.<\/p>\n<p style=\"text-align: justify;\"><span style=\"\"> <\/span><\/p>\n<p style=\"text-align: justify;\"><strong><span style=\"font-weight: normal;\">&#8211; Dinos si hay alguna canci\u00f3n de &#8220;Cenizas&#8221;que te guste en especial, por lo que sea.<o:p><\/o:p><\/span><\/strong><\/p>\n<p style=\"text-align: justify;\"><o:p> <\/o:p><\/p>\n<p style=\"text-align: justify;\"><strong><span style=\"font-weight: normal;\">Dani.-<\/span><\/strong> Hay unas cuantas canciones en este disco que tengan algo especial para m\u00ed, por ejemplo &#8220;Despierta&#8221; , un tema que hizo Mario (cantante) , respecto al rumor que se extendi\u00f3 por nuestra ciudad y luego hacia fuera de que nos separ\u00e1bamos , y no es cierto. Es verdad que tuvimos alg\u00fan momento un poco raro, y la canci\u00f3n explica, aunque no s\u00f3lo eso, por el momento que pasamos, y que luego a parte habla de que no hay que dejar nada a medias en esta vida y echarle un par de cojones al asunto. Otra canci\u00f3n que todav\u00eda hoy, cuando la escucho me pone los pelos como escarpias es &#8220;Una vida mas&#8221; , la m\u00fasica es de Dan , preciosa , y la letra la hizo Bea, una chica de Logro\u00f1o que nos ha hecho un par de letras , \u00e9sta y &#8220;Fantasma del pasado&#8221; , en la que cuenta cosas reales que le han pasado a ella , la p\u00e9rdida de su madre y un ser cercano a ella que por aquel entonces no estaba pasando un buen momento\u2026 canciones que te ponen la piel de gallina.<\/p>\n<p style=\"text-align: justify;\"><o:p> <\/o:p><\/p>\n<p style=\"text-align: justify;\"><strong><span style=\"font-weight: normal;\">&#8211; \u00bfQu\u00e9 direcci\u00f3n tomar\u00e1 la evoluci\u00f3n de RED WINE?<o:p><\/o:p><\/span><\/strong><\/p>\n<p style=\"text-align: justify;\"><o:p> <\/o:p><\/p>\n<p style=\"text-align: justify;\"><img class=\"imgizqda\" src=\"\/\/img23.imageshack.us\/img23\/5848\/3300p.jpg\" id=\"img_3\"\/><strong><span style=\"font-weight: normal;\">Dani<\/span><\/strong>.- De momento tiramos para adelante, aunque hemos pasado por alg\u00fan momento delicado. Musicalmente ahora mismo no est\u00e1 la cosa para echar cohetes \u00bfno? , y en el mundo del Rock y del Heavy un momento fatal, se est\u00e1n separando grupos, se est\u00e1n jodiendo productoras\u2026. A lo mejor nos influy\u00f3 todo esto por aquella situaci\u00f3n que pasamos, puede ser\u2026. Si hubi\u00e9ramos empezado en esto por la pasta (risas)\u2026 pues no hubi\u00e9ramos empezado (risas).<\/p>\n<p style=\"text-align: justify;\"><o:p> <\/o:p><\/p>\n<p style=\"text-align: justify;\"><strong><span style=\"font-weight: normal;\">&#8211; Tengo entendido que compaginas RED WINE con otros trabajos\u2026<o:p><\/o:p><\/span><\/strong><\/p>\n<p style=\"text-align: justify;\"><o:p> <\/o:p><\/p>\n<p style=\"text-align: justify;\"><strong><span style=\"font-weight: normal;\">Dani<\/span><\/strong>.- Si, yo siempre estoy tocando con m\u00e1s gente y tal, me gusta mucho la m\u00fasica.<\/p>\n<p style=\"text-align: justify;\"><o:p> <\/o:p><\/p>\n<p style=\"text-align: justify;\"><strong><span style=\"font-weight: normal;\">&#8211; \u00bfQue tal es vuestra relaci\u00f3n con Arise despu\u00e9s de tanto tiempo y tras haber firmado un contrato con ellos tan largo (cinco discos)?<o:p><\/o:p><\/span><\/strong><\/p>\n<p style=\"text-align: justify;\"><o:p> <\/o:p><\/p>\n<p style=\"text-align: justify;\"><strong><span style=\"font-weight: normal;\">Dani<\/span><\/strong>.- Bien, igual que cuando empezamos, tenemos nuestras broncas, nuestras risas y alguna borrachera de vez en cuando (risas). Nos queda otro disco con ellos. Al principio firmamos por uno pero luego lo ampliamos y lo volvimos a ampliar cuando empez\u00f3 a distribuir SPV y tal. Vamos, que todav\u00eda no nos han dado la patada ni nosotros a ellos (risas).<\/p>\n<p style=\"text-align: justify;\"><o:p> <\/o:p><\/p>\n<p style=\"text-align: justify;\"><strong><span style=\"font-weight: normal;\">&#8211; \u00bfQue te gustar\u00eda hacer con RED WINE que todav\u00eda no hayas hecho?<o:p><\/o:p><\/span><\/strong><\/p>\n<p style=\"text-align: justify;\"><o:p> <\/o:p><\/p>\n<p style=\"text-align: justify;\"><strong><span style=\"font-weight: normal;\">Dani<\/span><\/strong>.- Por una parte me gustar\u00eda hacer todav\u00eda muchas cosas, pero por otro lado creo que no ha faltado nada. Por ejemplo me gustar\u00eda hacer una peazo gira de cinco meses sin aparecer por casa (risas). Yo es que no entiendo mi vida sin estar tocando, lo que m\u00e1s me gusta es el directo. Cuando terminas de tocar, en la sala, con la gente\u2026.<\/p>\n<p style=\"text-align: justify;\"><o:p> <\/o:p><\/p>\n<p style=\"text-align: justify;\"><strong><span style=\"font-weight: normal;\">&#8211; \u00bfQu\u00e9 tipo de promoci\u00f3n ten\u00e9is prevista para &#8220;Cenizas&#8221;, si es que la hay?<o:p><\/o:p><\/span><\/strong><\/p>\n<p style=\"text-align: justify;\"><o:p> <\/o:p><\/p>\n<p style=\"text-align: justify;\"><strong><span style=\"font-weight: normal;\">Dani<\/span><\/strong>.- Ahora de momento hasta final de a\u00f1o nada. Tenemos firmados tres conciertos para Enero, y lo que si te puedo decir es que haremos la presentaci\u00f3n en Mendavia, el pueblo de nuestro nuevo bater\u00eda. La \u00faltima vez que estuvimos all\u00ed el Ayuntamiento nos trat\u00f3 fatal, nos intentaron enga\u00f1ar y esa ha sido la primera y \u00fanica vez que <strong><span style=\"font-weight: normal;\">RED WINE<\/span><\/strong> ha cancelado un concierto. A la gente le debemos un concierto all\u00e1 y para nuestro bater\u00eda es muy especial. Eso s\u00ed, lo montamos por nuestra cuenta y riesgo, no queremos saber nada mas de aquel promotor ni del ayuntamiento.<\/p>\n<p style=\"text-align: justify;\"><o:p> <\/o:p><\/p>\n<p style=\"text-align: justify;\"><strong><span style=\"font-weight: normal;\">&#8211; \u00bfEuropa esta para vosotros mas o menos cerca que antes?<o:p><\/o:p><\/span><\/strong><\/p>\n<p style=\"text-align: justify;\"><o:p> <\/o:p><\/p>\n<p style=\"text-align: justify;\"><strong><span style=\"font-weight: normal;\">Dani<\/span><\/strong>.- De momento igual, con los discos distribuy\u00e9ndose por all\u00ed y tambi\u00e9n en EE.UU. y M\u00e9xico. Nos llegan muchas criticas desde all\u00e1 , y me sorprende que generalmente nos ponen muy bien, llegando a ser incluso mucho mejor las criticas que llegan de afuera que las de aqu\u00ed.<\/p>\n<p style=\"text-align: justify;\"><o:p> <\/o:p><\/p>\n<p style=\"text-align: justify;\"><strong><span style=\"font-weight: normal;\">&#8211; Ahora que el 2004 toca a su fin,\u2026 \u00bfCu\u00e1l ha sido para ti el disco del a\u00f1o?<o:p><\/o:p><\/span><\/strong><\/p>\n<p style=\"text-align: justify;\"><o:p> <\/o:p><\/p>\n<p style=\"text-align: justify;\"><strong><span style=\"font-weight: normal;\">Dani.-<\/span><\/strong> Sin duda el &#8220;Thunderdome&#8221; de Pink Cream, es muy bueno. En cuanto a nacional, el nuevo de Tierra Santa, me ha sorprendido much\u00edsimo, unas composiciones muy buenas.<\/p>\n<p style=\"text-align: justify;\"><o:p> <\/o:p><\/p>\n<p style=\"text-align: justify;\"><strong><span style=\"font-weight: normal;\">&#8211; Y ahora que esta entrevista tambi\u00e9n toca a su fin\u2026 \u00bfquieres a\u00f1adir algo m\u00e1s?<o:p><\/o:p><\/span><\/strong><\/p>\n<p style=\"text-align: justify;\"><o:p> <\/o:p><\/p>\n<p style=\"text-align: justify;\"><strong><span style=\"font-weight: normal;\">Dani.-<\/span><\/strong> (risas)Ya te digo, que la cosa va a ir con calma, esperamos a Enero y a ver que es lo que puede haber, tambi\u00e9n de cara al verano alg\u00fan festival\u2026 Que seguimos adelante, que no nos separamos y haber que tal funciona el disco. Un saludo para todos vosotros.<\/p>\n<p style=\"text-align: justify;\"><o:p> <\/o:p><\/p>\n<p style=\"text-align: justify;\"><strong><span style=\"font-weight: normal;\">&#8211; Gracias por atendernos Dani.<o:p><\/o:p><\/span><\/strong><\/p>\n<p style=\"text-align: justify;\"><o:p> <\/o:p><\/p>\n<p style=\"text-align: justify;\"><strong><span style=\"font-weight: normal;\">Dani<\/span><\/strong>.- Gracias a ti.<\/p>\n<p style=\"text-align: justify;\"><o:p> <\/o:p><\/p>\n<p style=\"text-align: justify;\"><strong><span style=\"font-weight: normal;\">Francisco Gonzalo.\u201d<\/span><\/strong><\/p>\n","protected":false},"excerpt":{"rendered":"<p>\u00a1Que recuerdos tan bonitos me trae esta entrevista y cuanto los a\u00f1oro! Corresponde a finales del 2004, cuando los riojanos RED WINE editaron su cuarto disco, titulado \u201cCenizas\u201d, mi preferido. Fue un privilegio y una gran satisfacci\u00f3n poder entrevistar a su bajista, Dani, para la web Rafabasa.com . Esto fue lo que ocurri\u00f3\u2026. \u201cEl grupo [&hellip;]<\/p>\n","protected":false},"author":12,"featured_media":0,"comment_status":"open","ping_status":"closed","sticky":false,"template":"","format":"standard","meta":[],"categories":[4],"tags":[253,393,963,1252,1745,1903,2000,2013,2032,2178],"_links":{"self":[{"href":"https:\/\/blogs.larioja.com\/metalpesado\/wp-json\/wp\/v2\/posts\/299"}],"collection":[{"href":"https:\/\/blogs.larioja.com\/metalpesado\/wp-json\/wp\/v2\/posts"}],"about":[{"href":"https:\/\/blogs.larioja.com\/metalpesado\/wp-json\/wp\/v2\/types\/post"}],"author":[{"embeddable":true,"href":"https:\/\/blogs.larioja.com\/metalpesado\/wp-json\/wp\/v2\/users\/12"}],"replies":[{"embeddable":true,"href":"https:\/\/blogs.larioja.com\/metalpesado\/wp-json\/wp\/v2\/comments?post=299"}],"version-history":[{"count":1,"href":"https:\/\/blogs.larioja.com\/metalpesado\/wp-json\/wp\/v2\/posts\/299\/revisions"}],"predecessor-version":[{"id":3552,"href":"https:\/\/blogs.larioja.com\/metalpesado\/wp-json\/wp\/v2\/posts\/299\/revisions\/3552"}],"wp:attachment":[{"href":"https:\/\/blogs.larioja.com\/metalpesado\/wp-json\/wp\/v2\/media?parent=299"}],"wp:term":[{"taxonomy":"category","embeddable":true,"href":"https:\/\/blogs.larioja.com\/metalpesado\/wp-json\/wp\/v2\/categories?post=299"},{"taxonomy":"post_tag","embeddable":true,"href":"https:\/\/blogs.larioja.com\/metalpesado\/wp-json\/wp\/v2\/tags?post=299"}],"curies":[{"name":"wp","href":"https:\/\/api.w.org\/{rel}","templated":true}]}}