{"id":305,"date":"2009-05-15T09:15:00","date_gmt":"2009-05-15T09:15:00","guid":{"rendered":"http:\/\/blogs.larioja.com\/metalpesado\/?p=305"},"modified":"2025-09-10T17:36:32","modified_gmt":"2025-09-10T15:36:32","slug":"himnos-libertad-satira","status":"publish","type":"post","link":"https:\/\/blogs.larioja.com\/metalpesado\/himnos-libertad-satira\/","title":{"rendered":"HIMNOS DE LIBERTAD, S\u00c1TIRA."},"content":{"rendered":"<p><meta http-equiv=\"Content-Type\" content=\"text\/html; charset=utf-8\"\/><meta name=\"ProgId\" content=\"Word.Document\"\/><meta name=\"Generator\" content=\"Microsoft Word 11\"\/><meta name=\"Originator\" content=\"Microsoft Word 11\"\/><link rel=\"File-List\" href=\"file:\/\/\/C:%5CDOCUME%7E1%5Cfgonzalo%5CCONFIG%7E1%5CTemp%5Cmsohtml1%5C01%5Cclip_filelist.xml\"\/><o:smarttagtype namespaceuri=\"urn:schemas-microsoft-com:office:smarttags\" name=\"PersonName\"><\/o:smarttagtype>  <\/p>\n<p class=\"MsoNormal\" style=\"text-align: justify;\"><img loading=\"lazy\" class=\"imgizqda\" src=\"\/\/www.metal-archives.com\/images\/4\/7\/4\/9\/47498_logo.jpg\" id=\"img_0\" width=\"332\" height=\"87\"\/><span style=\"color: black;\">La primera vez que v\u00ed a los navarros <\/span><em>SATIRA<\/em><span style=\"color: black;\"> fue aqu\u00ed, en Logro\u00f1o. Acompa\u00f1aban a Mariscal Romero en una charla que se ofreci\u00f3 en la antigua Casa de <st1:personname productid=\"la Juventud\" w:st=\"on\">la Juventud<\/st1:personname> &#8211; lo que hoy se conoce como <st1:personname productid=\"La Gota\" w:st=\"on\">La Gota<\/st1:personname> de Leche \u2013 dentro de la programaci\u00f3n de un jovenc\u00edsimo Actual, a principios de los noventa.<o:p><\/o:p><\/span><\/p>\n<p class=\"MsoNormal\" style=\"text-align: justify;\"><span style=\"color: black;\"><o:p> <\/o:p><\/span><\/p>\n<p class=\"MsoNormal\" style=\"text-align: justify;\"><span style=\"color: black;\">Con el paso del tiempo he tenido la gran suerte de conocer a Javi y Juanan San Martin, alma mater de <\/span><em>SATIRA<\/em><span style=\"color: black;\"> y responsables de los afamados estudios <\/span><em>Sonido XXI,<\/em><span style=\"color: black;\"> todo un referente de la industria musical estatal. <span style=\"\"> <\/span>Adem\u00e1s, son grandes personas, y eso es lo m\u00e1s importante.<br \/>\n<\/span><span style=\"color: black;\"><br \/>\n<\/span><\/p>\n<p class=\"MsoNormal\" style=\"text-align: justify;\"><span style=\"color: black;\">Buena gente.<o:p><\/o:p><\/span><\/p>\n<p class=\"MsoNormal\" style=\"text-align: justify;\"><span style=\"color: black;\"><o:p> <\/o:p><\/span><\/p>\n<p class=\"MsoNormal\" style=\"text-align: justify;\"><span style=\"color: black;\">Para m\u00ed es un honor traerlos hoy hasta <\/span><em>Metal Pesado<\/em><span style=\"color: black;\">, ya que he disfrutado mucho con su m\u00fasica y los considero algo especial, al igual que mucha gente<\/span><span style=\"color: black;\">. Aqu\u00ed os dejo su biograf\u00eda, escrita por una persona muy cercana al grupo, la cual espero que disfruteis tanto como yo. <o:p><\/o:p><\/span><\/p>\n<p class=\"MsoNormal\" style=\"text-align: justify;\"><span style=\"color: black;\"><o:p> <\/o:p><\/span><\/p>\n<p class=\"MsoNormal\" style=\"text-align: justify;\"><span style=\"color: black;\">\u201c<\/span><em>SATIRA<\/em><span style=\"color: black;\">, grupo fundado en 1985 por los hermanos San Mart\u00edn, Javi y Juanan, Guitarrista y teclista respectivamente, Susana (voz), Josetxo (bajo) y Fernando (bater\u00eda). Con esta formaci\u00f3n est\u00e1n escasamente dos a\u00f1os, grabando dos temas en su local de ensayo de Esparza de Galar (soy tu esclava y Maite coge una rosa). Tras la marcha de la cantante y el bater\u00eda, se ocupa de cantar Javi San Mart\u00edn y de los bombos Miguel, as\u00ed con esta formaci\u00f3n, en el a\u00f1o 1988 graban dos temas m\u00e1s, (Triste amigo del miedo e Himnos de libertad), donde se nota la evoluci\u00f3n del grupo y donde se aprecia ya el timbre de voz tan personal de Javi aunque aun le queda bastante por pulir.<br \/>\n<\/span><\/p>\n<p class=\"MsoNormal\" style=\"text-align: justify;\">\n<p class=\"MsoNormal\" style=\"text-align: justify;\"><img class=\"imgcen\" src=\"\/\/www.metal-archives.com\/images\/4\/7\/4\/9\/47498_photo.jpg\" id=\"img_1\"\/><br \/>\n<span style=\"color: black;\"><o:p><\/o:p><\/span><\/p>\n<p class=\"MsoNormal\" style=\"text-align: justify;\"><span style=\"color: black;\"><o:p><\/o:p>Con esta formaci\u00f3n m\u00e1s asentada empiezan a dar conciertos por Pamplona y alrededores con el consiguiente asentamiento del grupo dentro de la esfera musical de la comunidad foral, un a\u00f1o despu\u00e9s, (1989), graban dos temas m\u00e1s, (Por un poco de amor y \u00bfPor que?), continuando con los conciertos mientras se dedica cada uno a sus trabajos, (Javi y Juanan trabajan con su padre en el campo, Josetxo es decorador y Miguel comerciante). Este a\u00f1o se presentan a <st1:personname productid=\"la IV Muestra\" w:st=\"on\">la IV Muestra<\/st1:personname> de Pop-Rock Foral, obteniendo buenas cr\u00edticas pero sin resultado final en cuanto a premios. <o:p><\/o:p><\/span><\/p>\n<p class=\"MsoNormal\" style=\"margin-bottom: 12pt; text-align: justify;\"><span style=\"color: black;\"><o:p> <\/o:p><\/span><\/p>\n<p class=\"MsoNormal\" style=\"text-align: justify;\"><img loading=\"lazy\" class=\"imgdcha\" src=\"\/\/2.bp.blogspot.com\/_algWKpjgbO8\/SPjYNaUuxBI\/AAAAAAAABRU\/DBAdFD5F9Ok\/s320\/Satira-El_Mundo_De_Los_Suenos-Frontal.jpg\" id=\"img_4\" width=\"272\" height=\"272\"\/><span style=\"color: black;\">El a\u00f1o 1990 marcar\u00e1 un punto de inflexi\u00f3n en la banda con la grabaci\u00f3n de dos temas m\u00e1s, (Si est\u00e1s all\u00ed y Sin mirar hacia atr\u00e1s), que presentan a <st1:personname productid=\"la V Muestra\" w:st=\"on\">la V Muestra<\/st1:personname> Pop-Rock Foral, llegando a la final junto a otros dos grupos Heavys m\u00e1s, (Mephisto y Gandalf), proclam\u00e1ndose ganadores de la misma y resultando premiados con la grabaci\u00f3n del que ser\u00e1 su primer disco \u201cEl mundo de los sue\u00f1os\u201d, para afrontar esta nueva \u00e9poca del grupo deciden contratar a un guitarrista para ayudar a Javi que se encuentra un tanto agobiado con sus m\u00faltiples funciones de guitarrista, cantante y compositor de la banda, para este labor cogen a Kiko Jim\u00e9nez, que ya fue guitarrista de Fahrenheit y King Kong. <o:p><\/o:p><\/span><\/p>\n<p class=\"MsoNormal\" style=\"margin-bottom: 12pt; text-align: justify;\"><span style=\"color: black;\"><o:p> <\/o:p><\/span><\/p>\n<p class=\"MsoNormal\" style=\"text-align: justify;\"><span style=\"color: black;\">Al poco de entrar en la banda Kiko empiezan las tensiones entre Javi y este \u00faltimo con el resultado de la expulsi\u00f3n de Kiko de la banda entrando en esta el que ya ser\u00eda el guitarrista de la banda hasta su disoluci\u00f3n Eduardo Zamora, un jovenc\u00edsimo guitarrista que tocaba en un grupo de Pamplona llamado Salem. Con esta formaci\u00f3n grabar\u00edan su primer disco \u201cEl mundo de los sue\u00f1os\u201d, en la que entrar\u00edan 8 temas y del que tuvieron que dejar fuera por problemas de espacio canciones como \u201ccomplicidad\u201d que si tendr\u00eda cabida en el que ser\u00e1 su segundo disco. Con este disco empiezan a dar conciertos a lo largo de todo el Estado haci\u00e9ndose un nombre dentro de la escena hard-rock del pa\u00eds. Llegado el a\u00f1o 1992, el grupo tiene un mont\u00f3n de temas para el que ser\u00e1 su segundo disco grabados es una maqueta y un mont\u00f3n de conciertos cerrados para cuando este disco vea la luz, llegados a este punto, Josetxo decide dejar el grupo dado que no puede compaginar trabajo y conciertos, junt\u00e1ndose todo esto con el hecho de que adem\u00e1s tiene que hacer el servicio militar. <o:p><\/o:p><\/span><\/p>\n<p class=\"MsoNormal\" style=\"margin-bottom: 12pt; text-align: justify;\"><span style=\"color: black;\"><o:p> <\/o:p><\/span><\/p>\n<p class=\"MsoNormal\" style=\"text-align: justify;\"><img loading=\"lazy\" class=\"imgizqda\" src=\"\/\/www.metal-archives.com\/images\/9\/4\/5\/2\/94521.jpg\" id=\"img_3\" width=\"248\" height=\"245\"\/><span style=\"color: black;\">El grupo decide hacer un concierto de despedida para Josetxo que se realizar\u00e1 el 1\/V\/1992 en <st1:personname productid=\"la Sala L?mite\" w:st=\"on\">la Sala L\u00edmite<\/st1:personname> de Huarte, aprovechando para dar la bienvenida Gorka Urzaiz (Fairy tales), el que ser\u00e1 el bajista hasta la desaparici\u00f3n del grupo En el a\u00f1o 1993 sale al mercado su segundo y \u00faltimo trabajo, \u201cTiempos duros\u201d, un disco con 12 temas donde se nota la evoluci\u00f3n del grupo, con este disco bajo el brazo inician una gira por todo el estado cosechando un gran \u00e9xito de critica y p\u00fablico una vez m\u00e1s, pero como ha pasado con tantos y tantos grupos del panorama heavy nacional, la compa\u00f1\u00eda les hace un contrato leonino que se junta con los malos rollos entre alg\u00fan miembro del grupo, con lo que Javi, alma mater de S\u00e1tira, decide dar por finalizada la andadura del grupo fundando con su hermano unos estudios de sonido, (Sonido XXI), estudios por donde han pasado grupos como Marea y Koma, y donde graban todos sus discos de un tiempo a esta parte grupos como Tierra Santa. Eduardo Zamora es en la actualidad profesor de guitarra en una academia de m\u00fasica de Pamplona, Miguel dej\u00f3 de tocar y Gorka ha estado despu\u00e9s es otros grupos, siendo el m\u00e1s reconocido los Dikers .\u201d<o:p><\/o:p><\/span><\/p>\n<p class=\"MsoNormal\" style=\"text-align: justify;\"><span style=\"color: black;\">Autor: Vandenmania para <\/span><a href=\"http:\/\/mitorockrvk.blogspot.com\/\" title=\"http:\/\/mitorockrvk.blogspot.com\" id=\"link_0\">Mitorock<\/a> <\/p>\n<p class=\"MsoNormal\" style=\"text-align: justify;\">\n<p><center><object style=\"border: 0pt none ; margin: 0pt; background: transparent none repeat scroll 0% 0%; -moz-background-clip: -moz-initial; -moz-background-origin: -moz-initial; -moz-background-inline-policy: -moz-initial;\" width=\"425\" height=\"344\"><param name=\"movie\" value=\"http:\/\/www.youtube.com\/v\/didVp9dC_MA&#038;hl=es&#038;fs=1\"\/><param name=\"allowFullScreen\" value=\"true\"\/><param name=\"allowscriptaccess\" value=\"always\"\/><embed src=\"\/\/www.youtube.com\/v\/didVp9dC_MA&#038;hl=es&#038;fs=1\" type=\"application\/x-shockwave-flash\" allowscriptaccess=\"always\" allowfullscreen=\"true\" width=\"425\" height=\"344\"\/><\/object><\/center><\/p>\n","protected":false},"excerpt":{"rendered":"<p>La primera vez que v\u00ed a los navarros SATIRA fue aqu\u00ed, en Logro\u00f1o. Acompa\u00f1aban a Mariscal Romero en una charla que se ofreci\u00f3 en la antigua Casa de la Juventud &#8211; lo que hoy se conoce como La Gota de Leche \u2013 dentro de la programaci\u00f3n de un jovenc\u00edsimo Actual, a principios de los noventa. [&hellip;]<\/p>\n","protected":false},"author":12,"featured_media":0,"comment_status":"open","ping_status":"closed","sticky":false,"template":"","format":"standard","meta":[],"categories":[3],"tags":[764,1165,1907,2013],"_links":{"self":[{"href":"https:\/\/blogs.larioja.com\/metalpesado\/wp-json\/wp\/v2\/posts\/305"}],"collection":[{"href":"https:\/\/blogs.larioja.com\/metalpesado\/wp-json\/wp\/v2\/posts"}],"about":[{"href":"https:\/\/blogs.larioja.com\/metalpesado\/wp-json\/wp\/v2\/types\/post"}],"author":[{"embeddable":true,"href":"https:\/\/blogs.larioja.com\/metalpesado\/wp-json\/wp\/v2\/users\/12"}],"replies":[{"embeddable":true,"href":"https:\/\/blogs.larioja.com\/metalpesado\/wp-json\/wp\/v2\/comments?post=305"}],"version-history":[{"count":1,"href":"https:\/\/blogs.larioja.com\/metalpesado\/wp-json\/wp\/v2\/posts\/305\/revisions"}],"predecessor-version":[{"id":3546,"href":"https:\/\/blogs.larioja.com\/metalpesado\/wp-json\/wp\/v2\/posts\/305\/revisions\/3546"}],"wp:attachment":[{"href":"https:\/\/blogs.larioja.com\/metalpesado\/wp-json\/wp\/v2\/media?parent=305"}],"wp:term":[{"taxonomy":"category","embeddable":true,"href":"https:\/\/blogs.larioja.com\/metalpesado\/wp-json\/wp\/v2\/categories?post=305"},{"taxonomy":"post_tag","embeddable":true,"href":"https:\/\/blogs.larioja.com\/metalpesado\/wp-json\/wp\/v2\/tags?post=305"}],"curies":[{"name":"wp","href":"https:\/\/api.w.org\/{rel}","templated":true}]}}