{"id":33,"date":"2008-06-25T09:57:07","date_gmt":"2008-06-25T09:57:07","guid":{"rendered":"http:\/\/blogs.larioja.com\/metalpesado\/?p=33"},"modified":"2025-09-10T17:39:59","modified_gmt":"2025-09-10T15:39:59","slug":"nos-apasiona-heavy-metal","status":"publish","type":"post","link":"https:\/\/blogs.larioja.com\/metalpesado\/nos-apasiona-heavy-metal\/","title":{"rendered":"&#8220;NOS APASIONA EL HEAVY METAL&#8230;&#8221;"},"content":{"rendered":"<p>Hace algunos meses tuve el placer de entrevistar a los alfare\u00f1os Infamia para la web rafabasa.com, a prop\u00f3sito de la salida de su primer CD bautizado con el propio nombre de la banda. Ha pasado el tiempo y mientras esperamos el nuevo trabajo de estos j\u00f3venes y prometedores m\u00fasicos riojanos, reproducimos aqu\u00ed aquellas sabrosas declaraciones.<\/p>\n<table width=\"100%\" align=center border=0>\n<tbody>\n<tr>\n<td>\n<div align=center><img id=img_0 style=\"WIDTH: 531px; HEIGHT: 425px\" height=499 src=\"\/\/www.jaleoriojano.com\/sub\/images\/fondomyspacecopia2copialc8.jpg\" width=475\/><\/div>\n<\/td>\n<\/tr>\n<\/tbody>\n<\/table>\n<p align=justify><strong>&#8211; \u00bfCu\u00e1ndo y como surge la idea de crear Infamia? <\/strong><\/p>\n<p align=justify>La idea de crear Infamia surge en 2002 por Alberto Carretero y Jose de la Concepci\u00f3n. A los dos nos apasionaba mucho el heavy metal y un d\u00eda nos dio por montar un grupo. No hay ning\u00fan otro motivo m\u00e1s especial. <\/p>\n<p align=justify><strong>&#8211; Sorprende la media de edad de la banda, en torno a los 17 a\u00f1os. Sin haber o\u00eddo vuestro primer disco, el que ahora edit\u00e1is, \u00bfcre\u00e9is que hay gente que no os toma en serio, precisamente por vuestra juventud? <\/strong><\/p>\n<p align=justify>Hasta el momento no hemos tenido problemas referidos a ese tema pero no descartamos la idea de que haya gente que no nos tome en serio por la edad. Si no nos juzgar\u00edan por eso y se pondr\u00edan a escuchar nuestro disco ver\u00edan que en \u00e9l no hay nada de ni\u00f1er\u00eda sino que derrochamos muchas ganas y madurez en nuestro trabajo. <\/p>\n<table width=\"100%\" align=center border=0>\n<tbody>\n<tr>\n<td>\n<div align=center><\/div>\n<\/td>\n<\/tr>\n<\/tbody>\n<\/table>\n<p align=justify><strong><\/strong><strong>&#8211; Directamente os hab\u00e9is lanzado a autoproduciros vuestro primer disco sin grabar antes una maqueta, por ejemplo. \u00bfQu\u00e9 tal la experiencia de estar por primera vez grabando en un estudio? <\/strong><\/p>\n<p align=justify>La experiencia ha sido muy buena aunque tambi\u00e9n hemos tenido que trabajar mucho y a veces luchar contra nuestros nervios que nos traicionaban en algunos momentos de la grabaci\u00f3n, pero por lo general estamos muy satisfechos. <\/p>\n<p align=justify><strong><\/strong><strong>-&#8220;Infamia&#8221; titulo hom\u00f3nimo del disco, est\u00e1 lleno de buenas intenciones y sobre todo, muchas ganas.\u00bfCuanto va a dar de si este trabajo?\u00bfCre\u00e9is que cumplir\u00e1 con su labor, la de daros a conocer fuera de tierras riojanas?<\/strong><\/p>\n<p align=justify>Nosotros haremos todo lo que est\u00e9 en nuestra mano para hacer que nuestro disco llegue a todo el \u00e1mbito nacional intentando darnos a conocer no solo por nuestras tierras sino por toda Espa\u00f1a. <\/p>\n<p align=justify><strong><\/strong><strong>&#8211; Musicalmente hablando me hab\u00e9is recordado, entre otros, a la primera etapa de MURO con su &#8220;Acero y Sangre&#8221;, \u00bfest\u00e1is de acuerdo conmigo? <\/strong><\/p>\n<p align=justify>En parte si que estamos de acuerdo contigo. &#8220;Hasta el final&#8221; si que puede recordar a la primera etapa de Muro, pero en cambio, otras canciones como &#8220;Libertad&#8221; o &#8220;\u00c1ngel en llamas&#8221; tienen un aire m\u00e1s mel\u00f3dico. <\/p>\n<table width=\"100%\" align=center border=0>\n<tbody>\n<tr>\n<td>\n<div align=center><\/div>\n<\/td>\n<\/tr>\n<\/tbody>\n<\/table>\n<p align=justify><strong><\/strong><strong>&#8211; Os etiquetais como heavy power metal, un estilo muy prol\u00edfico en bandas \u00faltimamente, \u00bfno? <\/strong><\/p>\n<p align=justify>La verdad es que si, \u00faltimamente el mercado del heavy esta muy saturado de bandas de ese estilo aunque nosotros trabajamos duro para intentar darle a nuestras canciones un toque personal que nos diferencie de otros grupos. <\/p>\n<p align=justify><strong><\/strong><strong>&#8211; La Rioja , a pesar de ser la comunidad aut\u00f3noma m\u00e1s peque\u00f1a, tiene en su haber nombres como Tierra Santa, Red Wine, Ethos, Zenobia, Edelweyss\u2026 y ahora INFAMIA. Algo se mueve por estas tierras, \u00bfpod\u00e9is contarnos a que se debe este fen\u00f3meno? <\/strong><\/p>\n<p align=justify>El motivo esta claro, \u00a1\u00a1 el vino!!, jejeje. Sinceramente no lo sabemos, lo que si es cierto es que est\u00e1n saliendo muchos grupos de rock gracias a la ayuda de otros grupos que siempre est\u00e1n anim\u00e1ndote y apoy\u00e1ndote en todo lo que pueden y eso es bueno. <\/p>\n<p align=justify><strong><\/strong><strong>&#8211; Y en cuanto al panorama nacional, \u00bfC\u00f3mo veis la movida met\u00e1lica que existe ahora mismo? <\/strong><\/p>\n<p align=justify>Parece ser que el rock esta resurgiendo y cada vez se ve a m\u00e1s gente, sobre todo de nuestra edad e incluso m\u00e1s peque\u00f1os con camisetas de grupos heavys y acudiendo a conciertos. Esperemos que esto siga as\u00ed. <\/p>\n<p align=justify><strong>&#8211; \u00bfC\u00f3mo se plantea Infamia dar el salto hacia las restantes regiones de este pa\u00eds? <\/strong><\/p>\n<p align=justify>Esperemos que con el disco ya en el mercado tengamos la oportunidad de tocar en las dem\u00e1s comunidades y que cada vez sea m\u00e1s gente la que nos conozca y pueda acudir a nuestros conciertos. <\/p>\n<table width=\"100%\" align=center border=0>\n<tbody>\n<tr>\n<td>\n<div align=center><\/div>\n<\/td>\n<\/tr>\n<\/tbody>\n<\/table>\n<p align=justify><strong><\/strong><strong>&#8211; \u00bfPara los que no os tenemos tan a mano, d\u00f3nde se puede conseguir vuestro primer disco? <\/strong><\/p>\n<p align=justify>A trav\u00e9s de nuestra pagina web <a href=\"http:\/\/www.infamiametal.com\/\" target=\"_blank\" rel=\"noopener\">www.infamiametal.com <\/a>pod\u00e9is comprar el CD y tambi\u00e9n camisetas tanto de chico como de chica. En ella tambi\u00e9n se puede conocer mejor a los componentes y seguir de cerca las novedades del grupo, noticias, conciertos y dem\u00e1s. <\/p>\n<p align=justify><strong>&#8211; Si quer\u00e9is a\u00f1adir algo m\u00e1s, por nuestra parte os deseamos mucha suerte y animo para seguir adelante. <\/strong><\/p>\n<p align=justify>En principio daos las gracias y animar a todo el mundo a que compre el CD y vaya a nuestros conciertos que se lo pasara de puta madre.<strong> <\/strong><\/p>\n","protected":false},"excerpt":{"rendered":"<p>Hace algunos meses tuve el placer de entrevistar a los alfare\u00f1os Infamia para la web rafabasa.com, a prop\u00f3sito de la salida de su primer CD bautizado con el propio nombre de la banda. Ha pasado el tiempo y mientras esperamos el nuevo trabajo de estos j\u00f3venes y prometedores m\u00fasicos riojanos, reproducimos aqu\u00ed aquellas sabrosas declaraciones. [&hellip;]<\/p>\n","protected":false},"author":12,"featured_media":0,"comment_status":"open","ping_status":"closed","sticky":false,"template":"","format":"standard","meta":[],"categories":[4],"tags":[],"_links":{"self":[{"href":"https:\/\/blogs.larioja.com\/metalpesado\/wp-json\/wp\/v2\/posts\/33"}],"collection":[{"href":"https:\/\/blogs.larioja.com\/metalpesado\/wp-json\/wp\/v2\/posts"}],"about":[{"href":"https:\/\/blogs.larioja.com\/metalpesado\/wp-json\/wp\/v2\/types\/post"}],"author":[{"embeddable":true,"href":"https:\/\/blogs.larioja.com\/metalpesado\/wp-json\/wp\/v2\/users\/12"}],"replies":[{"embeddable":true,"href":"https:\/\/blogs.larioja.com\/metalpesado\/wp-json\/wp\/v2\/comments?post=33"}],"version-history":[{"count":1,"href":"https:\/\/blogs.larioja.com\/metalpesado\/wp-json\/wp\/v2\/posts\/33\/revisions"}],"predecessor-version":[{"id":3811,"href":"https:\/\/blogs.larioja.com\/metalpesado\/wp-json\/wp\/v2\/posts\/33\/revisions\/3811"}],"wp:attachment":[{"href":"https:\/\/blogs.larioja.com\/metalpesado\/wp-json\/wp\/v2\/media?parent=33"}],"wp:term":[{"taxonomy":"category","embeddable":true,"href":"https:\/\/blogs.larioja.com\/metalpesado\/wp-json\/wp\/v2\/categories?post=33"},{"taxonomy":"post_tag","embeddable":true,"href":"https:\/\/blogs.larioja.com\/metalpesado\/wp-json\/wp\/v2\/tags?post=33"}],"curies":[{"name":"wp","href":"https:\/\/api.w.org\/{rel}","templated":true}]}}