{"id":330,"date":"2009-06-09T09:15:00","date_gmt":"2009-06-09T09:15:00","guid":{"rendered":"http:\/\/blogs.larioja.com\/metalpesado\/?p=330"},"modified":"2025-09-10T17:36:10","modified_gmt":"2025-09-10T15:36:10","slug":"buscando-norte","status":"publish","type":"post","link":"https:\/\/blogs.larioja.com\/metalpesado\/buscando-norte\/","title":{"rendered":"BUSCANDO EL NORTE"},"content":{"rendered":"<p><meta http-equiv=\"Content-Type\" content=\"text\/html; charset=utf-8\"\/><meta name=\"ProgId\" content=\"Word.Document\"\/><meta name=\"Generator\" content=\"Microsoft Word 11\"\/><meta name=\"Originator\" content=\"Microsoft Word 11\"\/><link rel=\"File-List\" href=\"file:\/\/\/C:%5CDOCUME%7E1%5Cfgonzalo%5CCONFIG%7E1%5CTemp%5Cmsohtml1%5C01%5Cclip_filelist.xml\"\/>\n<p style=\"text-align: justify;\"><img loading=\"lazy\" class=\"imgdcha\" src=\"\/\/c3.ac-images.myspacecdn.com\/images02\/57\/l_1464702a63e544898f29a63098300a2a.jpg\" id=\"img_0\" width=\"362\" height=\"271\"https:\/\/static-blogs.larioja.com\/>Aqu\u00ed tenemos otra pedazo de banda que gusta de batirse el cobre cada fin de semana en busca del santo grial que les otorgue la vida eterna. Y es que los de \u00c1vila se hayan presentando su segundo disco \u201cBuscando el norte\u201d con m\u00e1s ganas e ilusi\u00f3n que nunca. Aqu\u00ed os dejo la biograf\u00eda de <a href=\"http:\/\/www.myspace.com\/dunedainmetal\" title=\"http:\/\/www.myspace.com\/dunedainmetal\" id=\"link_0\">D\u00dcNEDAIN<\/a>  para que los conozcais un poco mejor:<\/p>\n<p style=\"text-align: justify;\"><o:p> <\/o:p><\/p>\n<p style=\"text-align: justify;\">\u201cTony Delgado inicia de forma prematura este proyecto en 1996, pero no es hasta 2002 que el grupo empieza a rodar como tal. Ese a\u00f1o Tony, Jacin, Mariano y Miguel graban la primera demo del grupo en los Estudios V.U. de Salamanca. Aunque tiene un p\u00e9simo sonido, la demo les brinda la oportunidad de empezar a dar sus primeros conciertos.<\/p>\n<p style=\"text-align: justify;\"><o:p> <\/o:p><\/p>\n<p style=\"text-align: justify;\">A mediados del a\u00f1o 2003 D\u00fcnedain entran en el estudio para grabar una maqueta de larga duraci\u00f3n y un sonido m\u00e1s profesional. El disco se graba en los Estudios Century Audio de Salamanca.<\/p>\n<p style=\"text-align: justify;\"><o:p> <\/o:p><\/p>\n<p style=\"text-align: justify;\">Esta maqueta sale a la luz a principios de marzo de 2004 de forma autoproducida y se distribuyen m\u00e1s de 900 copias a pesar de no contar con distribuci\u00f3n en tiendas. Gracias a una peque\u00f1a distribuci\u00f3n por Internet se venden copias en diferentes pa\u00edses de todo el mundo, destacando 50 copias en Jap\u00f3n.<\/p>\n<p style=\"text-align: justify;\"><o:p> <\/o:p><\/p>\n<p style=\"text-align: justify;\">D\u00fcnedain han participado en el Concurso Villa de Madrid en 2005, y en festivales como el Atalaya Rock, Mingorock, Fiesta Mariskal-Rock en Salamanca, Sanvirock&#8230; y han compartido escenario con grupos como Sphinx, Dreamaker, Ob\u00fas, Ars Amandi, Saurom y Saratoga.<\/p>\n<p style=\"text-align: justify;\"><o:p> <\/o:p><\/p>\n<p style=\"text-align: justify;\">En septiembre de 2005 firman un contrato discogr\u00e1fico con la compa\u00f1\u00eda Pies Records. Tras un a\u00f1o sin apenas actividad ni planes, se rompe de forma bilateral el contrato que los un\u00eda.<\/p>\n<p style=\"text-align: justify;\"><o:p> <\/o:p><\/p>\n<p style=\"text-align: justify;\">En 2007 D\u00fcnedain vuelven a la autoproducci\u00f3n un disco de estudio \u201cLa luz de mi oscuridad\u201d. El nuevo disco, de 11 temas, incorpora cinco temas regrabados de su anterior maqueta (2004) y seis nuevos temas. Fue mezclado por Karlos Creator y cuenta con la participaci\u00f3n especial de Dani Aller (Ars Amandi) y Valen (Kain), adem\u00e1s del apoyo de Txus (Mago de Oz).<\/p>\n<p style=\"text-align: justify;\"><o:p> <\/o:p><\/p>\n<p style=\"text-align: justify;\">&#8220;La luz de mi oscuridad&#8221; es editado en 2008 por el sello discogr\u00e1fico Akeloo y distribuido por Avispa en toda Espa\u00f1a. El disco es presentado en una peque\u00f1a gira que recorre varias ciudades (Madrid, Zaragoza, Salamanca, Lugo, Burgos, Barakaldo&#8230;).<\/p>\n<p style=\"text-align: justify;\"><o:p> <\/o:p><\/p>\n<p style=\"text-align: justify;\">En 2009, D\u00fcnedain vuelven a la autoproducci\u00f3n de un nuevo disco \u201cBuscando el norte\u201d, grabado en los Rock Studios de Karlos Creator. \u00c9ste disco se publicar\u00e1 en dos entregas en formato EP de seis temas cada una. La primera de ellas, disponible a partir de marzo, se podr\u00e1 descargar de forma gratuita desde <a href=\"http:\/\/www.dunedain.es\/\">www.dunedain.es<\/a>.<\/p>\n<p style=\"text-align: justify;\"><o:p> <\/o:p><\/p>\n<p style=\"text-align: justify;\">El disco en formato CD se regalar\u00e1 junto con la entrada de cualquiera de los conciertos que se realizar\u00e1n en la gira &#8220;Buscando el norte 2009&#8221;. La gira tiene confirmada unas trece fechas por ciudades de toda Espa\u00f1a.\u201d<\/p>\n<p style=\"text-align: justify;\">\n<p><center><object style=\"border: 0pt none ; margin: 0pt; background: transparent none repeat scroll 0% 0%; -moz-background-clip: -moz-initial; -moz-background-origin: -moz-initial; -moz-background-inline-policy: -moz-initial;\" width=\"425\" height=\"344\"><param name=\"movie\" value=\"http:\/\/www.youtube.com\/v\/jBS4DrGW2Tk&#038;color1=0xb1b1b1&#038;color2=0xcfcfcf&#038;hl=en&#038;feature=player_embedded&#038;fs=1\"\/><param name=\"allowFullScreen\" value=\"true\"\/><embed src=\"\/\/www.youtube.com\/v\/jBS4DrGW2Tk&#038;color1=0xb1b1b1&#038;color2=0xcfcfcf&#038;hl=en&#038;feature=player_embedded&#038;fs=1\" type=\"application\/x-shockwave-flash\" allowfullscreen=\"true\" width=\"425\" height=\"344\"\/><\/object><\/center><\/p>\n","protected":false},"excerpt":{"rendered":"<p>Aqu\u00ed tenemos otra pedazo de banda que gusta de batirse el cobre cada fin de semana en busca del santo grial que les otorgue la vida eterna. Y es que los de \u00c1vila se hayan presentando su segundo disco \u201cBuscando el norte\u201d con m\u00e1s ganas e ilusi\u00f3n que nunca. Aqu\u00ed os dejo la biograf\u00eda de [&hellip;]<\/p>\n","protected":false},"author":12,"featured_media":0,"comment_status":"open","ping_status":"closed","sticky":false,"template":"","format":"standard","meta":[],"categories":[3],"tags":[179,643,1773],"_links":{"self":[{"href":"https:\/\/blogs.larioja.com\/metalpesado\/wp-json\/wp\/v2\/posts\/330"}],"collection":[{"href":"https:\/\/blogs.larioja.com\/metalpesado\/wp-json\/wp\/v2\/posts"}],"about":[{"href":"https:\/\/blogs.larioja.com\/metalpesado\/wp-json\/wp\/v2\/types\/post"}],"author":[{"embeddable":true,"href":"https:\/\/blogs.larioja.com\/metalpesado\/wp-json\/wp\/v2\/users\/12"}],"replies":[{"embeddable":true,"href":"https:\/\/blogs.larioja.com\/metalpesado\/wp-json\/wp\/v2\/comments?post=330"}],"version-history":[{"count":1,"href":"https:\/\/blogs.larioja.com\/metalpesado\/wp-json\/wp\/v2\/posts\/330\/revisions"}],"predecessor-version":[{"id":3522,"href":"https:\/\/blogs.larioja.com\/metalpesado\/wp-json\/wp\/v2\/posts\/330\/revisions\/3522"}],"wp:attachment":[{"href":"https:\/\/blogs.larioja.com\/metalpesado\/wp-json\/wp\/v2\/media?parent=330"}],"wp:term":[{"taxonomy":"category","embeddable":true,"href":"https:\/\/blogs.larioja.com\/metalpesado\/wp-json\/wp\/v2\/categories?post=330"},{"taxonomy":"post_tag","embeddable":true,"href":"https:\/\/blogs.larioja.com\/metalpesado\/wp-json\/wp\/v2\/tags?post=330"}],"curies":[{"name":"wp","href":"https:\/\/api.w.org\/{rel}","templated":true}]}}