{"id":331,"date":"2009-06-10T09:15:00","date_gmt":"2009-06-10T09:15:00","guid":{"rendered":"http:\/\/blogs.larioja.com\/metalpesado\/?p=331"},"modified":"2025-09-10T17:36:07","modified_gmt":"2025-09-10T15:36:07","slug":"dios-salve-al-viajero","status":"publish","type":"post","link":"https:\/\/blogs.larioja.com\/metalpesado\/dios-salve-al-viajero\/","title":{"rendered":"DIOS SALVE AL VIAJERO"},"content":{"rendered":"<p><meta http-equiv=\"Content-Type\" content=\"text\/html; charset=utf-8\"\/><meta name=\"ProgId\" content=\"Word.Document\"\/><meta name=\"Generator\" content=\"Microsoft Word 11\"\/><meta name=\"Originator\" content=\"Microsoft Word 11\"\/><link rel=\"File-List\" href=\"file:\/\/\/C:%5CDOCUME%7E1%5Cfgonzalo%5CCONFIG%7E1%5CTemp%5Cmsohtml1%5C01%5Cclip_filelist.xml\"\/><o:smarttagtype namespaceuri=\"urn:schemas-microsoft-com:office:smarttags\" name=\"PersonName\"><\/o:smarttagtype>  <\/p>\n<p class=\"MsoNormal\" style=\"text-align: justify;\">De nuevo me cuelo por la puerta abierta que me deja Jafo para mostrar desde su \u2018<em>Metal Pesado<\/em>\u2019 algunos de los sonidos del rock dominicano. Y si un nombre representa al rock hecho en la bella <st1:personname productid=\"La Espa\u00f1ola\" w:st=\"on\">La Espa\u00f1ola<\/st1:personname> son los grand\u00edsimos <strong>Toque Profundo<\/strong>.<\/p>\n<p class=\"MsoNormal\" style=\"text-align: justify;\">\n<p class=\"MsoNormal\" style=\"text-align: justify;\"><img loading=\"lazy\" class=\"imgizqda\" src=\"\/\/img193.imageshack.us\/img193\/6177\/42783528.jpg\" id=\"img_0\" width=\"340\" height=\"272\"\/><em>Toque Profundo<\/em> es una esas bandas que merecen por su trayectoria, sus discazos y sus directos el reconocimiento mundial. Pero si ya es dif\u00edcil despuntar, m\u00e1s lo es cuando vives en una isla y los enormes costos que supone saltar el charco para girar por otros pa\u00edses. Por ello, sirvan estas l\u00edneas para presentaros y reivindicar con fuerza a la banda m\u00e1s grande del rock dominicano, que me impact\u00f3 durante los a\u00f1os que viv\u00ed en la isla y que tuve la fortuna de disfrutar de su m\u00fasica y de su amistad. Este es un relato desde mi experiencia y mis sentimientos con la banda, por lo que os animo a que profundic\u00e9is m\u00e1s en su historia en su <a href=\"http:\/\/www.myspace.com\/toqueprofundo\">http:\/\/www.myspace.com\/toqueprofundo<\/a> , en la wikipedia , <a href=\"http:\/\/es.wikipedia.org\/wiki\/Toque_Profundo\">http:\/\/es.wikipedia.org\/wiki\/Toque_Profundo<\/a> o en los v\u00eddeos en directo en youtube.<\/p>\n<p class=\"MsoNormal\" style=\"text-align: justify;\"><o:p> <\/o:p><\/p>\n<p class=\"MsoNormal\" style=\"text-align: justify;\">VEINTE A\u00d1OS DE SUE\u00d1OS CRIOLLOS<\/p>\n<p class=\"MsoNormal\" style=\"text-align: justify;\">\n<p class=\"MsoNormal\" style=\"text-align: justify;\">Conoc\u00ed a <em>Toque Profundo<\/em> en su momento de madurez y plenitud y en el de la consolidaci\u00f3n del rock como fen\u00f3meno en Rep\u00fablica Dominicana, en 1999, junto a bandas como Al-Jadaqui, Tabutek, Tribu del Sol, Necro, JLS, Abbadon&#8230; Recuerdo preguntar a mis compa\u00f1eros de trabajo y amigos sobre bandas de rock. Todos me daban el mismo nombre: Toque Profundo.<\/p>\n<p class=\"MsoNormal\" style=\"text-align: justify;\">\n<p class=\"MsoNormal\" style=\"text-align: justify;\">No tard\u00e9 en verles en directo. Fue mi primer y definitivo impacto. Sobre el escenario, ante miles de j\u00f3venes que los adoraban, una imagen: la de un enorme cantante negro, con rastas hasta la cintura y una voz honda y arrebatadora sobre un rock intenso, a veces enigm\u00e1tico y rotundo, a veces festivo y alborotado. Era Tony Almont (las fotos de mi colega Maglio P\u00e9rez ilustran esta imagen de Toque en directo).<\/p>\n<p class=\"MsoNormal\" style=\"text-align: justify;\">\n<p class=\"MsoNormal\" style=\"text-align: justify;\"><img loading=\"lazy\" class=\"imgdcha\" src=\"\/\/img193.imageshack.us\/img193\/7311\/42698034.jpg\" id=\"img_1\" width=\"285\" height=\"226\"https:\/\/static-blogs.larioja.com\/>Me hice con sus discos. Toque Profundo se forman en 1988 de la confluencia de dos de las personalidades m\u00e1s ricas de la cultura dominicana: Tony Almont y el guitarrista Leo Susana (que a\u00f1os despu\u00e9s formar\u00eda los rotundos JLS). Tras a\u00f1os de lucha, en 1992 eran el primer grupo de rock en grabar un disco, fresco, juvenil y con ganas, el expl\u00edcito \u2018Sue\u00f1os y pesadillas del Tercer Mundo\u2019, una maravilla.<\/p>\n<p class=\"MsoNormal\" style=\"text-align: justify;\"><o:p> <\/o:p><\/p>\n<p class=\"MsoNormal\" style=\"text-align: justify;\"><a href=\"http:\/\/www.youtube.com\/watch?v=poLsVqMJ02k&#038;feature=related\" title=\" http:\/\/www.youtube.com\/watch?v=poLsVqMJ02k&#038;feature=related\" id=\"link_0\">\u2018Mi pa\u00eds\u2019<\/a> , en una jocosa actuaci\u00f3n en televisi\u00f3n en 1990<\/p>\n<p class=\"MsoNormal\" style=\"text-align: justify;\">\n<p class=\"MsoNormal\" style=\"text-align: justify;\">\u201cVivo en un pa\u00eds lleno de hermosura\u2026 tambi\u00e9n lleno de basura\u201d. Es la apertura de \u2018Mi pa\u00eds\u2019, que desde el principio muestra la dicotom\u00eda dominicana, la mezcla entre el orgullo criollo indomable y la conciencia de que hay mucho por mejorar&#8230; los sue\u00f1os y las pesadillas. De cara al p\u00fablico global, este disco puede pecar de localismo, pues trata temas \u2018muy dominicanos\u2019, pero quienes son o han vivido en la isla se sienten plenamente identificados con \u2018Abril\u2019, la divertid\u00edsima \u2018El bolero bi\u00f3nico\u2019 a bordo de un concho o el perfil del singular \u2018El gevito\u2019. Junto a \u00e9stas, una rockera declaraci\u00f3n de intenciones, \u2018Y so\u00f1\u00f3\u2019: \u201cAunque de \u00e9l se burlar\u00edan, decidi\u00f3 que lo intentar\u00eda: ser estrella del rock\u201d.<\/p>\n<p class=\"MsoNormal\" style=\"text-align: justify;\"><o:p> <\/o:p><\/p>\n<p class=\"MsoNormal\" style=\"text-align: justify;\">En 1996, tras la marcha de Leo Susana y la llegada de Clemente Portillo a las seis cuerdas, y tras muchos kil\u00f3metros y conciertos, graban \u2018Moneda\u2019, que se agota en tres meses (era reeditado en el 2000). De nuevo, la producci\u00f3n en un pa\u00eds poco acostumbrado al rock no merece la calidad de temas como \u2018Llorar\u00e9\u2019 o \u2018D\u00f3nde estabas t\u00fa\u2019. Y entre todos ellos, la maravilla \u2018Dios salve al viajero\u2019, una obra maestra por su m\u00fasica y por la impactante letra sobre la emigraci\u00f3n y contra el racismo. Yo no puedo o\u00edrla sin que se me ponga la carne de gallina: \u201cRefugiado, ciudadano de ning\u00fan lado, libre pero esclavo, viajero, no importa d\u00f3nde vayas, siempre ser\u00e1s extranjero\u201d&#8230; Yo soy un viajero m\u00e1s.<\/p>\n<p class=\"MsoNormal\" style=\"text-align: justify;\"><o:p> <\/o:p><\/p>\n<p class=\"MsoNormal\" style=\"text-align: justify;\"><a href=\"http:\/\/www.youtube.com\/watch?v=wlrZBz0EsUw\" title=\"http:\/\/www.youtube.com\/watch?v=wlrZBz0EsUw\" id=\"link_1\">Dios salve al viajero<\/a> <\/p>\n<p class=\"MsoNormal\" style=\"text-align: justify;\"><o:p> <\/o:p><\/p>\n<p class=\"MsoNormal\" style=\"text-align: justify;\"><img loading=\"lazy\" class=\"imgizqda\" src=\"\/\/img193.imageshack.us\/img193\/5274\/73323780.jpg\" id=\"img_2\" width=\"371\" height=\"278\"\/>Ese 1999 sacan \u2018Cr\u00eda cuervos\u2019, su obra cumbre, un discazo de rock intenso de principio a fin. \u2018Lev\u00e1ntate\u2019, \u2018Fantasma azul\u2019, \u2018Lib\u00e9rame\u2019\u2026 todos son temas intensos, intrigantes, que te atrapan en una atm\u00f3sfera que no te suelta, con letras on\u00edricas y surrealistas que envuelven. Estoy seguro de que si hubieran podido dar el salto a Espa\u00f1a hubieran tomado el relevo de H\u00e9roes. Y en el final del disco, de nuevo la jocosidad de la banda con \u2018Dando aco\u2019, una festiva bachata-rock fusionando todo lo posible con Mariano de Al Jadaqui como invitado sobre las desventuras de una noche de ron, jumo y gebitas, un tema que alborota todos sus conciertos. El cierre es para la emocionante revisi\u00f3n en ac\u00fastico de \u2018El viajero\u2019.<\/p>\n<p class=\"MsoNormal\" style=\"text-align: justify;\"><o:p> <\/o:p><\/p>\n<p class=\"MsoNormal\" style=\"text-align: justify;\"><a href=\"http:\/\/www.youtube.com\/watch?v=M8TlMxLWZ7M\" title=\"http:\/\/www.youtube.com\/watch?v=M8TlMxLWZ7M\" id=\"link_2\">\u2018Dando aco\u2019<\/a>  en directo<\/p>\n<p class=\"MsoNormal\" style=\"text-align: justify;\"><o:p> <\/o:p><\/p>\n<p class=\"MsoNormal\" style=\"text-align: justify;\">Y Toque Profundo se hicieron muy grandes. Presentaciones ante miles de personas en cada noche, abriendo para Man\u00e1 ante 15.000 personas en el estadio Quisqueya, su d\u00e9cimo aniversario en el arrebatado Teatro Agua y Luz&#8230; Grandes y alborotados conciertos de una banda grande. L\u00e1stima que saltar el charco a girar por otros pa\u00edses era demasiado costoso. Estoy seguro de que hubieran triunfado.<\/p>\n<p class=\"MsoNormal\" style=\"text-align: justify;\"><o:p> <\/o:p><\/p>\n<p class=\"MsoNormal\" style=\"text-align: justify;\">En el 2002 publican \u2018Magia\u2019, su \u00faltimo disco hasta la fecha y el m\u00e1s completo, de m\u00e1s rica y variada composici\u00f3n, con m\u00faltiples influencias y gui\u00f1os y con temazos absolutos como \u2019Tabaco y ron\u2019, \u2019\u00c1ngel ciego\u2019, \u2018Paredes del silencio\u2019 o la enorme \u2018Millones de voces\u2019. Giraron, probaron suerte por Estados Unidos\u2026 pero como dice el tema que abre el disco, \u2018Arranca\u2019 \u201cUna docena de a\u00f1os y todav\u00eda cogiendo pela. No conocen ni a Man\u00e1\u2026 \u00bfqu\u00e9 Toque ni qu\u00e9 Profundo? La vida sigue su curso\u2026 ni un paso atr\u00e1s ni para coger impulso\u201d.<\/p>\n<p class=\"MsoNormal\" style=\"text-align: justify;\"><o:p> <\/o:p><\/p>\n<p class=\"MsoNormal\" style=\"text-align: justify;\">Se habl\u00f3 de su disoluci\u00f3n, pero qu\u00e9 va!! En el pasado mes de abril ofrecieron varios conciertos celebrando su veinte aniversario y Tony Almont frecuenta escenarios como Casa de Teatro o en Cabarete. Amigos, en unos meses visitar\u00e9 de nuevo mi segundo pa\u00eds\u2026 buscar\u00e9 como sea volver a ver en directo a Toque Profundo. \u00a1\u00a1Grandes Toque!!<\/p>\n<p class=\"MsoNormal\" style=\"text-align: justify;\"><o:p> <\/o:p><\/p>\n<p><st1:personname productid=\"LA LIBERTAD\" w:st=\"on\">LA LIBERTAD<\/p>\n<p><\/st1:personname>  <\/p>\n<p class=\"MsoNormal\" style=\"text-align: justify;\"><img loading=\"lazy\" class=\"imgdcha\" src=\"\/\/img193.imageshack.us\/img193\/286\/39751661.jpg\" id=\"img_3\" width=\"194\" height=\"204\"https:\/\/static-blogs.larioja.com\/>En lo personal, adem\u00e1s de por su m\u00fasica y los buenos momentos compartidos, Toque Profundo suponen para m\u00ed uno de los momentos m\u00e1s bellos que he vivido. En mi estancia en Rep\u00fablica Dominicana, form\u00e9 parte del Patronato de Ayuda a <st1:personname productid=\"la C\u00e1rcel\" w:st=\"on\">la C\u00e1rcel<\/st1:personname> de Monte Plata, que con un extraordinario equipo de voluntarios y un ejemplar programa educativo logr\u00f3 transformar la conocida como \u2018c\u00e1rcel del diablo\u2019 en un ejemplo para todo el pa\u00eds.<\/p>\n<p class=\"MsoNormal\" style=\"text-align: justify;\">\n<p class=\"MsoNormal\" style=\"text-align: justify;\">All\u00ed mont\u00e9 un taller de Literatura. Adem\u00e1s de alimentar una biblioteca, escribir mucho y analizar diversos libros, nos adentramos tambi\u00e9n en letras de Los Suaves, Leize\u2026 y de Toque Profundo. En concreto, analizamos la de \u2018Botas negras\u2019, sobre la rebeld\u00eda juvenil y la reivindicaci\u00f3n de tu personalidad: \u201cQu\u00e9 importa saber que no puedes volar, que es s\u00f3lo un pasaje a la izquierda de un viejo sof\u00e1 que no existe\u201d.<\/p>\n<p class=\"MsoNormal\" style=\"text-align: justify;\"><o:p> <\/o:p><\/p>\n<p class=\"MsoNormal\" style=\"text-align: justify;\"><a href=\"http:\/\/www.youtube.com\/watch?v=2InNwo7HIHQ&#038;feature=related\" title=\"http:\/\/www.youtube.com\/watch?v=2InNwo7HIHQ&#038;feature=related\" id=\"link_3\">\u2018Botas negras\u2019<\/a> <\/p>\n<p class=\"MsoNormal\" style=\"text-align: justify;\"><o:p> <\/o:p><\/p>\n<p class=\"MsoNormal\" style=\"text-align: justify;\">Recuerdo aquella sesi\u00f3n: \u201c\u00bfAlguna vez se han preguntado si nos importa no volar? \u00bfQu\u00e9 quiere decir la letra cuando expresa que es \u2018s\u00f3lo un pasaje a la izquierda de un viejo sof\u00e1\u2019 que, adem\u00e1s, no existe\u201d. La clase, con decenas de cuadros pintados por los presos en las paredes, crea su propia atm\u00f3sfera. Ponemos la canci\u00f3n a todo volumen. Y empieza a llover\u2026<\/p>\n<p class=\"MsoNormal\" style=\"text-align: justify;\">\n<p class=\"MsoNormal\" style=\"text-align: justify;\">\u2026\u201cY \u00bfqu\u00e9 ves? T\u00fa cara frente a la pared\u2026 prefieres cambiarte de piel y dejarla correr en el tiempo\u201d. Bailamos, los presos escenifican que se arrancan la piel, dejan de estar entre cuatro muros\u2026<\/p>\n<p class=\"MsoNormal\" style=\"text-align: justify;\">\n<p class=\"MsoNormal\" style=\"text-align: justify;\"><img loading=\"lazy\" class=\"imgizqda\" src=\"\/\/img198.imageshack.us\/img198\/6345\/95971627.jpg\" id=\"img_4\" width=\"316\" height=\"225\"\/>\u201cPero no, es s\u00f3lo tu corta edad, tan s\u00f3lo no ser uno m\u00e1s, con ganas de abrir esa puerta y ver m\u00e1s all\u00e1\u201d\u2026 Y cruzamos la puerta, salimos al patio en el que la lluvia se cuela entre el techo rejado, alzamos los brazos, cerramos los ojos, la lluvia nos cala\u2026 \u201cY ver m\u00e1s all\u00e1\u201d. En ese momento, todos fuimos libres. Libres.<\/p>\n<p class=\"MsoNormal\" style=\"text-align: justify;\"><o:p> <\/o:p><\/p>\n<p class=\"MsoNormal\" style=\"text-align: justify;\">A los d\u00edas, en medio de una noche de bonche, le cont\u00e9 la historia a Clemente, guitarrista de la banda.<span style=\"\">  <\/span>Le asombr\u00f3 y maravill\u00f3 el poder de la m\u00fasica para dar libertad a personas que llevaban a\u00f1os encerrados. A las pocas semanas, en junio del 2000, Toque Profundo actuaron en la c\u00e1rcel de Monte Plata, volvieron a liberar a cientos de presos. Supongo que de esa experiencia naci\u00f3 la canci\u00f3n \u2018Monte Plata Beach Resort\u2019 del \u00e1lbum \u2018Magia\u2019.<\/p>\n<p class=\"MsoNormal\" style=\"text-align: justify;\"><o:p> <\/o:p><\/p>\n<p class=\"MsoNormal\" style=\"text-align: justify;\">Por todo, por su m\u00fasica, por su pasi\u00f3n, por su insistencia, por su generosidad, \u00a1\u00a1\u00a1gracias TOQUE!!!<\/p>\n<p class=\"MsoNormal\" style=\"text-align: justify;\">\n<p class=\"MsoNormal\" style=\"text-align: justify;\"><em>Texto y fotos  : <\/em><em>Ernesto P.<\/em><\/p>\n","protected":false},"excerpt":{"rendered":"<p>De nuevo me cuelo por la puerta abierta que me deja Jafo para mostrar desde su \u2018Metal Pesado\u2019 algunos de los sonidos del rock dominicano. Y si un nombre representa al rock hecho en la bella La Espa\u00f1ola son los grand\u00edsimos Toque Profundo. Toque Profundo es una esas bandas que merecen por su trayectoria, sus [&hellip;]<\/p>\n","protected":false},"author":12,"featured_media":0,"comment_status":"open","ping_status":"closed","sticky":false,"template":"","format":"standard","meta":[],"categories":[3],"tags":[17,477,1109,1483,2087],"_links":{"self":[{"href":"https:\/\/blogs.larioja.com\/metalpesado\/wp-json\/wp\/v2\/posts\/331"}],"collection":[{"href":"https:\/\/blogs.larioja.com\/metalpesado\/wp-json\/wp\/v2\/posts"}],"about":[{"href":"https:\/\/blogs.larioja.com\/metalpesado\/wp-json\/wp\/v2\/types\/post"}],"author":[{"embeddable":true,"href":"https:\/\/blogs.larioja.com\/metalpesado\/wp-json\/wp\/v2\/users\/12"}],"replies":[{"embeddable":true,"href":"https:\/\/blogs.larioja.com\/metalpesado\/wp-json\/wp\/v2\/comments?post=331"}],"version-history":[{"count":1,"href":"https:\/\/blogs.larioja.com\/metalpesado\/wp-json\/wp\/v2\/posts\/331\/revisions"}],"predecessor-version":[{"id":3521,"href":"https:\/\/blogs.larioja.com\/metalpesado\/wp-json\/wp\/v2\/posts\/331\/revisions\/3521"}],"wp:attachment":[{"href":"https:\/\/blogs.larioja.com\/metalpesado\/wp-json\/wp\/v2\/media?parent=331"}],"wp:term":[{"taxonomy":"category","embeddable":true,"href":"https:\/\/blogs.larioja.com\/metalpesado\/wp-json\/wp\/v2\/categories?post=331"},{"taxonomy":"post_tag","embeddable":true,"href":"https:\/\/blogs.larioja.com\/metalpesado\/wp-json\/wp\/v2\/tags?post=331"}],"curies":[{"name":"wp","href":"https:\/\/api.w.org\/{rel}","templated":true}]}}