{"id":34,"date":"2008-06-26T21:49:52","date_gmt":"2008-06-26T21:49:52","guid":{"rendered":"http:\/\/blogs.larioja.com\/metalpesado\/?p=34"},"modified":"2025-09-10T17:39:59","modified_gmt":"2025-09-10T15:39:59","slug":"radio-rioja-con-musicos-riojanos","status":"publish","type":"post","link":"https:\/\/blogs.larioja.com\/metalpesado\/radio-rioja-con-musicos-riojanos\/","title":{"rendered":"RADIO RIOJA CON LOS MUSICOS RIOJANOS"},"content":{"rendered":"<p>Esta misma ma\u00f1ana he estado hablando con Laura &#8211; periodista de la Cadena Ser en Logro\u00f1o &#8211; , y hemos quedado en que me hac\u00eda eco muy gustosamente aqu\u00ed en el blog, del proyecto que acaban de iniciar en la emisora de cara a la pr\u00f3xima temporada y que va dirigido a los grupos y m\u00fasicos de La Rioja. Voy a dejar que sea ella misma quien os lo cuente : <\/p>\n<p>&#8220;<span style=\"FONT-SIZE: 10pt; FONT-FAMILY: Arial\">Hola, soy Laura Cerme\u00f1o de Radio Rioja, Cadena SER de Logro\u00f1o. La temporada que viene y que comienza en septiembre tengo idea de recuperar el espacio de m\u00fasica riojana que emit\u00eda en directo los domingos a las doce. En esta ocasi\u00f3n lo he desplazado a los s\u00e1bados a la una en directo. Me gustar\u00eda contar con su colaboraci\u00f3n y su presencia uno de estos s\u00e1bados entre septiembre de 2008 y junio de 2009.<\/p>\n<p><\/span><span style=\"FONT-SIZE: 12pt; FONT-FAMILY: 'Times New Roman'\">< ?xml:namespace prefix = o \/><o:p><\/o:p><\/span> <\/p>\n<p class=MsoNormal style=\"MARGIN: 0cm 0cm 0pt\"><span style=\"FONT-SIZE: 10pt; FONT-FAMILY: Arial\">Por otro lado, Radio Rioja publicar\u00e1 en septiembre de 2008 una revista de m\u00fasica y dedicar\u00e1 una p\u00e1gina entera a cada grupo riojano que quiera participar. Para ello se necesitan fotos del grupo, logo y disco o maqueta. Adem\u00e1s de una entrevista personal del grupo. De nuevo me gustar\u00eda contar con vuestra colaboraci\u00f3n. Si os interesa os pon\u00e9is en contacto conmigo a trav\u00e9s de este correo electr\u00f3nico ( lauracermeno@radiorioja.es ) o en el tel\u00e9fono de la radio: 941 222612. Gracias.&#8221;<\/span>\n <\/p>\n<p class=MsoNormal style=\"MARGIN: 0cm 0cm 0pt\"><span style=\"FONT-SIZE: 10pt; FONT-FAMILY: Arial\">Me comentaba Laura que ya hay contactadas 55 bandas. Esto promete&#8230;<\/span><\/p>\n<p class=MsoNormal style=\"MARGIN: 0cm 0cm 0pt\"><span lang=ES-TRAD style=\"FONT-SIZE: 12pt; FONT-FAMILY: 'Times New Roman'\"><span style=\"COLOR: rgb(204,0,0)\">METAL PESADO MYSPACE<\/span> , el espacio virtual de la 1\u00aa comunidad Heavy Metal riojana<\/span><\/p>\n","protected":false},"excerpt":{"rendered":"<p>Esta misma ma\u00f1ana he estado hablando con Laura &#8211; periodista de la Cadena Ser en Logro\u00f1o &#8211; , y hemos quedado en que me hac\u00eda eco muy gustosamente aqu\u00ed en el blog, del proyecto que acaban de iniciar en la emisora de cara a la pr\u00f3xima temporada y que va dirigido a los grupos y [&hellip;]<\/p>\n","protected":false},"author":12,"featured_media":0,"comment_status":"open","ping_status":"closed","sticky":false,"template":"","format":"standard","meta":[],"categories":[4],"tags":[],"_links":{"self":[{"href":"https:\/\/blogs.larioja.com\/metalpesado\/wp-json\/wp\/v2\/posts\/34"}],"collection":[{"href":"https:\/\/blogs.larioja.com\/metalpesado\/wp-json\/wp\/v2\/posts"}],"about":[{"href":"https:\/\/blogs.larioja.com\/metalpesado\/wp-json\/wp\/v2\/types\/post"}],"author":[{"embeddable":true,"href":"https:\/\/blogs.larioja.com\/metalpesado\/wp-json\/wp\/v2\/users\/12"}],"replies":[{"embeddable":true,"href":"https:\/\/blogs.larioja.com\/metalpesado\/wp-json\/wp\/v2\/comments?post=34"}],"version-history":[{"count":1,"href":"https:\/\/blogs.larioja.com\/metalpesado\/wp-json\/wp\/v2\/posts\/34\/revisions"}],"predecessor-version":[{"id":3810,"href":"https:\/\/blogs.larioja.com\/metalpesado\/wp-json\/wp\/v2\/posts\/34\/revisions\/3810"}],"wp:attachment":[{"href":"https:\/\/blogs.larioja.com\/metalpesado\/wp-json\/wp\/v2\/media?parent=34"}],"wp:term":[{"taxonomy":"category","embeddable":true,"href":"https:\/\/blogs.larioja.com\/metalpesado\/wp-json\/wp\/v2\/categories?post=34"},{"taxonomy":"post_tag","embeddable":true,"href":"https:\/\/blogs.larioja.com\/metalpesado\/wp-json\/wp\/v2\/tags?post=34"}],"curies":[{"name":"wp","href":"https:\/\/api.w.org\/{rel}","templated":true}]}}