{"id":340,"date":"2009-06-19T09:15:00","date_gmt":"2009-06-19T09:15:00","guid":{"rendered":"http:\/\/blogs.larioja.com\/metalpesado\/?p=340"},"modified":"2025-09-10T17:35:59","modified_gmt":"2025-09-10T15:35:59","slug":"el-arte-amar","status":"publish","type":"post","link":"https:\/\/blogs.larioja.com\/metalpesado\/el-arte-amar\/","title":{"rendered":"EL ARTE DE AMAR"},"content":{"rendered":"<p><meta http-equiv=\"Content-Type\" content=\"text\/html; charset=utf-8\"\/><meta name=\"ProgId\" content=\"Word.Document\"\/><meta name=\"Generator\" content=\"Microsoft Word 11\"\/><meta name=\"Originator\" content=\"Microsoft Word 11\"\/><link rel=\"File-List\" href=\"file:\/\/\/C:%5CDOCUME%7E1%5CHEAVYM%7E1%5CCONFIG%7E1%5CTemp%5Cmsohtml1%5C01%5Cclip_filelist.xml\"\/><o:smarttagtype namespaceuri=\"urn:schemas-microsoft-com:office:smarttags\" name=\"PersonName\"><\/o:smarttagtype>  <\/p>\n<p class=\"MsoNormal\" style=\"text-align: justify;\"><img loading=\"lazy\" class=\"imgcen\" src=\"\/\/c4.ac-images.myspacecdn.com\/images01\/25\/l_83096dc8aa4bab857392c98068a244a3.jpg\" id=\"img_0\" width=\"551\" height=\"508\"\/><\/p>\n<p class=\"MsoNormal\" style=\"text-align: justify;\"><span lang=\"ES-TRAD\"><br \/>\n<\/span><\/p>\n<p class=\"MsoNormal\" style=\"text-align: justify;\"><span lang=\"ES-TRAD\">Durante aquel a\u00f1o que estuve haciendo radio tuve la ocasi\u00f3n de entrevistar a Dani Aller, alma mater de los incre\u00edbles <\/span><a href=\"http:\/\/www.arsamandi.es\/\" title=\"http:\/\/www.arsamandi.es\/\" id=\"link_0\">ARS AMANDI<\/a> <span lang=\"ES-TRAD\">. Me pareci\u00f3 un tipo muy agradable y simp\u00e1tico. Se hallaban presentando su tercer trabajo, \u201cCamino al destino\u201d, que tantas alegr\u00edas y reconocimiento les report\u00f3. No s\u00e9 muy bien por qu\u00e9, pero hoy me he acordado de ellos justo cuando parto rumbo a Bilbao, <span style=\"\"> <\/span>esperando reunirme con miles de <span style=\"\"> <\/span>hermanos para disfrutar de un magn\u00edfico festival de Heavy Metal, el Kobetasonic. La crisis manda, as\u00ed que este a\u00f1o hay que apretarse el cintur\u00f3n y elegir bien los eventos a los que uno debe peregrinar antes de que acabe el verano. <\/span><\/p>\n<p class=\"MsoNormal\" style=\"text-align: justify;\"><span lang=\"ES-TRAD\">Lo dicho, ARS AMANDI son un grupazo que no debe caer en el olvido, as\u00ed que hoy visitan este humilde blog buscando refrescar la memoria a todos aquellos que en alguna ocasi\u00f3n supieron de su existencia. Siempre me transmitieron muy buen rollo. Os dejo su biograf\u00eda, una amena lectura sin duda.<\/span><\/p>\n<p class=\"MsoNormal\" style=\"text-align: justify;\"><span lang=\"ES-TRAD\"><o:p> <\/o:p><\/span><\/p>\n<p class=\"MsoNormal\" style=\"text-align: justify;\"><img class=\"imgizqda\" src=\"\/\/enmiazotea.files.wordpress.com\/2007\/04\/13_ars_amandi_2.jpg\" id=\"img_1\"\/><span lang=\"ES-TRAD\">\u201cLa g\u00e9nesis de tan particular banda, tanto por nombre como por propuesta musical, surge con la arriesgada idea de fusionar el rock con instrumentos tradicionales del folclore castellano. La dulzaina o el pito, pese a formar parte del rancio abolengo de la historia de la m\u00fasica popular, son tan desconocidos como ex\u00f3ticos para un amplio sector, por lo que supon\u00eda un atractivo riesgo hacerlos formar parte de un disco de rock. <\/p>\n<p> En octubre de 1996, bajo estas premisas, Dani Aller funda Ars Amandi y, tras sufrir los t\u00edpicos avatares de ajustes en su alineaci\u00f3n, comienzan sus escarceos por los escenarios, as\u00ed como la grabaci\u00f3n de su maqueta presentaci\u00f3n. Con la formaci\u00f3n plenamente definida: a Dani Aller (voz, dulzaina, pito castellano), le arropan Paco Moreno (guitarras), Alberto Del R\u00edo (bajo) y Roberto \u201cPelusa\u201d (bater\u00eda), Ars Amandi graban, entre abril y mayo de 2001, una demo que conten\u00eda \u201cTu ley\u201d, \u201cLa suerte est\u00e1 echada\u201d, \u201cCamino sin fin\u201d, \u201cDesierto\u201d y \u201cVen hacia m\u00ed\u201d, que les conduce a firmar su contrato discogr\u00e1fico con PIES Compa\u00f1\u00eda Discogr\u00e1fica.<\/span><\/p>\n<p class=\"MsoNormal\" style=\"text-align: justify;\"><span lang=\"ES-TRAD\">As\u00ed, el debut de esta interesante formaci\u00f3n fue considerado por la cr\u00edtica especializada como los creadores de una nueva etiqueta dentro de la m\u00fasica: \u201cROCK CASTELLANO\u201d. Un estilo que se caracteriza por fusionar el rock m\u00e1s duro con elementos del folclore castellano como la dulzaina o el pito, dando lugar a un resultado producto de la mezcla de Gwendal o <st1:personname productid=\"La Banda\" w:st=\"on\">La Banda<\/st1:personname> con Iron Maiden. Este peculiar punto de vista musical queda reflejado en temas como \u201cTu ley\u201d, donde queda patente la idiosincrasia de Ars Amandi, destacando, as\u00ed mismo, la versi\u00f3n del cl\u00e1sico de Triana, \u201cAbre la puerta ni\u00f1a\u201d.<\/span><\/p>\n<p class=\"MsoNormal\" style=\"text-align: justify;\"><span lang=\"ES-TRAD\">Esta \u00f3pera prima fue registrada en los Estudios El Cielo de Madrid entre los meses de diciembre de 2002 y enero de 2003, bajo la supervisi\u00f3n del productor V.M. Arias (Bar\u00f3n Rojo, Niagara, Muro, Stafas, S\u00ednkope, Iguana Tango&#8230;). \u201cAut\u00f3ctono\u201d se edit\u00f3 el 10 de marzo de 2003.<\/span><\/p>\n<p class=\"MsoNormal\" style=\"text-align: justify;\"><span lang=\"ES-TRAD\">La puesta de largo con \u201cAut\u00f3ctono\u201d, les otorg\u00f3 el rol de banda revelaci\u00f3n de 2003, gracias a la acogida por parte de la prensa y del p\u00fablico. La gira realizada con M\u00e4go de Oz, con la culminaci\u00f3n del \u201csold out\u201d en Vistalegre, supuso un punto de inflexi\u00f3n en la trayectoria de la banda madrile\u00f1a.<\/span><\/p>\n<p class=\"MsoNormal\" style=\"text-align: justify;\"><span lang=\"ES-TRAD\"><\/span><img loading=\"lazy\" class=\"imgdcha\" src=\"\/\/www.losmejoresrock.com\/KalakoArsAmandi.jpg\" id=\"img_2\" width=\"361\" height=\"272\"\/><span lang=\"ES-TRAD\">\u201cEn Tierra Firme\u201d se comenz\u00f3 a gestar el d\u00eda 6 de febrero en los Estudios El Cielo de Madrid, repitiendo la exitosa f\u00f3rmula de producci\u00f3n dirigida por V.M. Arias. Un \u00e1lbum, donde Ars Amandi, consiguen refrendar las expectativas creadas con su debut, logrando una evoluci\u00f3n a partir de la esencia de \u201cAut\u00f3ctono\u201d, temas cargados de grandes melod\u00edas y estribillos pegadizos, basados en su propuesta de dulzaina y pito castellano. En \u201c\u00c1bula\u201d, Dani logra sumergirnos en las profundidades de su \u201cpatria chica\u201d, mostrando sus dotes como letrista; \u201cImag\u00ednate\u201d tiene uno de esos estribillos que repetir\u00e1s hasta la saciedad tras escucharlo; \u201cD\u00e9jame\u201d, con un incre\u00edble riff de dulzaina o \u201cTierra Firme\u201d, donde Walter Giardino (Rata Blanca) nos deleita con uno de sus pirot\u00e9cnicos solos.<\/span><\/p>\n<p class=\"MsoNormal\" style=\"text-align: justify;\"><span lang=\"ES-TRAD\">Otro dato rese\u00f1able es la participaci\u00f3n de Txus (M\u00e4go de Oz), convertido en \u201cpadrino\u201d de la banda, quien nos obsequia con \u201cNo Queda Sino Batirnos\u201d, donde se rinde pleites\u00eda a P\u00e9rez Reverte y su Capit\u00e1n Alatriste, mostr\u00e1ndose como el m\u00e1s ilustre letrista del rock nacional, tema donde colaboran sus compa\u00f1eros de combo Mohamed, Fernando y Kiskilla. <\/p>\n<p> Adem\u00e1s de la participaci\u00f3n estelar de su productor V.M. Arias, quien vuelve a mostrar su pedigr\u00ed como m\u00fasico, firmando, junto a Dani, el single anticipo, \u201cEscuchando al Coraz\u00f3n\u201d, convertido en el himno de la banda y piedra angular de cada uno de sus directos. <\/p>\n<p> \u201cEn Tierra Firme\u201d vio la luz el 29 de marzo de 2004 y con \u00e9l, Ars Amandi, consiguen abrirse un hueco en la dif\u00edcil escena musical espa\u00f1ola. Antes de arrancar la pertinente gira, que les condujo a los m\u00e1s rec\u00f3nditos rincones de <st1:personname productid=\"la Piel\" w:st=\"on\">la Piel<\/st1:personname> de Toro, el grupo sufre la p\u00e9rdida de \u201cEl Pelusa\u201d. siendo sustituido, de manera transitoria, por Jos\u00e9 Martos (Trit\u00f3n, Niagara, Bar\u00f3n Rojo), para ocupar las riendas definitivas de las baquetas, el actual bater\u00eda de la banda, Teto Viejo. Pero el continuo crecimiento musical y su inquietud de mejora, les lleva a incluir un segundo guitarrista, fichando para el puesto a I\u00f1igo Zubizarreta, avalado por Jorge Sal\u00e1n, con quien coincide en el prestigioso College of Music de Berklee (Boston, USA).<\/span><\/p>\n<p class=\"MsoNormal\" style=\"text-align: justify;\"><span lang=\"ES-TRAD\">La presentaci\u00f3n en <st1:personname productid=\"la Sala Aqualung\" w:st=\"on\">la  Sala Aqualung<\/st1:personname> de Madrid sirvi\u00f3 como emotivo homenaje y despedida de Alberto del R\u00edo, cediendo las cuatro cuerdas a Peri (Canallas, Poncho K), con este line-up y convertidos en quinteto, por primera vez desde su creaci\u00f3n, los Amandis completaron un gran 2004, consolid\u00e1ndoles en la primera divisi\u00f3n del Rock Nacional. <\/p>\n<p> Una vez concluido su exitoso tour, poniendo broche de oro en \u00c1vila, Peri, ingresa en las filas de M\u00e4go de Oz, ocupando su lugar Fernando Mainer (Tako, Ankhara, Jorge Sal\u00e1n), cerr\u00e1ndose as\u00ed el c\u00edrculo con una formaci\u00f3n muy solvente, que les lleva a preparar el repertorio de su tercer trabajo. Tras un periodo m\u00ednimo de aclimataci\u00f3n, y con la clarividencia propia del grupo, las ideas surgen a borbotones, demostrando su creatividad, y dispuestos a superar el list\u00f3n alcanzado por su anterior trabajo. <\/p>\n<p> Durante el tiempo comprendido entre enero y abril de 2005, ingresan en El Cielo de Madrid, su h\u00e1bitat natural, donde se engendraron sus dos anteriores discos, contando, una vez m\u00e1s, con el gur\u00fa Arias a los mandos. \u201cCamino Al Destino\u201d se masteriza en los Estudios Mastertips y se culmina con una preciosa presentaci\u00f3n en digipack, que le convierte en el disco m\u00e1s maduro de la banda.<\/span><\/p>\n<p class=\"MsoNormal\" style=\"text-align: justify;\"><span lang=\"ES-TRAD\">Con la presi\u00f3n de un tercer trabajo, pero con una amplia base de trabajo y tes\u00f3n, m\u00e1s el af\u00e1n de convencer a sus seguidores, se ven en la necesidad de enarbolar la bandera de su creado Rock Castellano y profundizar en el g\u00e9nero. Con una reputaci\u00f3n consolidada, gracias a sus dos \u00e1lbumes anteriores y su puesta en escena, Ars Amandi, presenta el proyecto m\u00e1s ambicioso hasta la fecha. \u201cCamino al Destino\u201d supone una evoluci\u00f3n hacia sonidos m\u00e1s duros, sin perder un \u00e1pice el estigma folk que impregna la dulzaina y el pito castellano en sus piezas, cargadas de melod\u00edas y reconocibles estribillos. Todo ello aderezado con una meticulosa producci\u00f3n que conducir\u00e1 a Ars Amandi al cenit de su carrera.<\/span><\/p>\n<p class=\"MsoNormal\" style=\"text-align: justify;\"><span lang=\"ES-TRAD\"><\/span><img loading=\"lazy\" class=\"imgizqda\" src=\"\/\/www.arsamandi.es\/Fotos%20Ars%20Amandi\/images\/ars_amandi_4.jpg\" id=\"img_3\" width=\"388\" height=\"227\"\/><span lang=\"ES-TRAD\">\u201cGritando al Mar\u201d es el single extra\u00eddo de \u201cCamino Al Destino\u201d, tercera obra de Ars Amandi, un tema compuesto y dedicado \u00edntegramente a las v\u00edctimas del Tsunami que arras\u00f3 parte de Asia el pasado 26 de diciembre. \u201cGritando al Mar\u201d es un tema espectacular, con un sorprendente arranque a \u201ccapella\u201d, una voz y coros pulcramente cuidados, cargado del componente habitual de pito castellano, cuya melod\u00eda le convertir\u00e1 en un himno imprescindible. Otro de los temas destacados es \u201cAcero y Sangre\u201d, dedicado a la ciudad de Zamora, supone un nuevo gui\u00f1o de la banda a su Comunidad adoptiva, esultando una nueva entrega, de las que en un futuro, compondr\u00e1n a cada iudad de Castilla Y Le\u00f3n.<\/span><\/p>\n<p class=\"MsoNormal\" style=\"text-align: justify;\"><span lang=\"ES-TRAD\">\u201cCamino al Destino\u201d en su primera semana a la venta consegui\u00f3 situarse en las listas de AFYVE. <\/p>\n<p> En Junio de 2006 Ars Amandi entran a grabar en los Estudios El Cielo de Madrid, su nuevo disco bajo la supervisi\u00f3n de su productor habitual Manolo Arias (Bar\u00f3n Rojo, Iguana Tango, Sinkope, Niagara&#8230;). El disco llevar\u00e1 por t\u00edtulo \u201cDesterrado Entre Sue\u00f1os\u201d, supone su cuarto lanzamiento y el m\u00e1s completo hasta la fecha, donde los veteranos Dani Aller (voz, pito, dulzaina), Paco Moreno (guitarra) y Teto Viejo (bater\u00eda), se renuevan con la aportaci\u00f3n de la joven savia del guitarrista Manuel Seoane y el bajista David A. Noisel. En \u00e9l se conjuga el habitual sonido del grupo, m\u00e1s la inclusi\u00f3n de innovadores elementos, como la gaita o la quena, ahondando en su faceta m\u00e1s folk, sin descuidar la fuerza de anteriores lanzamientos.<\/span><\/p>\n<p class=\"MsoNormal\" style=\"text-align: justify;\"><span lang=\"ES-TRAD\">En \u201cDesterrado Entre Sue\u00f1os\u201d, destaca el meticuloso tratamiento de la voz, donde Dani Aller demuestra su madurez y su mejor faceta de vocalista, as\u00ed como el amplio registro en las composiciones. Entre las que cabe mencionar \u201cDesterrado De Tu Cuerpo\u201d, un tema con claros tintes de Hard Rock, con una melod\u00eda salvaje y unos impolutos coros; la impresionante balada \u201cTe Esperar\u00e9\u201d; siguiendo la tradici\u00f3n de Ars Amandi, ahora le toca el turno a Segovia, dedic\u00e1ndola \u201c<st1:personname productid=\"La Tierra\" w:st=\"on\">La Tierra<\/st1:personname> del Recuerdo\u201d, una composici\u00f3n cuya introducci\u00f3n es una jota t\u00edpica de la provincia, aderezada por instrumentos tradicionales; la medieval \u201cEl Viajero\u201d o la revisi\u00f3n de \u201cEl Bar\u201d, compuesto por Lele Laina y Jos\u00e9 Luis Jim\u00e9nez (Topo). El resto de temas que compone el \u00e1lbum son: \u201cCreer Para So\u00f1ar\u201d, \u201c<st1:personname productid=\"La Voz Que\" w:st=\"on\">La Voz Que<\/st1:personname> Me Gu\u00eda\u201d, \u201cSolitario Coraz\u00f3n\u201d, \u201c\u00bfD\u00f3nde Est\u00e1s?\u201d, y \u201cRejas De Acero\u201d tema en el que Daniel Aller demuestra su faceta de multi-instrumentista dando un car\u00e1cter festivo a la composici\u00f3n utilizando una gaita.\u201d<\/span><\/p>\n<p><center><object style=\"border: 0pt none ; margin: 0pt; background: transparent none repeat scroll 0% 0%; -moz-background-clip: -moz-initial; -moz-background-origin: -moz-initial; -moz-background-inline-policy: -moz-initial;\" width=\"425\" height=\"344\"><param name=\"movie\" value=\"http:\/\/www.youtube.com\/v\/DXmztTmpFWA&#038;color1=0xb1b1b1&#038;color2=0xcfcfcf&#038;feature=player_embedded&#038;fs=1\"\/><param name=\"allowFullScreen\" value=\"true\"\/><param name=\"allowScriptAccess\" value=\"always\"\/><embed src=\"\/\/www.youtube.com\/v\/DXmztTmpFWA&#038;color1=0xb1b1b1&#038;color2=0xcfcfcf&#038;feature=player_embedded&#038;fs=1\" type=\"application\/x-shockwave-flash\" allowfullscreen=\"true\" allowscriptaccess=\"always\" width=\"425\" height=\"344\"\/><\/object><\/center><\/p>\n","protected":false},"excerpt":{"rendered":"<p>Durante aquel a\u00f1o que estuve haciendo radio tuve la ocasi\u00f3n de entrevistar a Dani Aller, alma mater de los incre\u00edbles ARS AMANDI . Me pareci\u00f3 un tipo muy agradable y simp\u00e1tico. Se hallaban presentando su tercer trabajo, \u201cCamino al destino\u201d, que tantas alegr\u00edas y reconocimiento les report\u00f3. No s\u00e9 muy bien por qu\u00e9, pero hoy [&hellip;]<\/p>\n","protected":false},"author":12,"featured_media":0,"comment_status":"open","ping_status":"closed","sticky":false,"template":"","format":"standard","meta":[],"categories":[4],"tags":[217,382,957,1036,1503,1828,1846,1970,2097],"_links":{"self":[{"href":"https:\/\/blogs.larioja.com\/metalpesado\/wp-json\/wp\/v2\/posts\/340"}],"collection":[{"href":"https:\/\/blogs.larioja.com\/metalpesado\/wp-json\/wp\/v2\/posts"}],"about":[{"href":"https:\/\/blogs.larioja.com\/metalpesado\/wp-json\/wp\/v2\/types\/post"}],"author":[{"embeddable":true,"href":"https:\/\/blogs.larioja.com\/metalpesado\/wp-json\/wp\/v2\/users\/12"}],"replies":[{"embeddable":true,"href":"https:\/\/blogs.larioja.com\/metalpesado\/wp-json\/wp\/v2\/comments?post=340"}],"version-history":[{"count":1,"href":"https:\/\/blogs.larioja.com\/metalpesado\/wp-json\/wp\/v2\/posts\/340\/revisions"}],"predecessor-version":[{"id":3513,"href":"https:\/\/blogs.larioja.com\/metalpesado\/wp-json\/wp\/v2\/posts\/340\/revisions\/3513"}],"wp:attachment":[{"href":"https:\/\/blogs.larioja.com\/metalpesado\/wp-json\/wp\/v2\/media?parent=340"}],"wp:term":[{"taxonomy":"category","embeddable":true,"href":"https:\/\/blogs.larioja.com\/metalpesado\/wp-json\/wp\/v2\/categories?post=340"},{"taxonomy":"post_tag","embeddable":true,"href":"https:\/\/blogs.larioja.com\/metalpesado\/wp-json\/wp\/v2\/tags?post=340"}],"curies":[{"name":"wp","href":"https:\/\/api.w.org\/{rel}","templated":true}]}}