{"id":374,"date":"2009-08-17T09:15:00","date_gmt":"2009-08-17T09:15:00","guid":{"rendered":"http:\/\/blogs.larioja.com\/metalpesado\/?p=374"},"modified":"2025-09-10T17:35:29","modified_gmt":"2025-09-10T15:35:29","slug":"nuestras-leyendas","status":"publish","type":"post","link":"https:\/\/blogs.larioja.com\/metalpesado\/nuestras-leyendas\/","title":{"rendered":"NUESTRAS LEYENDAS"},"content":{"rendered":"<p><meta http-equiv=\"Content-Type\" content=\"text\/html; charset=utf-8\"\/><meta name=\"ProgId\" content=\"Word.Document\"\/><meta name=\"Generator\" content=\"Microsoft Word 11\"\/><meta name=\"Originator\" content=\"Microsoft Word 11\"\/><link rel=\"File-List\" href=\"file:\/\/\/C:%5CDOCUME%7E1%5CHEAVYM%7E1%5CCONFIG%7E1%5CTemp%5Cmsohtml1%5C01%5Cclip_filelist.xml\"\/><o:smarttagtype namespaceuri=\"urn:schemas-microsoft-com:office:smarttags\" name=\"PersonName\"><\/o:smarttagtype>  <\/p>\n<p style=\"text-align: justify;\">Para mi es un gran honor ceder este humilde espacio, una vez m\u00e1s, a mi buen amigo Ernesto. Mel\u00f3mano empedernido y un enamorado de los sonidos riojanos, nos cuenta a continuaci\u00f3n lo que aconteci\u00f3 el pasado fin de semana en Alfaro. Un hito en la historia musical riojana que no pod\u00eda pasar desapercibido, por lo que pido perd\u00f3n a los afectados,  aunque espero entiendan que tal suceso no deb\u00eda caer en el olvido. Muchas gracias Ernesto, estamos en deuda contigo.<\/p>\n<p style=\"text-align: justify;\"><o:p> <\/o:p><\/p>\n<p class=\"ecmsonormal\" style=\"text-align: justify;\">\u201cNuestras leyendas.<\/p>\n<p class=\"ecmsonormal\" style=\"text-align: justify;\">\n<p class=\"ecmsonormal\" style=\"text-align: justify;\">T\u00edmidamente fueron desenchufando sus amplis, guardando los equipos, probando nuevas cosas. No tuvieron la fortuna de dar el salto nacional, pero seguimos guard\u00e1ndolos en el recuerdo. Y las nuevas generaciones siguen aprendi\u00e9ndose y coreando sus canciones con fidelidad. Son nuestras leyendas del rock riojano.<\/p>\n<p class=\"ecmsonormal\" style=\"text-align: justify;\">\n<p class=\"ecmsonormal\" style=\"text-align: justify;\"><img class=\"imgcen\" src=\"\/\/img29.imageshack.us\/img29\/8757\/foto80404476x310x80.jpg\" id=\"img_0\"\/><\/p>\n<p class=\"ecmsonormal\" style=\"text-align: justify;\"><o:p> <\/o:p><\/p>\n<p class=\"ecmsonormal\" style=\"text-align: justify;\">Fran Gonzalo \u2013pater de este blog- recoge en su espl\u00e9ndido libro \u2018Y estall\u00f3 el rock\u2019 la historia del heavy metal en <st1:personname productid=\"La Rioja. De\" w:st=\"on\">La Rioja. De<\/st1:personname> las ochenta bandas que compil\u00f3 su historia, hay tres nombres en <st1:personname productid=\"La Rioja Baja\" w:st=\"on\">La Rioja Baja<\/st1:personname> que marcaron los 80 y hasta mediados los 90: los catones <em>Excalibur-69<\/em> ( en la foto superior ) y los alfare\u00f1os<em> Hekate<\/em> y <em>Randall<\/em>. Los primeros dieron el salto discogr\u00e1fico; los segundos no tuvieron esa fortuna a pesar de que contaban con la calidad suficiente, temazos de la calle y nos dejaron conciertos imborrables (para algunos de nosotros, los primeros conciertos).<\/p>\n<p class=\"ecmsonormal\" style=\"text-align: justify;\"><o:p> <\/o:p><\/p>\n<p class=\"ecmsonormal\" style=\"text-align: justify;\">Eso s\u00ed, la hinchada riojana no ha permitido que caigan en el olvido. As\u00ed lo demostr\u00f3 Autol el a\u00f1o pasado en el multitudinario homenaje a Excalibur-69 del que dio rendida cuenta este blog. Y los recuerdan siempre que se brinda la ocasi\u00f3n: por ejemplo, los capitalinos Innervoice ( en la foto inferior ) les honraron el pasado 18 de julio con la versi\u00f3n de \u2018So\u00f1ar\u00e9is\u2019, que llev\u00f3 a decenas de catones a dejarse la garganta ante este himno.<\/p>\n<p class=\"ecmsonormal\" style=\"text-align: justify;\">\n<p class=\"ecmsonormal\" style=\"text-align: justify;\"><img loading=\"lazy\" class=\"imgcen\" src=\"\/\/img40.imageshack.us\/img40\/4245\/img5850e.jpg\" id=\"img_1\" width=\"517\" height=\"390\"\/><\/p>\n<p class=\"ecmsonormal\" style=\"text-align: justify;\"><o:p> <\/o:p><\/p>\n<p class=\"ecmsonormal\" style=\"text-align: justify;\">Excalibur compartieron escenario en muchas ocasiones con los alfare\u00f1os Hekate. Hekate fueron Rub\u00e9n Bermejo a las voces y guitarra, Alberto P\u00e9rez \u2018Bala\u2019 a la guitarra, Arturo Bermejo al bajo y Carlos Catal\u00e1n a la bater\u00eda. Lo suyo era el heavy rock con tintes urbanos, reflejando la realidad que viv\u00edan en esos primeros 80\u2019s con una cuidada calidad musical sin perder el tono \u2018macarra\u2019, tan aut\u00e9ntico de la \u00e9poca.<\/p>\n<p class=\"ecmsonormal\" style=\"text-align: justify;\"><o:p> <\/o:p><\/p>\n<p class=\"ecmsonormal\" style=\"text-align: justify;\">Tras decenas de conciertos all\u00e1 donde les dejaban, grababan en marzo de 1991 en los estudios Arion de Pamplona una maqueta hom\u00f3nima con seis temas inolvidables: el emocionante himno \u2018Marchaste\u2019, \u2018No da m\u00e1s de s\u00ed\u2019, \u2018Catedr\u00e1ticos del rock\u2019 \u2013un homenaje a todas las bandas de los 80-, \u2018Dardos envenenados\u2019, \u2018Ju\u00e9gatela\u2019 y \u2018El teatro de vivir\u2019. <\/p>\n<p class=\"ecmsonormal\" style=\"text-align: justify;\">\n<p class=\"ecmsonormal\" style=\"text-align: justify;\"><img loading=\"lazy\" class=\"imgcen\" src=\"\/\/img132.imageshack.us\/img132\/1601\/img6749i.jpg\" id=\"img_3\" width=\"521\" height=\"393\"\/><\/p>\n<p class=\"ecmsonormal\" style=\"text-align: justify;\"><o:p> <\/o:p><\/p>\n<p class=\"ecmsonormal\" style=\"text-align: justify;\">La maqueta, acompa\u00f1ada de camisetas emulando la portada del \u2018Live in the UK\u2019, fue un impacto y todos nos hicimos con ella. As\u00ed como las grabaciones que circulaban de sus conciertos con otros temazos como \u2018Joven rebelde\u2019, \u2018En la ciudad\u2019, \u2018Caradura\u2019 o \u2018Perros o inteligentes\u2019. Los conciertos continuaron, pero las oportunidades escasearon. Su apertura para Asfalto y un concierto con Randall y Funesta Irakundia en los portales de la plaza de Espa\u00f1a de Alfaro eran su despedida a finales de 1994.<\/p>\n<p class=\"ecmsonormal\" style=\"text-align: justify;\"><o:p> <\/o:p><\/p>\n<p class=\"ecmsonormal\" style=\"text-align: justify;\">En ese 1991 en el que grababan Hekate surg\u00edan Randall, con grandes influencias del rock urbano del momento, pero con m\u00e1s desarrollos guitarreros del jovenc\u00edsimo Dani Hern\u00e1ndez. Como quinteto se presentaron en varios conciertos, como el 13 de septiembre de 1991 en el Trinquete de Alfaro junto a Hekate y los calagurritanos <st1:personname productid=\"La Cruz\" w:st=\"on\">La Cruz<\/st1:personname> o en <st1:personname productid=\"la Discoteca Crep\u00fasculo\" w:st=\"on\">la Discoteca Crep\u00fasculo<\/st1:personname> el 23 de noviembre abriendo para Hekate y S\u00e1tira. Eran los a\u00f1os del Colectivo CamaRock, empe\u00f1ado en dinamizar la movida musical alfare\u00f1a.<\/p>\n<p class=\"ecmsonormal\" style=\"text-align: justify;\">\n<p class=\"ecmsonormal\" style=\"text-align: justify;\"><img loading=\"lazy\" class=\"imgcen\" src=\"\/\/img194.imageshack.us\/img194\/6272\/img6751ffi.jpg\" id=\"img_4\" width=\"523\" height=\"393\"\/><\/p>\n<p class=\"ecmsonormal\" style=\"text-align: justify;\"><o:p> <\/o:p><\/p>\n<p class=\"ecmsonormal\" style=\"text-align: justify;\">Pronto se estabilizaron como cuarteto: Jes\u00fas Gonzalo a la guitarra y voz, Dani Hern\u00e1ndez a la guitarra, Carlos Revilla al bajo y voz y Antonio L\u00f3pez a la bater\u00eda-. Su popularidad creci\u00f3 como la espuma, como demostr\u00f3 el concierto del 19 de agosto de 1992 abriendo para Su Ta Gar en la plaza Cervantes de Alfaro. Unos meses despu\u00e9s, en octubre de 1992, entraban a grabar en los estudios Kiko\u2019s de Zaragoza su maqueta hom\u00f3nima: \u2018Que no te enteras\u2019, \u2018Cuentos de rock\u2019, \u2018Por un trozo de pan\u2019, \u2018Entre mi espada y la pared\u2019, \u2018Falsos rumores\u2019 y \u2018Ley de leyes\u2019. <\/p>\n<p class=\"ecmsonormal\" style=\"text-align: justify;\">\n<p class=\"ecmsonormal\" style=\"text-align: justify;\"><img loading=\"lazy\" class=\"imgcen\" src=\"\/\/img232.imageshack.us\/img232\/7817\/img6534.jpg\" id=\"img_5\" width=\"520\" height=\"393\"\/><\/p>\n<p class=\"ecmsonormal\" style=\"text-align: justify;\"><o:p> <\/o:p><\/p>\n<p class=\"ecmsonormal\" style=\"text-align: justify;\">El 6 de marzo de 1993 presentaron la maqueta en una abarrotada Crep\u00fasculo, en un concierto sudoroso. Las mil copias se vendieron r\u00e1pidamente por toda la ribera y lleg\u00f3 a tener una espl\u00e9ndida cr\u00edtica en la revista especializada Heavy-Rock. Del mismo modo, circulaban las grabaciones de sus conciertos con otros temazos como \u2018Resignado al tiempo\u2019, \u2018Sentimientos sin valor\u2019, \u2018Arte y arena\u2019, \u2018Viejo caballero\u2019\u2026<\/p>\n<p class=\"ecmsonormal\" style=\"text-align: justify;\">\n<p class=\"ecmsonormal\" style=\"text-align: justify;\"><img loading=\"lazy\" class=\"imgcen\" src=\"\/\/img14.imageshack.us\/img14\/9283\/img6535k.jpg\" id=\"img_6\" width=\"518\" height=\"390\"\/><\/p>\n<p class=\"ecmsonormal\" style=\"text-align: justify;\"><o:p> <\/o:p><\/p>\n<p class=\"ecmsonormal\" style=\"text-align: justify;\">Se patearon cientos de kil\u00f3metros, haciendo decenas de conciertos. Pero lleg\u00f3 la mili \u2013fue emotivo el concierto despedida de Jes\u00fas en el Aster-, los quehaceres y escasearon las oportunidades. El 21 de octubre de 1995 abr\u00edan junto a los catones Edelweyss a LEIZE en <st1:personname productid=\"la Crep\u00fasculo\" w:st=\"on\">la Crep\u00fasculo<\/st1:personname>, en uno de sus \u00faltimos conciertos.<\/p>\n<p class=\"ecmsonormal\" style=\"text-align: justify;\">\n<p class=\"ecmsonormal\" style=\"text-align: justify;\"><img loading=\"lazy\" class=\"imgcen\" src=\"\/\/img220.imageshack.us\/img220\/3676\/img6542.jpg\" id=\"img_7\" width=\"528\" height=\"399\"\/><\/p>\n<p class=\"ecmsonormal\" style=\"text-align: justify;\">\n<p class=\"ecmsonormal\" style=\"text-align: justify;\">Han pasado muchos a\u00f1os, pero nadie los ha olvidado. Hoy, me sigue estremeciendo entrar al pub Dolby, garito obligado en Alfaro, que Jaime pinche a Hekate o Randall y todos los presentes dejen sus conversaciones para corear con devoci\u00f3n sus canciones.<\/p>\n<p class=\"ecmsonormal\" style=\"text-align: justify;\">\n<p class=\"ecmsonormal\" style=\"text-align: justify;\"><img loading=\"lazy\" class=\"imgcen\" src=\"\/\/img16.imageshack.us\/img16\/5549\/img6546r.jpg\" id=\"img_8\" width=\"522\" height=\"393\"\/><\/p>\n<p class=\"ecmsonormal\" style=\"text-align: justify;\"><o:p> <\/o:p><\/p>\n<p class=\"ecmsonormal\" style=\"text-align: justify;\">Y emocionante fue el pasado s\u00e1bado. En la fiesta-despedida de dos buenos amigos que se casan, un pu\u00f1ado de privilegiados vivimos el lujo de un momento hist\u00f3rico: tres lustros despu\u00e9s, Randall y Hekate volvieron a sonar en directo. Randall con Carlos y Dani y el apoyo de Txiki a la bater\u00eda y Manolo al bajo \u2013de People- se hicieron \u2018Cuentos de rock\u2019 y \u2018Entre la espada y la pared\u2019 entre el asombro y la felicidad de los afortunados que all\u00ed est\u00e1bamos. Despu\u00e9s, con la base de Txiki y Manolo, Rub\u00e9n y Alberto se enfundaban las guitarras y reviv\u00edan Hekate con \u2018Catedr\u00e1ticos del rock\u2019, \u2018En la ciudad\u2019, \u2018Marchaste\u2019, \u2018Ju\u00e9gatela\u2019, \u2018No da m\u00e1s de s\u00ed\u2019 y \u2018Teatro de vivir\u2019. Momentos hist\u00f3ricos y emocionantes.<\/p>\n<p class=\"ecmsonormal\" style=\"text-align: justify;\"><o:p> <\/o:p><\/p>\n<p>  <span style=\"font-size: 12pt; font-family: \"Times New Roman\";\" lang=\"ES-TRAD\">Aqu\u00ed os compartimos un par de v\u00eddeos de una noche m\u00e1gica, que muchos deseamos que sea el germen para un concierto-homenaje en toda regla de dos bandas de nuestra historia. Nuestro rock se lo merece.&#8221;<\/p>\n<p>Texto, fotos y videos por Ernesto P.<\/p>\n<p><\/span><\/p>\n<p><center><object style=\"border: 0pt none ; margin: 0pt; background: transparent none repeat scroll 0% 0%; -moz-background-clip: -moz-initial; -moz-background-origin: -moz-initial; -moz-background-inline-policy: -moz-initial;\" width=\"425\" height=\"344\"><param name=\"movie\" value=\"http:\/\/www.youtube.com\/v\/XgTU4S8lmds&#038;hl=es&#038;fs=1&#038;\"\/><param name=\"allowFullScreen\" value=\"true\"\/><param name=\"allowscriptaccess\" value=\"always\"\/><embed src=\"\/\/www.youtube.com\/v\/XgTU4S8lmds&#038;hl=es&#038;fs=1&#038;\" type=\"application\/x-shockwave-flash\" allowscriptaccess=\"always\" allowfullscreen=\"true\" width=\"425\" height=\"344\"\/><\/object><\/center><\/p>\n<p><center><object style=\"border: 0pt none ; margin: 0pt; background: transparent none repeat scroll 0% 0%; -moz-background-clip: -moz-initial; -moz-background-origin: -moz-initial; -moz-background-inline-policy: -moz-initial;\" width=\"425\" height=\"344\"><param name=\"movie\" value=\"http:\/\/www.youtube.com\/v\/JT2i78u-kqA&#038;hl=es&#038;fs=1&#038;\"\/><param name=\"allowFullScreen\" value=\"true\"\/><param name=\"allowscriptaccess\" value=\"always\"\/><embed src=\"\/\/www.youtube.com\/v\/JT2i78u-kqA&#038;hl=es&#038;fs=1&#038;\" type=\"application\/x-shockwave-flash\" allowscriptaccess=\"always\" allowfullscreen=\"true\" width=\"425\" height=\"344\"\/><\/object><\/center><\/p>\n","protected":false},"excerpt":{"rendered":"<p>Para mi es un gran honor ceder este humilde espacio, una vez m\u00e1s, a mi buen amigo Ernesto. Mel\u00f3mano empedernido y un enamorado de los sonidos riojanos, nos cuenta a continuaci\u00f3n lo que aconteci\u00f3 el pasado fin de semana en Alfaro. Un hito en la historia musical riojana que no pod\u00eda pasar desapercibido, por lo [&hellip;]<\/p>\n","protected":false},"author":12,"featured_media":0,"comment_status":"open","ping_status":"closed","sticky":false,"template":"","format":"standard","meta":[],"categories":[3],"tags":[65,473,671,744,968,1221,1643,1753,1907],"_links":{"self":[{"href":"https:\/\/blogs.larioja.com\/metalpesado\/wp-json\/wp\/v2\/posts\/374"}],"collection":[{"href":"https:\/\/blogs.larioja.com\/metalpesado\/wp-json\/wp\/v2\/posts"}],"about":[{"href":"https:\/\/blogs.larioja.com\/metalpesado\/wp-json\/wp\/v2\/types\/post"}],"author":[{"embeddable":true,"href":"https:\/\/blogs.larioja.com\/metalpesado\/wp-json\/wp\/v2\/users\/12"}],"replies":[{"embeddable":true,"href":"https:\/\/blogs.larioja.com\/metalpesado\/wp-json\/wp\/v2\/comments?post=374"}],"version-history":[{"count":1,"href":"https:\/\/blogs.larioja.com\/metalpesado\/wp-json\/wp\/v2\/posts\/374\/revisions"}],"predecessor-version":[{"id":3477,"href":"https:\/\/blogs.larioja.com\/metalpesado\/wp-json\/wp\/v2\/posts\/374\/revisions\/3477"}],"wp:attachment":[{"href":"https:\/\/blogs.larioja.com\/metalpesado\/wp-json\/wp\/v2\/media?parent=374"}],"wp:term":[{"taxonomy":"category","embeddable":true,"href":"https:\/\/blogs.larioja.com\/metalpesado\/wp-json\/wp\/v2\/categories?post=374"},{"taxonomy":"post_tag","embeddable":true,"href":"https:\/\/blogs.larioja.com\/metalpesado\/wp-json\/wp\/v2\/tags?post=374"}],"curies":[{"name":"wp","href":"https:\/\/api.w.org\/{rel}","templated":true}]}}