{"id":377,"date":"2009-08-20T09:15:00","date_gmt":"2009-08-20T09:15:00","guid":{"rendered":"http:\/\/blogs.larioja.com\/metalpesado\/?p=377"},"modified":"2025-09-10T17:35:28","modified_gmt":"2025-09-10T15:35:28","slug":"puno-plata","status":"publish","type":"post","link":"https:\/\/blogs.larioja.com\/metalpesado\/puno-plata\/","title":{"rendered":"PU\u00d1O DE PLATA"},"content":{"rendered":"<p><meta http-equiv=\"Content-Type\" content=\"text\/html; charset=utf-8\"\/><meta name=\"ProgId\" content=\"Word.Document\"\/><meta name=\"Generator\" content=\"Microsoft Word 11\"\/><meta name=\"Originator\" content=\"Microsoft Word 11\"\/><link rel=\"File-List\" href=\"file:\/\/\/C:%5CDOCUME%7E1%5Cfgonzalo%5CCONFIG%7E1%5CTemp%5Cmsohtml1%5C01%5Cclip_filelist.xml\"\/>\n<p class=\"MsoNormal\" style=\"text-align: justify;\"><img loading=\"lazy\" class=\"imgizqda\" src=\"\/\/c2.ac-images.myspacecdn.com\/images01\/67\/l_67474e1764211790f45843ad35a25855.jpg\" id=\"img_0\" width=\"241\" height=\"170\"https:\/\/static-blogs.larioja.com\/>Rescato del olvido una entrevista a la que guardo mucho cari\u00f1o. Era la primera vez que me las ve\u00eda cara a cara con el gran Silver ( Silverio Sol\u00f3rzano ), frontman de los indiscutibles<span style=\"\">  <\/span>MURO. Silver, contestaba amablemente este cuestionario a ra\u00edz de la salida del primer \u00e1lbum de su nueva banda, SILVER FIST y su magn\u00edfico \u201cAve F\u00e9nix\u201d, editado en el 2004. La entrevista fue publicada en la web Rafabasa.com. Espero que os guste.<\/p>\n<p class=\"MsoNormal\" style=\"text-align: justify;\"><o:p> <\/o:p><\/p>\n<p class=\"MsoNormal\" style=\"text-align: justify;\">_Como ha influido la terrible tragedia del 11-M en Silver Fist ? .El disco est\u00e1 dedicado a la victimas , no?<\/p>\n<p class=\"MsoNormal\" style=\"text-align: justify;\"><o:p> <\/o:p><\/p>\n<p class=\"MsoNormal\" style=\"text-align: justify;\">Si, realmente en el disco nos influy\u00f3 mucho porque cuando ocurri\u00f3 est\u00e1bamos ya mezcl\u00e1ndolo pero a nosotros nos dej\u00f3 bastante jodidos, porque pill\u00f3 a gente conocida y una tragedia as\u00ed no puede dejar a nadie indiferente.<\/p>\n<p class=\"MsoNormal\" style=\"text-align: justify;\"><o:p> <\/o:p><\/p>\n<p class=\"MsoNormal\" style=\"text-align: justify;\">_Cu\u00e9ntanos el por que del cambio del guitarra Miguel tras la edici\u00f3n del disco.<\/p>\n<p class=\"MsoNormal\" style=\"text-align: justify;\"><o:p> <\/o:p><\/p>\n<p class=\"MsoNormal\" style=\"text-align: justify;\">En esta banda se exige ser buen m\u00fasico, amante del METAL, y buena persona. Cuando alguien falla en las tres y sobre todo en la \u00faltima lo mejor es prescindir de sus servicios.<\/p>\n<p class=\"MsoNormal\" style=\"text-align: justify;\"><o:p> <\/o:p><\/p>\n<p class=\"MsoNormal\" style=\"text-align: justify;\">_En el tema \u201cAve f\u00e9nix\u201d nos dices que \u201cel show debe continuar\u201d. Me pregunto como es de profunda la huella que ha dejado Muro en vuestro primer disco.<\/p>\n<p class=\"MsoNormal\" style=\"text-align: justify;\"><o:p> <\/o:p><\/p>\n<p class=\"MsoNormal\" style=\"text-align: justify;\">En el disco tal vez hay alguna reminiscencia de MURO, pero la huella sobre todo la ha dejado en nuestras vidas. Fue lo m\u00e1s importante que he hecho en mi vida y le dar\u00e9 las gracias eternamente<\/p>\n<p class=\"MsoNormal\" style=\"text-align: justify;\"><o:p> <\/o:p><\/p>\n<p class=\"MsoNormal\" style=\"text-align: justify;\">_Que tal est\u00e1 respondiendo la gente ante este disco y sobre todo en los directos?<\/p>\n<p class=\"MsoNormal\" style=\"text-align: justify;\"><o:p> <\/o:p><\/p>\n<p class=\"MsoNormal\" style=\"text-align: justify;\"><img loading=\"lazy\" class=\"imgcen\" src=\"\/\/c1.ac-images.myspacecdn.com\/images02\/51\/l_dc6864e312ee47dd983ea034cfe19b64.jpg\" id=\"img_1\" width=\"497\" height=\"379\"\/><\/p>\n<p class=\"MsoNormal\" style=\"text-align: justify;\">\n<p class=\"MsoNormal\" style=\"text-align: justify;\">En general est\u00e1 gustando, las cr\u00edticas son bastantes buenas y en directo la respuesta es inmejorable. L\u00e1stima que no estemos tocando todo lo que desear\u00edamos.<\/p>\n<p class=\"MsoNormal\" style=\"text-align: justify;\"><o:p> <\/o:p><\/p>\n<p class=\"MsoNormal\" style=\"text-align: justify;\">_Durante la grabaci\u00f3n del disco , que es lo que sent\u00edas realmente? Que se te pasaba por la cabeza en esos momentos?<\/p>\n<p class=\"MsoNormal\" style=\"text-align: justify;\"><o:p> <\/o:p><\/p>\n<p class=\"MsoNormal\" style=\"text-align: justify;\">Que la ilusi\u00f3n se renovaba y que estaba grabando el mejor disco de mi carrera. Era como cumplir un sue\u00f1o y fue algo muy intenso.<\/p>\n<p class=\"MsoNormal\" style=\"text-align: justify;\"><o:p> <\/o:p><\/p>\n<p class=\"MsoNormal\" style=\"text-align: justify;\">_Est\u00e1is conformes en cuanto a la producci\u00f3n del \u00e1lbum? Personalmente creo que suena muy crudo y directo , no?<\/p>\n<p class=\"MsoNormal\" style=\"text-align: justify;\"><o:p> <\/o:p><\/p>\n<p class=\"MsoNormal\" style=\"text-align: justify;\">Esa era la idea. Estamos contentos y hemos aprendido mucho autoproduci\u00e9ndonos el disco. Para el pr\u00f3ximo no nos importar\u00eda repetir.<\/p>\n<p class=\"MsoNormal\" style=\"text-align: justify;\"><o:p> <\/o:p><\/p>\n<p class=\"MsoNormal\" style=\"text-align: justify;\">_S\u00e9 que es dif\u00edcil, pero dime con que canci\u00f3n del disco te sientes mas satisfecho y orgulloso del trabajo realizado, por lo que sea.<\/p>\n<p class=\"MsoNormal\" style=\"text-align: justify;\"><o:p> <\/o:p><\/p>\n<p class=\"MsoNormal\" style=\"text-align: justify;\">\u201cAunque no est\u00e9s aqu\u00ed\u201d por toda la carga emocional que lleva y porque est\u00e1 dedicado a alguien muy querido. Y tambi\u00e9n \u201cen llamas\u201d es de los que m\u00e1s est\u00e1 gustando y el p\u00fablico nos pide siempre.<\/p>\n<p class=\"MsoNormal\" style=\"text-align: justify;\"><o:p> <\/o:p><\/p>\n<p class=\"MsoNormal\" style=\"text-align: justify;\">_La impresi\u00f3n que se te queda al o\u00edr vuestro \u00e1lbum es de que contiene un mensaje positivo , no? Que siempre hay que tirar para adelante y luchar por aquello que amas, no?<\/p>\n<p class=\"MsoNormal\" style=\"text-align: justify;\"><o:p> <\/o:p><\/p>\n<p class=\"MsoNormal\" style=\"text-align: justify;\">Has dado en el clavo. Es un intento de ser positivo y luchar por lo que amas a pesar de todas las trabas, zancadillas y puteos de gente que solo trata contigo por su propio inter\u00e9s. Quiere decir que a pesar de los problemas, vale la pena si la gente te sigue y te apoya.<\/p>\n<p class=\"MsoNormal\" style=\"text-align: justify;\"><o:p> <\/o:p><\/p>\n<p class=\"MsoNormal\" style=\"text-align: justify;\">_El tema \u201cEn llamas\u201d est\u00e1 llamado a ser un himno y un cl\u00e1sico de la banda en los directos? C\u00f3mo surge la idea de componer esta canci\u00f3n?<\/p>\n<p class=\"MsoNormal\" style=\"text-align: justify;\"><o:p> <\/o:p><\/p>\n<p class=\"MsoNormal\" style=\"text-align: justify;\"><img loading=\"lazy\" class=\"imgizqda\" src=\"\/\/c4.ac-images.myspacecdn.com\/images02\/11\/l_af727be687bb43638f7add0fa784e257.jpg\" id=\"img_2\" width=\"208\" height=\"301\"\/>En un principio la idea musical surgi\u00f3 en los \u00faltimos d\u00edas de MURO, con una l\u00ednea de bajo compuesta por Julito. Luego la terminamos en Silver Fist y cre\u00ed que era el tema ideal para hacer una letra dedicada al METAL y a toda su gente.<\/p>\n<p class=\"MsoNormal\" style=\"text-align: justify;\"><o:p> <\/o:p><\/p>\n<p class=\"MsoNormal\" style=\"text-align: justify;\">_Personalmente, me ha encantado y es una de mis favoritas la canci\u00f3n \u201cPiel roja\u201d. Es un tema muy,muy heavy, no?<\/p>\n<p class=\"MsoNormal\" style=\"text-align: justify;\"><o:p> <\/o:p><\/p>\n<p class=\"MsoNormal\" style=\"text-align: justify;\">Si lo es. Yo siempre tuve una gran admiraci\u00f3n por los indios americanos que fueron masacrados y humillados aunque en las pel\u00edculas Yankees siempre eran los malos. Ten\u00edan unas creencias muy fuertes espiritualmente y eran un pueblo muy unido. Adem\u00e1s soy del Atleti\u2026<\/p>\n<p class=\"MsoNormal\" style=\"text-align: justify;\"><o:p> <\/o:p><\/p>\n<p class=\"MsoNormal\" style=\"text-align: justify;\">_La canci\u00f3n \u201cCuesti\u00f3n de honor\u201d a quien va dirigida? Para los que a\u00fan no hayan escuchado este tema, cu\u00e9ntanos<span style=\"\">  <\/span>de que va.<\/p>\n<p class=\"MsoNormal\" style=\"text-align: justify;\"><o:p> <\/o:p><\/p>\n<p class=\"MsoNormal\" style=\"text-align: justify;\">La escrib\u00ed cuando el expresidente de nuestro pa\u00eds decidi\u00f3 meternos en una guerra que ninguno quer\u00edamos. Es un canto antibelicista y si te das cuenta que casi una premonici\u00f3n de los del 11-M. Se ve\u00eda venir.<\/p>\n<p class=\"MsoNormal\" style=\"text-align: justify;\"><o:p> <\/o:p><\/p>\n<p class=\"MsoNormal\" style=\"text-align: justify;\">_\u201dAunque no est\u00e9s aqu\u00ed\u201d es una balada preciosa a mi entender.Silver Fist va a seguir haciendo este tipo de canciones en un futuro? Es algo que os sale espont\u00e1neo o por el contrario es premeditado?<\/p>\n<p class=\"MsoNormal\" style=\"text-align: justify;\"><o:p> <\/o:p><\/p>\n<p class=\"MsoNormal\" style=\"text-align: justify;\">Siempre nos ha gustado las baladas bien hechas . Esta sali\u00f3 espont\u00e1neamente en el local y la terminamos en una tarde. Ahora tenemos en la cabeza algunas ideas que tambi\u00e9n van por esa l\u00ednea. Seguiremos haci\u00e9ndolas siempre que nos surjan las ideas.<\/p>\n<p class=\"MsoNormal\" style=\"text-align: justify;\"><o:p> <\/o:p><\/p>\n<p class=\"MsoNormal\" style=\"text-align: justify;\">_El disco es doble, siendo la segunda parte una serie de versiones, seis en concreto, de bandas muy cl\u00e1sicas como Deep Purple , Black Sabbath , Saxon , &#8230; Cu\u00e9ntanos como surgi\u00f3 la idea de incluir este segundo cd en vuestra presentaci\u00f3n y cual es la que mas te ha llenado de orgullo al reproducirla con la banda.<\/p>\n<p class=\"MsoNormal\" style=\"text-align: justify;\"><o:p> <\/o:p><\/p>\n<p class=\"MsoNormal\" style=\"text-align: justify;\">Siempre me ha gustado hacer versiones. Me divierte tanto cantarlas como mis propias canciones. Se lo propuse a la compa\u00f1\u00eda y les pareci\u00f3 una buena idea.<\/p>\n<p class=\"MsoNormal\" style=\"text-align: justify;\">Todas me gustan mucho pero la versi\u00f3n de DEPP PURPLE llevaba queriendo hacerla desde siempre y me ha hecho una ilusi\u00f3n extra.<\/p>\n<p class=\"MsoNormal\" style=\"text-align: justify;\"><o:p> <\/o:p><\/p>\n<p class=\"MsoNormal\" style=\"text-align: justify;\">_Bueno Silver, a partir de ahora , que? Cu\u00e9ntanos que es lo que tienes en mente para Silver Fist hasta finales de este a\u00f1o, por ejemplo.<\/p>\n<p class=\"MsoNormal\" style=\"text-align: justify;\"><o:p> <\/o:p><\/p>\n<p class=\"MsoNormal\" style=\"text-align: justify;\"><img loading=\"lazy\" class=\"imgdcha\" src=\"\/\/c3.ac-images.myspacecdn.com\/images02\/15\/l_7a184f31a41842ac9ac8921d9a8b772a.jpg\" id=\"img_3\" width=\"200\" height=\"241\"\/>En un principio tocar en verano todo lo que se pueda. A partir de octubre presentar el disco en Madrid e intentar hace una gira. En la actualidad ya estamos componiendo temas para un segundo disco que espero que no tardemos mucho en grabar.<\/p>\n<p class=\"MsoNormal\" style=\"text-align: justify;\"><o:p> <\/o:p><\/p>\n<p class=\"MsoNormal\" style=\"text-align: justify;\">_Para casi todas las bandas el apoyo de su discogr\u00e1fica ( cuando lo hay ) es algo esencial a la hora de promoci\u00f3n, distribuci\u00f3n , etc&#8230; Dinos si estas contento con la relaci\u00f3n que ahora mismo manten\u00e9is con vuestro sello Avispa.<\/p>\n<p class=\"MsoNormal\" style=\"text-align: justify;\"><o:p> <\/o:p><\/p>\n<p class=\"MsoNormal\" style=\"text-align: justify;\">Si. Dentro de nuestro mundillo est\u00e1n haciendo todo lo que se puede hacer y adem\u00e1s el trato es exquisito.<\/p>\n<p class=\"MsoNormal\" style=\"text-align: justify;\"><o:p> <\/o:p><\/p>\n<p class=\"MsoNormal\" style=\"text-align: justify;\">_Dese\u00e1ndote lo mejor para ti y Silver Fist , ahora es el momento por si nos quieres contar algo mas, me imagino que tenemos Silver Fist para rato, no?<\/p>\n<p class=\"MsoNormal\" style=\"text-align: justify;\"><o:p> <\/o:p><\/p>\n<p class=\"MsoNormal\" style=\"text-align: justify;\">Eso lo decide el p\u00fablico. Mi idea es que dure por siempre. Solo decir que quien no haya o\u00eddo es disco que lo haga y decida si le gusta y que en directo somos todav\u00eda m\u00e1s contundentes, as\u00ed que esperamos veras prontas desde los escenarios.<\/p>\n<p class=\"MsoNormal\" style=\"text-align: justify;\"><o:p> <\/o:p><\/p>\n<p class=\"MsoNormal\" style=\"text-align: justify;\">_ Much\u00edsimas gracias Silver , de antemano , por tu sinceridad y por tu amor al Metal, todo un ejemplo a seguir.<\/p>\n<p class=\"MsoNormal\" style=\"text-align: justify;\"><o:p> <\/o:p><\/p>\n<p class=\"MsoNormal\" style=\"text-align: justify;\">Muchas gracias a vosotros y POR SIEMPRE METAL.<\/p>\n","protected":false},"excerpt":{"rendered":"<p>Rescato del olvido una entrevista a la que guardo mucho cari\u00f1o. Era la primera vez que me las ve\u00eda cara a cara con el gran Silver ( Silverio Sol\u00f3rzano ), frontman de los indiscutibles MURO. Silver, contestaba amablemente este cuestionario a ra\u00edz de la salida del primer \u00e1lbum de su nueva banda, SILVER FIST y [&hellip;]<\/p>\n","protected":false},"author":12,"featured_media":0,"comment_status":"open","ping_status":"closed","sticky":false,"template":"","format":"standard","meta":[],"categories":[4],"tags":[702,1446],"_links":{"self":[{"href":"https:\/\/blogs.larioja.com\/metalpesado\/wp-json\/wp\/v2\/posts\/377"}],"collection":[{"href":"https:\/\/blogs.larioja.com\/metalpesado\/wp-json\/wp\/v2\/posts"}],"about":[{"href":"https:\/\/blogs.larioja.com\/metalpesado\/wp-json\/wp\/v2\/types\/post"}],"author":[{"embeddable":true,"href":"https:\/\/blogs.larioja.com\/metalpesado\/wp-json\/wp\/v2\/users\/12"}],"replies":[{"embeddable":true,"href":"https:\/\/blogs.larioja.com\/metalpesado\/wp-json\/wp\/v2\/comments?post=377"}],"version-history":[{"count":1,"href":"https:\/\/blogs.larioja.com\/metalpesado\/wp-json\/wp\/v2\/posts\/377\/revisions"}],"predecessor-version":[{"id":3474,"href":"https:\/\/blogs.larioja.com\/metalpesado\/wp-json\/wp\/v2\/posts\/377\/revisions\/3474"}],"wp:attachment":[{"href":"https:\/\/blogs.larioja.com\/metalpesado\/wp-json\/wp\/v2\/media?parent=377"}],"wp:term":[{"taxonomy":"category","embeddable":true,"href":"https:\/\/blogs.larioja.com\/metalpesado\/wp-json\/wp\/v2\/categories?post=377"},{"taxonomy":"post_tag","embeddable":true,"href":"https:\/\/blogs.larioja.com\/metalpesado\/wp-json\/wp\/v2\/tags?post=377"}],"curies":[{"name":"wp","href":"https:\/\/api.w.org\/{rel}","templated":true}]}}