{"id":380,"date":"2009-08-24T09:15:00","date_gmt":"2009-08-24T09:15:00","guid":{"rendered":"http:\/\/blogs.larioja.com\/metalpesado\/?p=380"},"modified":"2025-09-10T17:35:27","modified_gmt":"2025-09-10T15:35:27","slug":"clase-maestra","status":"publish","type":"post","link":"https:\/\/blogs.larioja.com\/metalpesado\/clase-maestra\/","title":{"rendered":"CLASE MAESTRA"},"content":{"rendered":"<p><meta http-equiv=\"Content-Type\" content=\"text\/html; charset=utf-8\"\/><meta name=\"ProgId\" content=\"Word.Document\"\/><meta name=\"Generator\" content=\"Microsoft Word 11\"\/><meta name=\"Originator\" content=\"Microsoft Word 11\"\/><link rel=\"File-List\" href=\"file:\/\/\/C:%5CDOCUME%7E1%5Cfgonzalo%5CCONFIG%7E1%5CTemp%5Cmsohtml1%5C01%5Cclip_filelist.xml\"\/><o:smarttagtype namespaceuri=\"urn:schemas-microsoft-com:office:smarttags\" name=\"PersonName\"><\/o:smarttagtype>  <\/p>\n<p class=\"MsoNormal\" style=\"text-align: justify;\"><img loading=\"lazy\" class=\"imgizqda\" src=\"\/\/img403.imageshack.us\/img403\/1302\/img5542u.jpg\" id=\"img_0\" width=\"363\" height=\"272\"\/>Los interesados en disfrutar de las clases maestras del V La Rioja Drumming Festival, que acoger\u00e1 el Museo W\u00fcrth en la ma\u00f1ana del s\u00e1bado 5 de septiembre, deben darse prisa en confirmar su asistencia. Porque el Museo W\u00fcrth est\u00e1 reservando durante estos d\u00edas las \u00faltimas plazas para acudir a estas clases tan especiales con maestros internacionales de la percusi\u00f3n como Virgil Donati, Dom Famularo, Jojo Mayer y Billy Cobham.<\/p>\n<p class=\"MsoNormal\" style=\"text-align: justify;\">\n<p class=\"MsoNormal\" style=\"text-align: justify;\">La organizaci\u00f3n del Festival y el Museo W\u00fcrth se han visto gratamente sorprendidos por la enorme expectaci\u00f3n que han generado estas clases maestras. De hecho, ante la gran demanda de reservas han decidido trasladar las clases del auditorio del Museo a un espacio m\u00e1s amplio dentro de su recinto, de modo que ha aumentado el aforo a 600 plazas. Con todo, las \u00faltimas disponibles est\u00e1n cerca de agotarse (la reserva debe realizarse a trav\u00e9s del tel\u00e9fono 941 010 410).<\/p>\n<p class=\"MsoNormal\" style=\"text-align: justify;\">\n<p class=\"MsoNormal\" style=\"text-align: justify;\">Las reservas est\u00e1n siendo solicitadas por aficionados e interesados de todas las comunidades aut\u00f3nomas, consolidando La  Rioja como lugar referente en la m\u00fasica de Espa\u00f1a, en concreto en la percusi\u00f3n. Los asistentes podr\u00e1n acceder al recinto del Museo a las 9.00 de la ma\u00f1ana, siendo la apertura de puertas para las clases maestras a las 9.30 horas.<\/p>\n<p class=\"MsoNormal\" style=\"text-align: justify;\">\n<p class=\"MsoNormal\" style=\"text-align: justify;\">Esta alta expectaci\u00f3n ante la quinta edici\u00f3n de La Rioja Drumming Festival la comparten tambi\u00e9n sus otros dos cap\u00edtulos en el Palacio de los Deportes de Logro\u00f1o. As\u00ed, marchan a buen ritmo la venta de entradas en cajeros Cajal\u00f3n para el concierto del viernes 4 de septiembre de Michel Camilo y Tomatito, el \u00fanico que dar\u00e1n en Espa\u00f1a celebrando el d\u00e9cimo aniversario de su obra maestra \u2018Spain\u2019, y la retirada de invitaciones para el espect\u00e1culo de la noche del s\u00e1bado con las espectaculares exhibiciones de los grandes bateristas Virgil Donati, Dom Famularo, Jojo Mayer, Billy Cobham y Andrea Vadrucci.<\/p>\n<p class=\"MsoNormal\" style=\"text-align: justify;\">\n<p class=\"MsoNormal\" style=\"text-align: justify;\">\n<p class=\"MsoNormal\" style=\"text-align: justify;\">Visitas de 45 pa\u00edses<\/p>\n<p class=\"MsoNormal\" style=\"text-align: justify;\">\n<p class=\"MsoNormal\" style=\"text-align: justify;\">La consolidaci\u00f3n de La  Rioja Drumming Festival como referente en Europa y uno de los grandes festivales de la percusi\u00f3n en el mundo queda refrendada por las visitas que est\u00e1 recibiendo su p\u00e1gina web (<a href=\"http:\/\/www.drumfest.es\/\">www.drumfest.es<\/a>) desde todos los continentes. A dos semanas del festival, la web ha recibido visitantes de 45 pa\u00edses: la mayor\u00eda de todas las provincias espa\u00f1olas, seguidos con notable n\u00famero de visitas desde Italia, Estados Unidos, Francia, China, Reino Unido, Alemania, M\u00e9xico, Brasil, Argentina, Indonesia, Chile\u2026<\/p>\n<p class=\"MsoNormal\" style=\"text-align: justify;\">\n<p class=\"MsoNormal\" style=\"text-align: justify;\">De cara a llegar a todo el mundo, La Rioja Drumming Festival retransmitir\u00e1 el espect\u00e1culo de La Rioja  Drumming Festival a trav\u00e9s de Internet v\u00eda streaming gracias a la colaboraci\u00f3n con el portal larioja.com y la cadena televisiva TVR.<\/p>\n<p class=\"MsoNormal\" style=\"text-align: justify;\">\n<p class=\"MsoNormal\" style=\"text-align: justify;\">Esta quinta edici\u00f3n de La  Rioja Drumming Festival es posible gracias al patrocinio del Gobierno de La Rioja y el Instituto Riojano de la  Juventud, Cajal\u00f3n, Museo W\u00fcrth, Diario La Rioja, larioja.com y TVR y la colaboraci\u00f3n de Cruz Roja.<\/p>\n<p class=\"MsoNormal\" style=\"text-align: justify;\"><span style=\"font-size: 12pt;\"><o:p> <\/o:p><\/span><\/p>\n<p><center><object style=\"border: 0pt none ; margin: 0pt; background: transparent none repeat scroll 0% 0%; -moz-background-clip: -moz-initial; -moz-background-origin: -moz-initial; -moz-background-inline-policy: -moz-initial;\" classid=\"clsid:d27cdb6e-ae6d-11cf-96b8-444553540000\" width=\"425\" height=\"344\"><param name=\"allowScriptAccess\" value=\"never\"\/><param name=\"allowNetworking\" value=\"internal\"\/><param name=\"movie\" value=\"http:\/\/www.lariojacom.tv\/embed\/FLVPlayer.swf\"\/><param name=\"wmode\" value=\"transparent\"\/><param name=\"flashvars\" value=\"file=http:\/\/www.lariojacom.tv\/resources\/flv\/4\/7\/1246978606274.flv&#038;image=http:\/\/www.lariojacom.tv\/resources\/jpg\/1\/6\/1246978605161.jpg&#038;nielsenABCPlugin=nielsenkey::,channel::,subChannel::,title::&#038;advernet=site::lariojacom,channel::menu-de-canales,subChannel::tv-en-la-rioja-tvr,tags::tomatito-actuara-nueva-edicion-rioja-drumming-festival-38500&#038;logo=url::http:\/\/www.lariojacom.tv\/menu-de-canales\/tv-en-la-rioja-tvr\/tomatito-actuara-nueva-edicion-rioja-drumming-festival-38500.html,image::undefined\"\/><embed type=\"application\/x-shockwave-flash\" allowscriptaccess=\"never\" allownetworking=\"internal\" src=\"\/\/www.lariojacom.tv\/embed\/FLVPlayer.swf\" wmode=\"transparent\" flashvars=\"file=http:\/\/www.lariojacom.tv\/resources\/flv\/4\/7\/1246978606274.flv&#038;image=http:\/\/www.lariojacom.tv\/resources\/jpg\/1\/6\/1246978605161.jpg&#038;nielsenABCPlugin=nielsenkey::,channel::,subChannel::,title::&#038;advernet=site::lariojacom,channel::menu-de-canales,subChannel::tv-en-la-rioja-tvr,tags::tomatito-actuara-nueva-edicion-rioja-drumming-festival-38500&#038;logo=url::http:\/\/www.lariojacom.tv\/menu-de-canales\/tv-en-la-rioja-tvr\/tomatito-actuara-nueva-edicion-rioja-drumming-festival-38500.html,image::undefined\" width=\"425\" height=\"344\"\/><\/object><\/center><\/p>\n","protected":false},"excerpt":{"rendered":"<p>Los interesados en disfrutar de las clases maestras del V La Rioja Drumming Festival, que acoger\u00e1 el Museo W\u00fcrth en la ma\u00f1ana del s\u00e1bado 5 de septiembre, deben darse prisa en confirmar su asistencia. Porque el Museo W\u00fcrth est\u00e1 reservando durante estos d\u00edas las \u00faltimas plazas para acudir a estas clases tan especiales con maestros [&hellip;]<\/p>\n","protected":false},"author":12,"featured_media":0,"comment_status":"open","ping_status":"closed","sticky":false,"template":"","format":"standard","meta":[],"categories":[5],"tags":[],"_links":{"self":[{"href":"https:\/\/blogs.larioja.com\/metalpesado\/wp-json\/wp\/v2\/posts\/380"}],"collection":[{"href":"https:\/\/blogs.larioja.com\/metalpesado\/wp-json\/wp\/v2\/posts"}],"about":[{"href":"https:\/\/blogs.larioja.com\/metalpesado\/wp-json\/wp\/v2\/types\/post"}],"author":[{"embeddable":true,"href":"https:\/\/blogs.larioja.com\/metalpesado\/wp-json\/wp\/v2\/users\/12"}],"replies":[{"embeddable":true,"href":"https:\/\/blogs.larioja.com\/metalpesado\/wp-json\/wp\/v2\/comments?post=380"}],"version-history":[{"count":1,"href":"https:\/\/blogs.larioja.com\/metalpesado\/wp-json\/wp\/v2\/posts\/380\/revisions"}],"predecessor-version":[{"id":3470,"href":"https:\/\/blogs.larioja.com\/metalpesado\/wp-json\/wp\/v2\/posts\/380\/revisions\/3470"}],"wp:attachment":[{"href":"https:\/\/blogs.larioja.com\/metalpesado\/wp-json\/wp\/v2\/media?parent=380"}],"wp:term":[{"taxonomy":"category","embeddable":true,"href":"https:\/\/blogs.larioja.com\/metalpesado\/wp-json\/wp\/v2\/categories?post=380"},{"taxonomy":"post_tag","embeddable":true,"href":"https:\/\/blogs.larioja.com\/metalpesado\/wp-json\/wp\/v2\/tags?post=380"}],"curies":[{"name":"wp","href":"https:\/\/api.w.org\/{rel}","templated":true}]}}