{"id":39,"date":"2008-07-04T23:31:07","date_gmt":"2008-07-04T23:31:07","guid":{"rendered":"http:\/\/blogs.larioja.com\/metalpesado\/?p=39"},"modified":"2025-09-10T17:39:21","modified_gmt":"2025-09-10T15:39:21","slug":"mas-noticias-sobre-homenaje-excalibur-69","status":"publish","type":"post","link":"https:\/\/blogs.larioja.com\/metalpesado\/mas-noticias-sobre-homenaje-excalibur-69\/","title":{"rendered":"M\u00c1S NOTICIAS SOBRE EL HOMENAJE A EXCALIBUR\/69"},"content":{"rendered":"<p><img loading=\"lazy\" class=\"imgcen\" src=\"\/\/img359.imageshack.us\/img359\/7938\/cartel69vl9.jpg\" id=\"img_0\" height=\"716\" width=\"518\"\/><\/p>\n<p>Como ya os anunciaba dias atr\u00e1s en este mismo blog, se est\u00e1 preparando con mucho cari\u00f1o un concierto tributo\/homenaje a los desaparecidos Excalibur\/69 de Autol. \u00a1Por fin tenemos m\u00e1s datos del evento! .<\/p>\n<p>La cita se confirma para el pr\u00f3ximo s\u00e1bado 19 de Julio a partir de las doce y media de la noche en el patio del Centro de Salud ( las antiguas escuelas ).<\/p>\n<p><img loading=\"lazy\" class=\"imgcen\" src=\"\/\/img381.imageshack.us\/img381\/6170\/691nv5.jpg\" id=\"img_1\" height=\"356\" width=\"528\"\/><\/p>\n<p>Las \u00faltimas noticias nos cuentan &#8211; \u00a1gracias Diego! &#8211; que finalmente algunos de los miembros originales de 69 se subir\u00e1n al escenario de Autol despu\u00e9s de quince a\u00f1os de ausencia para interpretar varias canciones de su antiguo repertorio. Una magn\u00edfica noticia y una \u00faltima oportunidad de volver a escuchar aquellos entra\u00f1ables himnos de la mano directa de sus creadores.<\/p>\n<p><img loading=\"lazy\" class=\"imgcen\" src=\"\/\/img356.imageshack.us\/img356\/9099\/693wh0.jpg\" id=\"img_2\" height=\"432\" width=\"440\"\/><\/p>\n<p>Seg\u00fan me vaya llegando m\u00e1s informaci\u00f3n sobre el concierto la ir\u00e9 plasmando aqu\u00ed.<\/p>\n<p>\u00a1Larga vida a 69!<\/p>\n","protected":false},"excerpt":{"rendered":"<p>Como ya os anunciaba dias atr\u00e1s en este mismo blog, se est\u00e1 preparando con mucho cari\u00f1o un concierto tributo\/homenaje a los desaparecidos Excalibur\/69 de Autol. \u00a1Por fin tenemos m\u00e1s datos del evento! . La cita se confirma para el pr\u00f3ximo s\u00e1bado 19 de Julio a partir de las doce y media de la noche en [&hellip;]<\/p>\n","protected":false},"author":12,"featured_media":0,"comment_status":"open","ping_status":"closed","sticky":false,"template":"","format":"standard","meta":[],"categories":[4],"tags":[],"_links":{"self":[{"href":"https:\/\/blogs.larioja.com\/metalpesado\/wp-json\/wp\/v2\/posts\/39"}],"collection":[{"href":"https:\/\/blogs.larioja.com\/metalpesado\/wp-json\/wp\/v2\/posts"}],"about":[{"href":"https:\/\/blogs.larioja.com\/metalpesado\/wp-json\/wp\/v2\/types\/post"}],"author":[{"embeddable":true,"href":"https:\/\/blogs.larioja.com\/metalpesado\/wp-json\/wp\/v2\/users\/12"}],"replies":[{"embeddable":true,"href":"https:\/\/blogs.larioja.com\/metalpesado\/wp-json\/wp\/v2\/comments?post=39"}],"version-history":[{"count":1,"href":"https:\/\/blogs.larioja.com\/metalpesado\/wp-json\/wp\/v2\/posts\/39\/revisions"}],"predecessor-version":[{"id":3805,"href":"https:\/\/blogs.larioja.com\/metalpesado\/wp-json\/wp\/v2\/posts\/39\/revisions\/3805"}],"wp:attachment":[{"href":"https:\/\/blogs.larioja.com\/metalpesado\/wp-json\/wp\/v2\/media?parent=39"}],"wp:term":[{"taxonomy":"category","embeddable":true,"href":"https:\/\/blogs.larioja.com\/metalpesado\/wp-json\/wp\/v2\/categories?post=39"},{"taxonomy":"post_tag","embeddable":true,"href":"https:\/\/blogs.larioja.com\/metalpesado\/wp-json\/wp\/v2\/tags?post=39"}],"curies":[{"name":"wp","href":"https:\/\/api.w.org\/{rel}","templated":true}]}}