{"id":3991,"date":"2026-09-02T13:15:15","date_gmt":"2026-09-02T11:15:15","guid":{"rendered":"https:\/\/blogs.larioja.com\/metalpesado\/?p=3991"},"modified":"2026-09-02T13:15:15","modified_gmt":"2026-09-02T11:15:15","slug":"tierra-santa-prepara-su-xxx-aniversario","status":"publish","type":"post","link":"https:\/\/blogs.larioja.com\/metalpesado\/tierra-santa-prepara-su-xxx-aniversario\/","title":{"rendered":"Tierra Santa prepara su XXX aniversario"},"content":{"rendered":"<p><em>Tierra Santa<\/em> ya trabaja el 2027 como a\u00f1o grande. La banda riojana ha abierto la contrataci\u00f3n de su gira del XXX aniversario: tres d\u00e9cadas desde que en 1997 pasaron de llamarse <em>Privacy<\/em> a <em>Tierra Santa<\/em> y publicaron <em>Medieval<\/em>.<\/p>\n<p>El anuncio sali\u00f3 el 4 de agosto de 2026 en sus redes oficiales. No hay cartel cerrado todav\u00eda. Lo que s\u00ed hay es un plan claro y, sobre todo, ganas de no repetir el mismo concierto de siempre. La propuesta que nos lanza TS, resumida en cuatro puntos, es la siguiente:<\/p>\n<ul>\n<li>Gira extensa por todas las provincias espa\u00f1olas que puedan visitar.<\/li>\n<li>Vuelta a las islas \u2014Baleares y Canarias\u2014 despu\u00e9s de muchos a\u00f1os sin pisarlas.<\/li>\n<li>Gira europea, tambi\u00e9n tras un largo par\u00e9ntesis.<\/li>\n<li>Un setlist distinto: incluyendo temas que habitualmente no suenan en directo.<\/li>\n<\/ul>\n<p>La banda ha preguntado a sus fans, a trav\u00e9s de sus redes sociales, qu\u00e9 canci\u00f3n no deber\u00eda faltar. En los comentarios ya vuelan <em>Reconquista, Otelo, Juana de Arco, El caballo de Troya, Sodoma y Gomorra, Las Valquirias, David y el gigante o Reina de Egipto.<\/em> O sea: el cat\u00e1logo cl\u00e1sico. La contrataci\u00f3n de 2027 est\u00e1 abierta a trav\u00e9s de Wilma Producciones.<\/p>\n<p>Algunas fechas empiezan a asomar en calendarios, pero el grueso del tour se ir\u00e1 confirmando a medida que cierren salas y festivales. El contexto importa. <em>Tierra Santa<\/em> llega a este aniversario con <em>Un viaje \u00e9pico<\/em> (2024) todav\u00eda caliente y una agenda 2026 que sigue cruzando el charco.<\/p>\n<p>Para La Rioja la noticia tiene peso extra. Es la banda de aqu\u00ed, de casa, que en 1997 se autopublic\u00f3 un disco en Sonido XXI y sali\u00f3 de gira con <em>Dio<\/em>. Si 2027 se cumple como lo pintan, va a ser el a\u00f1o de <em>Tierra Santa<\/em>. Cuando caigan las primeras fechas nacionales las iremos colgando aqu\u00ed.<\/p>\n<p>El XXX aniversario ya est\u00e1 en marcha.<\/p>\n<p><center><iframe loading=\"lazy\" width=\"560\" height=\"315\" src=\"https:\/\/www.youtube.com\/embed\/EATVUtiS0fY?si=ltv8SMHm6sKo7Bu4\" title=\"YouTube video player\" frameborder=\"0\" allow=\"accelerometer; autoplay; clipboard-write; encrypted-media; gyroscope; picture-in-picture; web-share\" referrerpolicy=\"strict-origin-when-cross-origin\" allowfullscreen><\/iframe><\/center><\/p>\n<!-- AddThis Advanced Settings generic via filter on the_content --><!-- AddThis Share Buttons generic via filter on the_content -->","protected":false},"excerpt":{"rendered":"<p>Tierra Santa ya trabaja el 2027 como a\u00f1o grande. La banda riojana ha abierto la contrataci\u00f3n de su gira del XXX aniversario: tres d\u00e9cadas desde que en 1997 pasaron de llamarse Privacy a Tierra Santa y publicaron Medieval. El anuncio sali\u00f3 el 4 de agosto de 2026 en sus redes oficiales. No hay cartel cerrado [&hellip;]<!-- AddThis Advanced Settings generic via filter on get_the_excerpt --><!-- AddThis Share Buttons generic via filter on get_the_excerpt --><\/p>\n","protected":false},"author":12,"featured_media":3992,"comment_status":"open","ping_status":"open","sticky":false,"template":"","format":"standard","meta":{"footnotes":""},"categories":[5],"tags":[2148],"class_list":["post-3991","post","type-post","status-publish","format-standard","has-post-thumbnail","hentry","category-noticias","tag-tierra-santa"],"_links":{"self":[{"href":"https:\/\/blogs.larioja.com\/metalpesado\/wp-json\/wp\/v2\/posts\/3991","targetHints":{"allow":["GET"]}}],"collection":[{"href":"https:\/\/blogs.larioja.com\/metalpesado\/wp-json\/wp\/v2\/posts"}],"about":[{"href":"https:\/\/blogs.larioja.com\/metalpesado\/wp-json\/wp\/v2\/types\/post"}],"author":[{"embeddable":true,"href":"https:\/\/blogs.larioja.com\/metalpesado\/wp-json\/wp\/v2\/users\/12"}],"replies":[{"embeddable":true,"href":"https:\/\/blogs.larioja.com\/metalpesado\/wp-json\/wp\/v2\/comments?post=3991"}],"version-history":[{"count":7,"href":"https:\/\/blogs.larioja.com\/metalpesado\/wp-json\/wp\/v2\/posts\/3991\/revisions"}],"predecessor-version":[{"id":3999,"href":"https:\/\/blogs.larioja.com\/metalpesado\/wp-json\/wp\/v2\/posts\/3991\/revisions\/3999"}],"wp:featuredmedia":[{"embeddable":true,"href":"https:\/\/blogs.larioja.com\/metalpesado\/wp-json\/wp\/v2\/media\/3992"}],"wp:attachment":[{"href":"https:\/\/blogs.larioja.com\/metalpesado\/wp-json\/wp\/v2\/media?parent=3991"}],"wp:term":[{"taxonomy":"category","embeddable":true,"href":"https:\/\/blogs.larioja.com\/metalpesado\/wp-json\/wp\/v2\/categories?post=3991"},{"taxonomy":"post_tag","embeddable":true,"href":"https:\/\/blogs.larioja.com\/metalpesado\/wp-json\/wp\/v2\/tags?post=3991"}],"curies":[{"name":"wp","href":"https:\/\/api.w.org\/{rel}","templated":true}]}}