{"id":447,"date":"2009-11-04T09:15:00","date_gmt":"2009-11-04T09:15:00","guid":{"rendered":"http:\/\/blogs.larioja.com\/metalpesado\/?p=447"},"modified":"2025-09-10T17:34:27","modified_gmt":"2025-09-10T15:34:27","slug":"sinonimo-ofender","status":"publish","type":"post","link":"https:\/\/blogs.larioja.com\/metalpesado\/sinonimo-ofender\/","title":{"rendered":"SINONIMO DE OFENDER"},"content":{"rendered":"<p><meta http-equiv=\"Content-Type\" content=\"text\/html; charset=utf-8\"\/><meta name=\"ProgId\" content=\"Word.Document\"\/><meta name=\"Generator\" content=\"Microsoft Word 11\"\/><meta name=\"Originator\" content=\"Microsoft Word 11\"\/><link rel=\"File-List\" href=\"file:\/\/\/C:%5CDOCUME%7E1%5Cfgonzalo%5CCONFIG%7E1%5CTemp%5Cmsohtml1%5C01%5Cclip_filelist.xml\"\/>\n<p class=\"MsoNormal\" style=\"text-align: justify;\"><img loading=\"lazy\" class=\"imgizqda\" src=\"\/\/img90.imageshack.us\/img90\/2143\/komabc6.jpg\" id=\"img_0\" width=\"277\" height=\"208\"\/>Rescato del ba\u00fal una entrevista crianza del<span style=\"\">  <\/span>2005, de gusto agradable y templada en boca que tuve el placer de realizar al cantante y guitarrista de los navarros <strong>KOMA<\/strong>. Fue publicada en <a href=\"http:\/\/rafabasa.com\/\" title=\"http:\/\/rafabasa.com\" id=\"link_0\">Rafabasa.com<\/a> , y espero que os guste recordarla.<\/p>\n<p class=\"MsoNormal\" style=\"text-align: justify;\"><o:p> <\/o:p><\/p>\n<p class=\"MsoNormal\" style=\"text-align: justify;\">&#8211; Para empezar, cu\u00e9ntanos Brigi cual ha sido la reacci\u00f3n de la gente hacia &#8220;Sin\u00f3nimo de ofender&#8221;.<\/p>\n<p class=\"MsoNormal\" style=\"text-align: justify;\"><o:p> <\/o:p><\/p>\n<p class=\"MsoNormal\" style=\"text-align: justify;\">Brigi.- Parece que hab\u00eda muchas ganas de que edit\u00e1ramos material nuevo porque la acogida ha sido tremenda tanto por parte del p\u00fablico como de los medios. Estamos tocando en directo seis temas nuevos y se adaptan muy bien a nuestro repertorio.Estamos en un momento dulce y eso se nota en los conciertos.<\/p>\n<p class=\"MsoNormal\" style=\"text-align: justify;\"><o:p> <\/o:p><\/p>\n<p class=\"MsoNormal\" style=\"text-align: justify;\">&#8211; Han pasado ya varios a\u00f1os desde vuestra popular maqueta. \u00bfEs hora de hacer balance o por el contrario, pens\u00e1is que es mejor no mirar hacia atr\u00e1s?<\/p>\n<p class=\"MsoNormal\" style=\"text-align: justify;\"><o:p> <\/o:p><\/p>\n<p class=\"MsoNormal\" style=\"text-align: justify;\">Brigi.- Estamos orgullosos de nuestros seis discos y de haber podido tocar en tantos sitios diferentes pero en este rollo siempre hay que tener ideas y expectativas de futuro que lleven al grupo a dar muchos m\u00e1s pasos hacia delante. A estas alturas, despu\u00e9s de diez a\u00f1os, tenemos las mismas ganas que cuando empezamos y eso es lo que realmente importa para seguir creando canciones y disfrutarlas en directo.<\/p>\n<p class=\"MsoNormal\" style=\"text-align: justify;\"><o:p> <\/o:p><\/p>\n<p class=\"MsoNormal\" style=\"text-align: justify;\">&#8211; El nivel musical que ha alcanzado Koma a lo largo de estos a\u00f1os es muy alto. El nivel de sus discos tambi\u00e9n. \u00bfPor qu\u00e9 la banda no ha llegado a calar tan profundo como otras, con menos calidad?<\/p>\n<p class=\"MsoNormal\" style=\"text-align: justify;\"><o:p> <\/o:p><\/p>\n<p class=\"MsoNormal\" style=\"text-align: justify;\">Brigi.- No nos podemos quejar de lo conseguido en estos a\u00f1os porque hemos podido vivir de la m\u00fasica y eso ya es para darse con un canto en los pi\u00f1os. Siempre habr\u00e1 bandas que vendan y funcionen m\u00e1s que nosotros, pero nosotros hacemos lo que nos gusta a nuestra manera. De todas formas creo que somos un grupo que va dando pasos cortos pero seguros y hemos mejorado en muchos aspectos en los \u00faltimos tiempos.<\/p>\n<p class=\"MsoNormal\" style=\"text-align: justify;\"><o:p> <\/o:p><\/p>\n<p class=\"MsoNormal\" style=\"text-align: justify;\">&#8211; Sin embargo, segu\u00eds apareciendo en grandes festivales y girando por toda la pen\u00ednsula cada a\u00f1o que pasa. \u00bfTan dif\u00edcil es vivir de la m\u00fasica en este pa\u00eds?<\/p>\n<p class=\"MsoNormal\" style=\"text-align: justify;\"><o:p> <\/o:p><\/p>\n<p class=\"MsoNormal\" style=\"text-align: justify;\">Brigi.- Nosotros vivimos como obreros del rock. Ganamos un sueldo como currando en una f\u00e1brica y s\u00f3lo con eso ya somos unos privilegiados. Nos gusta tocar y tocamos todo lo que podemos para vivir dignamente. En este pa\u00eds los m\u00fasicos somos el \u00faltimo mono yno tiene pinta de que esto vaya a cambiar en un futuro pr\u00f3ximo.<\/p>\n<p class=\"MsoNormal\" style=\"text-align: justify;\"><o:p> <\/o:p><\/p>\n<p class=\"MsoNormal\" style=\"text-align: justify;\">&#8211; Hablando de festivales, en breve vais a aparecer en el Vi\u00f1a Rock de este a\u00f1o. Contadnos que opini\u00f3n os merece el festival.<\/p>\n<p class=\"MsoNormal\" style=\"text-align: justify;\"><o:p> <\/o:p><\/p>\n<p class=\"MsoNormal\" style=\"text-align: justify;\">Brigi.- Es sin duda alguna el festival m\u00e1s grande que se hace en el pa\u00eds con m\u00fasicos nacionales casi exclusivamente. Es la quinta vez que vamos a tocar y tenemos muy buenos recuerdos tanto de los conciertos como de la relaci\u00f3n con otros m\u00fasicos detr\u00e1s de los escenarios. Fijo que despu\u00e9s de tocar cae una buena.<\/p>\n<p class=\"MsoNormal\" style=\"text-align: justify;\"><o:p> <\/o:p><\/p>\n<p class=\"MsoNormal\" style=\"text-align: justify;\">&#8211; Durante el Vi\u00f1a, \u00bften\u00e9is ganas de ver a alguna banda en particular?<\/p>\n<p class=\"MsoNormal\" style=\"text-align: justify;\"><o:p> <\/o:p><\/p>\n<p class=\"MsoNormal\" style=\"text-align: justify;\">Brigi.- Este a\u00f1o est\u00e1 claro que todos queremos ver principalmente a Sepultura, sobre todo para ver lo que dan de s\u00ed en un concierto en el que no se prueba sonido.<\/p>\n<p class=\"MsoNormal\" style=\"text-align: justify;\"><o:p> <\/o:p><\/p>\n<p class=\"MsoNormal\" style=\"text-align: justify;\">&#8211; Despu\u00e9s del festival, \u00bfqu\u00e9 fechas ten\u00e9is preparadas de cara al verano?<\/p>\n<p class=\"MsoNormal\" style=\"text-align: justify;\"><o:p> <\/o:p><\/p>\n<p class=\"MsoNormal\" style=\"text-align: justify;\">  Brigi.- Abril: 15 Extrem\u00fasica en C\u00e1ceres, 22 Arena, Madrid, 30 Vi\u00f1a Rock, Mayo: 4 Urru\u00f1e (Iparralde), 7 Ir\u00fan, 14 Hospitalet, 20 Valladolid, 21 Elizondo, 28 Caudete, Junio:28 Caudete, Julio: 16 Villar de Arzobispo, 23 Alaur\u00edn, 29 Kalakoricos, Agosto: 6 Maella, 13 Burlada, 26 Tordesillas, 27 Lugones. Estos son los conciertos ya confirmados y tenemos unas cuantas reservas que esperamos ir aumentando con la cercan\u00eda del verano. Como ve\u00eds no nos podemos quejar.<\/p>\n<p class=\"MsoNormal\" style=\"text-align: justify;\"><o:p> <\/o:p><\/p>\n<p class=\"MsoNormal\" style=\"text-align: justify;\">&#8211; La formaci\u00f3n de la banda sigue muy estable. \u00bfSe acabaron por fin las especulaciones sobre vuestra ruptura?<\/p>\n<p class=\"MsoNormal\" style=\"text-align: justify;\"><o:p> <\/o:p><\/p>\n<p class=\"MsoNormal\" style=\"text-align: justify;\">Brigi.- Somos una banda en la que los cuatro tenemos nuestros papeles bien asignados.<\/p>\n<p class=\"MsoNormal\" style=\"text-align: justify;\">Rafa escribe las letras y entre todos hacemos la m\u00fasica. Unas veces trabajamos sobre m\u00fasica y otras sobre letras y melod\u00edas. Nos repartimos el trabajo y cada cual hace lo que mejor se le da. No podr\u00edamos funcionar si faltara uno de los cuatro porque todos somos responsables de la personalidad del grupo.<\/p>\n<p class=\"MsoNormal\" style=\"text-align: justify;\"><o:p> <\/o:p><\/p>\n<p class=\"MsoNormal\" style=\"text-align: justify;\">&#8211; \u00bfCuando ten\u00e9is previsto registrar nuevo disco?<\/p>\n<p class=\"MsoNormal\" style=\"text-align: justify;\"><o:p> <\/o:p><\/p>\n<p class=\"MsoNormal\" style=\"text-align: justify;\">Brigi.- Probablemente para el 2006, pero es algo que se ver\u00e1 sobre la marcha. Cuando tengamos un buen pu\u00f1ado de temas que nos gusten nos meteremos sin prisas a grabar. Por suerte hay ya unas cuantas ideas en desarrollo.<\/p>\n<p class=\"MsoNormal\" style=\"text-align: justify;\"><o:p> <\/o:p><\/p>\n<p class=\"MsoNormal\" style=\"text-align: justify;\">&#8211; Pienso que Pantera fueron una gran fuente de inspiraci\u00f3n en vuestros comienzos. Hablando sobre ellos, Brigi, \u00bfqu\u00e9 piensas sobre el fatal desenlace de la vida de Dimebag, su genial guitarrista?<\/p>\n<p class=\"MsoNormal\" style=\"text-align: justify;\"><o:p> <\/o:p><\/p>\n<p class=\"MsoNormal\" style=\"text-align: justify;\">Brigi.- Pues que hay mucho subnormal armado suelto por el planeta y en esta ocasi\u00f3n ha ca\u00eddo uno de los guitarristas con m\u00e1s gusto de los \u00faltimos tiempos. Una pena no poder volver a verlo en directo.<\/p>\n<p class=\"MsoNormal\" style=\"text-align: justify;\"><o:p> <\/o:p><\/p>\n<p class=\"MsoNormal\" style=\"text-align: justify;\">&#8211; Koma son una banda de directo, no de estudio. Esta afirmaci\u00f3n \u00bfos molesta o por el contrario, os halaga?<\/p>\n<p class=\"MsoNormal\" style=\"text-align: justify;\"><o:p> <\/o:p><\/p>\n<p class=\"MsoNormal\" style=\"text-align: justify;\">Brigi.- Nos halaga porque el directo es la demostraci\u00f3n de que una banda es de verdad y no un timo de estudio como tantas bandas que pululan por ah\u00ed.<\/p>\n<p class=\"MsoNormal\" style=\"text-align: justify;\"><o:p> <\/o:p><\/p>\n<p class=\"MsoNormal\" style=\"text-align: justify;\">&#8211; El sonido del grupo sigue teniendo identidad propia. \u00bfCu\u00e1l es la clave?<\/p>\n<p class=\"MsoNormal\" style=\"text-align: justify;\"><o:p> <\/o:p><\/p>\n<p class=\"MsoNormal\" style=\"text-align: justify;\">Brigi.- La clave es la mezcla de cuatro caracteres muy diferentes. Como ya he dicho antes Rafa se encarga de las letras y entre todos trabajamos la m\u00fasica eligiendo y aportando lo que buenamente podemos. Natxo y Juankar est\u00e1n en el ciclo superior del conservatorio y le van pegando \u00faltimamente al jazz. Yo me curro partes musicales y melod\u00edas junto a Rafa y entre todos arreglamos los temas y sale lo que sale.<\/p>\n<p class=\"MsoNormal\" style=\"text-align: justify;\"><o:p> <\/o:p><\/p>\n<p class=\"MsoNormal\" style=\"text-align: justify;\">&#8211; Ahora que el tema est\u00e1 tan de moda, \u00bfqu\u00e9 opin\u00e1is sobre la pirater\u00eda en internet?\u00bfbeneficia o perjudica a los grupos noveles?<\/p>\n<p class=\"MsoNormal\" style=\"text-align: justify;\"><o:p> <\/o:p><\/p>\n<p class=\"MsoNormal\" style=\"text-align: justify;\">Brigi.- La pirater\u00eda nos perjudica a nivel de ventas y de autores pero por otro lado internet ha llevado nuestra m\u00fasica por todo el planeta. La \u00faltima vez que tocamos en Madrid estuvimos con fans sudamericanos que ten\u00edan hasta la primera maqueta. Para los grupos que salen es una putada porque al bajar las ventas las compa\u00f1\u00edas apuestan muy poco por los grupos noveles y cada vez tiene menos salidas.<\/p>\n<p class=\"MsoNormal\" style=\"text-align: justify;\"><o:p> <\/o:p><\/p>\n<p class=\"MsoNormal\" style=\"text-align: justify;\">&#8211; Para ir acabando Brigi, h\u00e1blanos sobre tus deseos para lo que queda de a\u00f1o.<\/p>\n<p class=\"MsoNormal\" style=\"text-align: justify;\"><o:p> <\/o:p><\/p>\n<p class=\"MsoNormal\" style=\"text-align: justify;\">Sobre todo tocar a saco y si es posible dar un salto al gran charco para ir a M\u00e9jico y una vuelta por las europas. Ojal\u00e1 se cumplan todos nuestros planes porque estamos como locos por movernos los m\u00e1ximo posible.<\/p>\n<p class=\"MsoNormal\" style=\"text-align: justify;\"><o:p> <\/o:p><\/p>\n<p class=\"MsoNormal\" style=\"text-align: justify;\">&#8211; Muchas gracias por tu colaboraci\u00f3n, si quieres a\u00f1adir algo m\u00e1s&#8230;<\/p>\n<p class=\"MsoNormal\" style=\"text-align: justify;\"><o:p> <\/o:p><\/p>\n<p class=\"MsoNormal\" style=\"text-align: justify;\">Brigi.- Saludos a toda la pe\u00f1a y larga vida AL ROCKANDROLL&#8230;&#8230;&#8230;..<\/p>\n","protected":false},"excerpt":{"rendered":"<p>Rescato del ba\u00fal una entrevista crianza del 2005, de gusto agradable y templada en boca que tuve el placer de realizar al cantante y guitarrista de los navarros KOMA. Fue publicada en Rafabasa.com , y espero que os guste recordarla. &#8211; Para empezar, cu\u00e9ntanos Brigi cual ha sido la reacci\u00f3n de la gente hacia &#8220;Sin\u00f3nimo [&hellip;]<\/p>\n","protected":false},"author":12,"featured_media":0,"comment_status":"open","ping_status":"closed","sticky":false,"template":"","format":"standard","meta":[],"categories":[4],"tags":[1173],"_links":{"self":[{"href":"https:\/\/blogs.larioja.com\/metalpesado\/wp-json\/wp\/v2\/posts\/447"}],"collection":[{"href":"https:\/\/blogs.larioja.com\/metalpesado\/wp-json\/wp\/v2\/posts"}],"about":[{"href":"https:\/\/blogs.larioja.com\/metalpesado\/wp-json\/wp\/v2\/types\/post"}],"author":[{"embeddable":true,"href":"https:\/\/blogs.larioja.com\/metalpesado\/wp-json\/wp\/v2\/users\/12"}],"replies":[{"embeddable":true,"href":"https:\/\/blogs.larioja.com\/metalpesado\/wp-json\/wp\/v2\/comments?post=447"}],"version-history":[{"count":1,"href":"https:\/\/blogs.larioja.com\/metalpesado\/wp-json\/wp\/v2\/posts\/447\/revisions"}],"predecessor-version":[{"id":3402,"href":"https:\/\/blogs.larioja.com\/metalpesado\/wp-json\/wp\/v2\/posts\/447\/revisions\/3402"}],"wp:attachment":[{"href":"https:\/\/blogs.larioja.com\/metalpesado\/wp-json\/wp\/v2\/media?parent=447"}],"wp:term":[{"taxonomy":"category","embeddable":true,"href":"https:\/\/blogs.larioja.com\/metalpesado\/wp-json\/wp\/v2\/categories?post=447"},{"taxonomy":"post_tag","embeddable":true,"href":"https:\/\/blogs.larioja.com\/metalpesado\/wp-json\/wp\/v2\/tags?post=447"}],"curies":[{"name":"wp","href":"https:\/\/api.w.org\/{rel}","templated":true}]}}