{"id":50,"date":"2008-07-18T09:22:41","date_gmt":"2008-07-18T09:22:41","guid":{"rendered":"http:\/\/blogs.larioja.com\/metalpesado\/?p=50"},"modified":"2025-09-10T17:39:17","modified_gmt":"2025-09-10T15:39:17","slug":"por-fin-llego-dia","status":"publish","type":"post","link":"https:\/\/blogs.larioja.com\/metalpesado\/por-fin-llego-dia\/","title":{"rendered":"POR FIN&#8230;..LLEG\u00d3 EL DIA"},"content":{"rendered":"<p>Como ya os anunciaba d\u00edas atr\u00e1s, ma\u00f1ana s\u00e1bado tendr\u00e1 lugar el tan esperado homenaje a una de las bandas m\u00e1s significativas que ha dado la m\u00fasica riojana, los autole\u00f1os Excalibur ( 69 ). Seg\u00fan me informa Ernesto Pascual, un gran amigo y redactor del diario La Rioja, ser\u00e1n en total veinte los m\u00fasicos que se subir\u00e1n al escenario instalado en el patio del Centro de salud ( antiguas escuelas ) a partir de las 00:30 de la noche en Autol. <\/p>\n<p>Han sido ocho largos meses de ensayo recuperando el viejo repertorio del grupo, principalmente en su etapa como 69 con su L.P. &#8220;So\u00f1areis&#8221;. El evento contar\u00e1 finalmente con la participaci\u00f3n, adem\u00e1s de los m\u00fasicos de la localidad riojana, con cuatro miembros originales de la recordada formaci\u00f3n. <\/p>\n<p>Aqu\u00ed os enlazo algunos v\u00eddeos de los ensayos que han tenido lugar estos meses atr\u00e1s : <\/p>\n<p> <center> <object height=344 width=425><param NAME=\"movie\" VALUE=\"http:\/\/www.youtube.com\/v\/LCg6tGIIwuc&#038;hl=es&#038;fs=1\"\/><param NAME=\"allowFullScreen\" VALUE=\"true\"\/><embed src=\"\/\/www.youtube.com\/v\/LCg6tGIIwuc&#038;hl=es&#038;fs=1\" type=\"application\/x-shockwave-flash\" allowfullscreen=\"true\" width=\"425\" height=\"344\"\/><\/object><\/center><\/p>\n<p> <center> <object style=\"BORDER-RIGHT: 0px; BORDER-TOP: 0px; BACKGROUND: none transparent scroll repeat 0% 0%; MARGIN: 0px; BORDER-LEFT: 0px; BORDER-BOTTOM: 0px\" height=344 width=425><param NAME=\"movie\" VALUE=\"http:\/\/www.youtube.com\/v\/m13PyZ4EPL0&#038;hl=es&#038;fs=1\"\/><param NAME=\"allowFullScreen\" VALUE=\"true\"\/><embed src=\"\/\/www.youtube.com\/v\/m13PyZ4EPL0&#038;hl=es&#038;fs=1\" type=\"application\/x-shockwave-flash\" allowfullscreen=\"true\" width=\"425\" height=\"344\"\/><\/object><\/center><\/p>\n<p> <center> <object style=\"BORDER-RIGHT: 0px; BORDER-TOP: 0px; BACKGROUND: none transparent scroll repeat 0% 0%; MARGIN: 0px; BORDER-LEFT: 0px; BORDER-BOTTOM: 0px\" height=344 width=425><param NAME=\"movie\" VALUE=\"http:\/\/www.youtube.com\/v\/gMhd2c0Gz2o&#038;hl=es&#038;fs=1\"\/><param NAME=\"allowFullScreen\" VALUE=\"true\"\/><embed src=\"\/\/www.youtube.com\/v\/gMhd2c0Gz2o&#038;hl=es&#038;fs=1\" type=\"application\/x-shockwave-flash\" allowfullscreen=\"true\" width=\"425\" height=\"344\"\/><\/object><\/center><\/p>\n","protected":false},"excerpt":{"rendered":"<p>Como ya os anunciaba d\u00edas atr\u00e1s, ma\u00f1ana s\u00e1bado tendr\u00e1 lugar el tan esperado homenaje a una de las bandas m\u00e1s significativas que ha dado la m\u00fasica riojana, los autole\u00f1os Excalibur ( 69 ). Seg\u00fan me informa Ernesto Pascual, un gran amigo y redactor del diario La Rioja, ser\u00e1n en total veinte los m\u00fasicos que se [&hellip;]<\/p>\n","protected":false},"author":12,"featured_media":0,"comment_status":"open","ping_status":"closed","sticky":false,"template":"","format":"standard","meta":[],"categories":[4],"tags":[],"_links":{"self":[{"href":"https:\/\/blogs.larioja.com\/metalpesado\/wp-json\/wp\/v2\/posts\/50"}],"collection":[{"href":"https:\/\/blogs.larioja.com\/metalpesado\/wp-json\/wp\/v2\/posts"}],"about":[{"href":"https:\/\/blogs.larioja.com\/metalpesado\/wp-json\/wp\/v2\/types\/post"}],"author":[{"embeddable":true,"href":"https:\/\/blogs.larioja.com\/metalpesado\/wp-json\/wp\/v2\/users\/12"}],"replies":[{"embeddable":true,"href":"https:\/\/blogs.larioja.com\/metalpesado\/wp-json\/wp\/v2\/comments?post=50"}],"version-history":[{"count":1,"href":"https:\/\/blogs.larioja.com\/metalpesado\/wp-json\/wp\/v2\/posts\/50\/revisions"}],"predecessor-version":[{"id":3795,"href":"https:\/\/blogs.larioja.com\/metalpesado\/wp-json\/wp\/v2\/posts\/50\/revisions\/3795"}],"wp:attachment":[{"href":"https:\/\/blogs.larioja.com\/metalpesado\/wp-json\/wp\/v2\/media?parent=50"}],"wp:term":[{"taxonomy":"category","embeddable":true,"href":"https:\/\/blogs.larioja.com\/metalpesado\/wp-json\/wp\/v2\/categories?post=50"},{"taxonomy":"post_tag","embeddable":true,"href":"https:\/\/blogs.larioja.com\/metalpesado\/wp-json\/wp\/v2\/tags?post=50"}],"curies":[{"name":"wp","href":"https:\/\/api.w.org\/{rel}","templated":true}]}}