{"id":57,"date":"2008-07-30T13:27:44","date_gmt":"2008-07-30T13:27:44","guid":{"rendered":"http:\/\/blogs.larioja.com\/metalpesado\/?p=57"},"modified":"2025-09-10T17:39:15","modified_gmt":"2025-09-10T15:39:15","slug":"aposento-death-metal-la-vieja-escuela-riojana","status":"publish","type":"post","link":"https:\/\/blogs.larioja.com\/metalpesado\/aposento-death-metal-la-vieja-escuela-riojana\/","title":{"rendered":"APOSENTO, DEATH METAL DE LA VIEJA ESCUELA RIOJANA"},"content":{"rendered":"<p><img loading=\"lazy\" class=\"imgizqda\" src=\"\/\/static.metal-archives.com\/images\/1\/3\/5\/3\/13537_logo.JPG\" id=\"img_0\" height=\"83\" width=\"193\"\/> La semana pasada me encontr\u00e9 con Manolo, guitarra y fundador de Aposento, la m\u00edtica formaci\u00f3n de Death Metal riojana que tanto se prodig\u00f3 por los escenarios de nuestro pa\u00eds durante los a\u00f1os noventa y que tras su disoluci\u00f3n nos dejaba como legado dos maquetas y un E.P. editados. Fueron una de las bandas riojanas m\u00e1s reconocidas dentro del underground extremo, posiblemente la que m\u00e1s &#8211; \u00bfQui\u00e9n no recuerda su cl\u00e1sico logotipo? &#8211; . Por sus filas desfilaron numerosos m\u00fasicos de la escena extrema riojana &#8211; entre los que se encontraba, por ejemplo, el que aqu\u00ed firma &#8211;  Le pregunt\u00e9 al m\u00fasico sobre la futura suerte del grupo &#8211; con renovada formaci\u00f3n &#8211; , despu\u00e9s de que optase por resucitar su memoria y ponerlo de nuevo en marcha aproximadamente hace un a\u00f1o, m\u00e1s o menos.<\/p>\n<p><img class=\"imgcen\" src=\"\/\/static.metal-archives.com\/images\/6\/7\/4\/6\/67464.jpg\" id=\"img_1\"\/><br \/>\nMe cont\u00f3 que piensan presentarse en directo en los pr\u00f3ximos meses, pero que tampoco tienen excesiva prisa por subirse a las tablas de momento. Mientras que esperamos el retorno a los escenarios de esta m\u00edtica banda, vayamos poquito a poco refrescando la memoria esperando la brutalidad sonora que se nos viene encima a buen seguro los pr\u00f3ximos meses.<\/p>\n<p> Aposento, no lo olvideis. <\/p>\n","protected":false},"excerpt":{"rendered":"<p>La semana pasada me encontr\u00e9 con Manolo, guitarra y fundador de Aposento, la m\u00edtica formaci\u00f3n de Death Metal riojana que tanto se prodig\u00f3 por los escenarios de nuestro pa\u00eds durante los a\u00f1os noventa y que tras su disoluci\u00f3n nos dejaba como legado dos maquetas y un E.P. editados. Fueron una de las bandas riojanas m\u00e1s [&hellip;]<\/p>\n","protected":false},"author":12,"featured_media":0,"comment_status":"open","ping_status":"closed","sticky":false,"template":"","format":"standard","meta":[],"categories":[4],"tags":[],"_links":{"self":[{"href":"https:\/\/blogs.larioja.com\/metalpesado\/wp-json\/wp\/v2\/posts\/57"}],"collection":[{"href":"https:\/\/blogs.larioja.com\/metalpesado\/wp-json\/wp\/v2\/posts"}],"about":[{"href":"https:\/\/blogs.larioja.com\/metalpesado\/wp-json\/wp\/v2\/types\/post"}],"author":[{"embeddable":true,"href":"https:\/\/blogs.larioja.com\/metalpesado\/wp-json\/wp\/v2\/users\/12"}],"replies":[{"embeddable":true,"href":"https:\/\/blogs.larioja.com\/metalpesado\/wp-json\/wp\/v2\/comments?post=57"}],"version-history":[{"count":1,"href":"https:\/\/blogs.larioja.com\/metalpesado\/wp-json\/wp\/v2\/posts\/57\/revisions"}],"predecessor-version":[{"id":3788,"href":"https:\/\/blogs.larioja.com\/metalpesado\/wp-json\/wp\/v2\/posts\/57\/revisions\/3788"}],"wp:attachment":[{"href":"https:\/\/blogs.larioja.com\/metalpesado\/wp-json\/wp\/v2\/media?parent=57"}],"wp:term":[{"taxonomy":"category","embeddable":true,"href":"https:\/\/blogs.larioja.com\/metalpesado\/wp-json\/wp\/v2\/categories?post=57"},{"taxonomy":"post_tag","embeddable":true,"href":"https:\/\/blogs.larioja.com\/metalpesado\/wp-json\/wp\/v2\/tags?post=57"}],"curies":[{"name":"wp","href":"https:\/\/api.w.org\/{rel}","templated":true}]}}