{"id":63,"date":"2008-08-12T17:28:37","date_gmt":"2008-08-12T17:28:37","guid":{"rendered":"http:\/\/blogs.larioja.com\/metalpesado\/?p=63"},"modified":"2025-09-10T17:39:13","modified_gmt":"2025-09-10T15:39:13","slug":"larga-vida-canker","status":"publish","type":"post","link":"https:\/\/blogs.larioja.com\/metalpesado\/larga-vida-canker\/","title":{"rendered":"\u00a1LARGA VIDA A CANKER!"},"content":{"rendered":"<p><img loading=\"lazy\" class=\"imgcen\" src=\"\/\/a716.ac-images.myspacecdn.com\/images01\/56\/l_6b31426a61dbc9e838dde55222b23a1b.jpg\" id=\"img_0\" height=\"904\" width=\"528\"\/><br \/>\nPor carpichos del destino los caminos de los granadinos <a href=\"http:\/\/profile.myspace.com\/index.cfm?fuseaction=user.viewprofile&#038;friendid=11929492\" title=\"http:\/\/profile.myspace.com\/index.cfm?fuseaction=user.viewprofile&#038;friendid=11929492\" id=\"link_0\">Canker <\/a> y los riojanos <a href=\"http:\/\/www.myspace.com\/losbarralibre\" title=\"http:\/\/www.myspace.com\/losbarralibre\" id=\"link_1\">Barra Libre<\/a>  nunca se cruzaron sobre los escenarios aunque sus respectivos managers, por el contario, s\u00ed que mantuvieron ese contacto. El manager Juan Uribe ( Canker ) les pas\u00f3 la maqueta &#8220;Vida perdida&#8221; de los Barra y a partir de ah\u00ed la admiraci\u00f3n entre las dos bandas fue mutua y es que Barra Libre hac\u00eda ya tiempo se hab\u00edan declarado fans incondicionales de los granadinos.  <\/p>\n<p>A pesar de que nunca compartieron cartel, el deseo de haber pisado el mismo escenario me lleva hoy, bastantes a\u00f1os despu\u00e9s de aquel maravilloso 1994, a escribir este art\u00edculo reclamando la atenci\u00f3n de propios y extra\u00f1os hacia esta gran banda a la que desafortunadamente y como leereis a continuaci\u00f3n, la suerte le di\u00f3 la espalda. <\/p>\n<p>En la actualidad est\u00e1n de nuevo en activo. \u00bfLos veremos alguna vez por tierras riojanas?. Promotores, \u00a1hagan algo al respecto!<\/p>\n<p><img loading=\"lazy\" class=\"imgcen\" src=\"\/\/a73.ac-images.myspacecdn.com\/images01\/43\/l_1f2505441b3f85f4530235e9c1d02880.jpg\" id=\"img_1\" height=\"397\" width=\"528\"\/><\/p>\n<p>&#8221; Canker nace en Octubre del a\u00f1o 1990 fruto de la uni\u00f3n entre componentes de las bandas granadinas Apocalipsis y Death Noise. En esos momentos la formaci\u00f3n de la banda la componen: Miguel Robles a la bater\u00eda, Paco Clemot a la guitarra, Juan miguel (Indio) al bajo y Miguel Hern\u00e1ndez a la guitarra y la voz. La primera actuaci\u00f3n de Canker tuvo lugar en C\u00fallar, una poblaci\u00f3n cercana a Granada, en la discoteca Europa. Hubo mucha expectaci\u00f3n y el lleno fue total en una noche redonda en la que la banda demostr\u00f3 su poder\u00edo en directo. Las ganancias de este concierto sirvieron para que Canker se metieran en el estudio de los hermanos S\u00e1nchez, en Peligros, para grabar su primera maqueta, titulada como el mismo nombre del grupo. Esta primera grabaci\u00f3n inclu\u00eda cinco temas demoledores y brutales: Opusdeath, Evil Attack, Hardcore, Torture y Physical. Varios de estos temas se incluir\u00edan en los siguientes trabajos de la banda. La maqueta se edit\u00f3 a principios del a\u00f1o 91, lleg\u00e1ndose a vender cerca de las 2000 copias y todo gracias a la labor y el tes\u00f3n de Juan Uribe, amigo y mentor de la banda en esos momentos. A continuaci\u00f3n Paco Clemot (guitarra) abandona la banda e incorporan a un antiguo componente: Ram\u00f3n Astorga.<\/p>\n<p><img loading=\"lazy\" class=\"imgcen\" src=\"\/\/a273.ac-images.myspacecdn.com\/images01\/25\/l_41f5a1f491db03200b6b0b75b12eb928.jpg\" id=\"img_2\" height=\"685\" width=\"499\"\/><br \/>\nEn marzo de 1992 Canker participan en el Villa de Bilbao consiguiendo el primer puesto. Como consecuencia, vuelven a Bilbao para actuar junto a Su Ta Gar y The Gun en el palacio de deportes La Casilla y la compa\u00f1\u00eda Romiral D ofrece un contrato discogr\u00e1fico a la banda. Con parte del acc\u00e9sit que recibe Canker de cuenta de la organizaci\u00f3n del Villa de Bilbao, se pudo contar con la colaboraci\u00f3n en las tareas de producci\u00f3n de Colin Richardson: (Bolth Thrower, Napalm Death, Fear Factory, etc.). En junio del 93 Canker entran en el estudio para grabar lo que ser\u00eda su primer CD, &#8220;Physical&#8221;. Durante dos semanas y con un horario m\u00e1s que apretado, se pudieron grabar los 10 cortes de los que consta el \u00e1lbum. Las mezclas se tuvieron que hacer en los estudios Sun Light de Estocolmo (Suecia), a manos del productor Thomas Scorberg. En Septiembre de ese mismo a\u00f1o, &#8220;Physical&#8221; ve la luz con una respuesta del p\u00fablico muy buena. En los dos primeros meses se vendieron 2000 copias y a los 6 meses iban las 6000. En los meses posteriores Canker actuar\u00edan en varios festivales, como el Esp\u00e1rrago junto a Toy Dolls, La Polla Records y Legi\u00f3n, y conciertos por cuenta propia. En marzo del 94 realizar\u00edan una gira con Su Ta Gar, que comprend\u00edan ciudades tanto de Andaluc\u00eda, como del Pa\u00eds Vasco tambi\u00e9n. Incluyendo una en el sur de Francia, concretamente en Arruta, cerca de Ly\u00f3n. Esta es la \u00fanica vez que Canker cruzan nuestras fronteras, hasta el momento.<\/p>\n<p><img loading=\"lazy\" src=\"\/\/a799.ac-images.myspacecdn.com\/images01\/121\/l_89ee2b2e9a5499653181e129b5ca53c6.jpg\" id=\"img_3\" height=\"702\" width=\"511\"\/><\/p>\n<p>Mientras tanto las relaciones entre el manager y la banda se van alejando hasta convertirse en una ruptura definitiva. Es entonces cuando comienzan los verdaderos problemas en Canker. Conocen a un individuo de una productora de Granada con el que grabar\u00edan su segundo y casi desconocido CD: &#8220;Exquisites Tenderness&#8221;. La grabaci\u00f3n del \u00e1lbum se llev\u00f3 a cabo en los estudios Producciones Peligrosas, situado en la localidad de Peligros y dur\u00f3 mes y medio. La producci\u00f3n corri\u00f3 a cargo de Jos\u00e9 S\u00e1nchez, as\u00ed como la mezcla y la masterizaci\u00f3n. El sonido que se consigui\u00f3 junto a la calidad t\u00e9cnica y compositiva de los temas hace de este segundo CD una obra brutal y llena de variedad en ritmos y estilos. Por desgracia el sujeto que llevaba los asuntos de Canker en realidad no hac\u00eda nada. Tan s\u00f3lo se distribuy\u00f3 el disco en tiendas Tipo y en las ya desaparecidas de Donosti Rock. Del primer tema de este CD &#8220;Carrion&#8221;, se hizo un video clip, el cual tuvo una presentaci\u00f3n y tan solo una emisi\u00f3n en un programa del Canal Sur. La promoci\u00f3n en general del \u00e1lbum fue pr\u00e1cticamente nula y el trabajo de este individuo inexistente.<\/p>\n<p><img loading=\"lazy\" class=\"imgcen\" src=\"\/\/a629.ac-images.myspacecdn.com\/images01\/69\/l_2dc0979adc5747f73d54f6805d6fd04c.jpg\" id=\"img_4\" height=\"343\" width=\"457\"\/><\/p>\n<p>Desde ese momento las actuaciones de Canker fueron contadas. \u00danicamente destacar las de Vigo junto a Kreator, Dimmu Borgir y Krisium, la del Doctor Music, en los pirineos y la del festival Barbarian Rock en Jerez. Estas \u00faltimas fueron grandes actuaciones de Canker en las que demostraron quienes son. A partir de ah\u00ed surgi\u00f3 la desilusi\u00f3n entre los componentes de la banda, los cuales tomaron caminos diferentes. Eduardo (bater\u00eda) se marcha con una orquesta, Juan Miguel (bajo) no se une a ninguna banda. Ram\u00f3n (guitarra) entra en un grupo de rock y Miguel Hern\u00e1ndez entra como teclista de la banda granadina Azrael. Actualmente Miguel Hern\u00e1ndez est\u00e1 intentando recuperar a Canker de nuevo. En 2005 grabaron un nuevo disco titulado &#8220;Earthqueake&#8221; y que por el momento todav\u00eda no ha sido editado. Por lo pronto ha incorporado a la banda a Ra\u00fal (bater\u00eda) del grupo granadino Esfinge y en estos momentos tratan de encontrar a un bajista para comenzar a trabajar de nuevo y seguir ofreci\u00e9ndonos lo mejor de una de las bandas de metal mas importantes en nuestro pa\u00eds. &#8221;<\/p>\n<p>Aqu\u00ed os dejo su \u00faltimo video clip <em>&#8220;Layla Island&#8221; <\/em>de su \u00faltimo trabajo <em>Earthquake<\/em>: <\/p>\n<p><center><object height=\"344\" width=\"425\"><param name=\"movie\" value=\"http:\/\/www.youtube.com\/v\/csKMVCVvN0g&#038;color1=11645361&#038;color2=13619151&#038;hl=en&#038;fs=1\"\/><param name=\"wmode\" value=\"transparent\"\/><param name=\"allowFullScreen\" value=\"true\"\/><embed src=\"\/\/www.youtube.com\/v\/csKMVCVvN0g&#038;color1=11645361&#038;color2=13619151&#038;hl=en&#038;fs=1\" type=\"application\/x-shockwave-flash\" allowfullscreen=\"true\" wmode=\"transparent\" height=\"344\" width=\"425\"\/><\/object><\/center><\/p>\n","protected":false},"excerpt":{"rendered":"<p>Por carpichos del destino los caminos de los granadinos Canker y los riojanos Barra Libre nunca se cruzaron sobre los escenarios aunque sus respectivos managers, por el contario, s\u00ed que mantuvieron ese contacto. El manager Juan Uribe ( Canker ) les pas\u00f3 la maqueta &#8220;Vida perdida&#8221; de los Barra y a partir de ah\u00ed la [&hellip;]<\/p>\n","protected":false},"author":12,"featured_media":0,"comment_status":"open","ping_status":"closed","sticky":false,"template":"","format":"standard","meta":[],"categories":[4],"tags":[],"_links":{"self":[{"href":"https:\/\/blogs.larioja.com\/metalpesado\/wp-json\/wp\/v2\/posts\/63"}],"collection":[{"href":"https:\/\/blogs.larioja.com\/metalpesado\/wp-json\/wp\/v2\/posts"}],"about":[{"href":"https:\/\/blogs.larioja.com\/metalpesado\/wp-json\/wp\/v2\/types\/post"}],"author":[{"embeddable":true,"href":"https:\/\/blogs.larioja.com\/metalpesado\/wp-json\/wp\/v2\/users\/12"}],"replies":[{"embeddable":true,"href":"https:\/\/blogs.larioja.com\/metalpesado\/wp-json\/wp\/v2\/comments?post=63"}],"version-history":[{"count":1,"href":"https:\/\/blogs.larioja.com\/metalpesado\/wp-json\/wp\/v2\/posts\/63\/revisions"}],"predecessor-version":[{"id":3782,"href":"https:\/\/blogs.larioja.com\/metalpesado\/wp-json\/wp\/v2\/posts\/63\/revisions\/3782"}],"wp:attachment":[{"href":"https:\/\/blogs.larioja.com\/metalpesado\/wp-json\/wp\/v2\/media?parent=63"}],"wp:term":[{"taxonomy":"category","embeddable":true,"href":"https:\/\/blogs.larioja.com\/metalpesado\/wp-json\/wp\/v2\/categories?post=63"},{"taxonomy":"post_tag","embeddable":true,"href":"https:\/\/blogs.larioja.com\/metalpesado\/wp-json\/wp\/v2\/tags?post=63"}],"curies":[{"name":"wp","href":"https:\/\/api.w.org\/{rel}","templated":true}]}}