{"id":67,"date":"2008-08-26T17:06:49","date_gmt":"2008-08-26T17:06:49","guid":{"rendered":"http:\/\/blogs.larioja.com\/metalpesado\/?p=67"},"modified":"2025-09-10T17:39:12","modified_gmt":"2025-09-10T15:39:12","slug":"el-sueno-se-convirtio-realidad","status":"publish","type":"post","link":"https:\/\/blogs.larioja.com\/metalpesado\/el-sueno-se-convirtio-realidad\/","title":{"rendered":"EL SUE\u00d1O QUE SE CONVIRTI\u00d3 EN REALIDAD."},"content":{"rendered":"<p class=\"MsoNormal\" style=\"margin: 0cm 0cm 0pt; text-align: justify;\"><span class=\"postbody1\"><span style=\"font-size: 9pt; font-family: Verdana;\">Las \u00faltimas noticias procedentes del grupo alfarero <a id=\"link_0\" title=\"www.infamiametal.com \" href=\"http:\/\/blogs.larioja.com\/trunk\/www.infamiametal.com\">INFAMIA<\/a> nos dejan un dulce sabor de boca mientras esperamos la inminente salida de su nuevo pl\u00e1stico bajo la discogr\u00e1fica Triple A-Metal :<\/span><\/span><\/p>\n<p class=\"MsoNormal\" style=\"margin: 0cm 0cm 0pt; text-align: justify;\"><span class=\"postbody1\"><span style=\"font-size: 9pt; font-family: Verdana;\">\u201dProximamente tendreis en las tiendas el nuevo cd de Infamia titulado &#8216;Sue\u00f1o o realidad&#8217; compuesto por 10 temas y colaboraciones muy importantes como Victor Garcia (WarCry) y Manuel Ramil (Sauze). Como adelanto os dejamos ver la portada dise\u00f1ada por Daniel Alonso que ha hecho dise\u00f1os para grupos de la talla de Warcry, Centinela, Sauze y un largo etc&#8230; <\/span><\/span><span style=\"font-size: 9pt; font-family: Verdana;\"><span class=\"postbody1\">Pronto tendreis mas noticias de este esperado cd.\u201d<\/span><\/span><\/p>\n<p> <span style=\"font-size: 9pt; font-family: Verdana;\"><span class=\"postbody1\"><\/span><\/span> <\/p>\n<p> Aqu\u00ed abajo los Infamia junto a V\u00edctor Garc\u00eda ( 1\u00ba izqda sup. ) y Alberto Ardines ( 1\u00ba dcha infer.) en el estudio de grabaci\u00f3n.<\/p>\n<p class=\"MsoNormal\" style=\"margin: 0cm 0cm 0pt; text-align: justify;\"><span style=\"font-size: 9pt; font-family: Verdana;\"><span class=\"postbody1\"><\/span><\/span><\/p>\n<p class=\"MsoNormal\" style=\"margin: 0cm 0cm 0pt; text-align: justify;\"><span style=\"font-size: 9pt; font-family: Verdana;\"><span class=\"postbody1\"><\/span><\/span><img loading=\"lazy\" class=\"imgcen\" id=\"img_3\" style=\"width: 546px; height: 411px;\" src=\"\/\/img247.imageshack.us\/img247\/8421\/l7342103df947032960fea0zr6.jpg\" height=\"433\" width=\"576\"\/><\/p>\n<p class=\"MsoNormal\" style=\"margin: 0cm 0cm 0pt; text-align: justify;\"><span style=\"font-size: 9pt; font-family: Verdana;\"><span class=\"postbody1\"><\/span><\/span><\/p>\n<p class=\"MsoNormal\" style=\"margin: 0cm 0cm 0pt; text-align: justify;\"><span style=\"font-size: 9pt; font-family: Verdana;\"><span class=\"postbody1\"><\/span><\/span><\/p>\n","protected":false},"excerpt":{"rendered":"<p>Las \u00faltimas noticias procedentes del grupo alfarero INFAMIA nos dejan un dulce sabor de boca mientras esperamos la inminente salida de su nuevo pl\u00e1stico bajo la discogr\u00e1fica Triple A-Metal : \u201dProximamente tendreis en las tiendas el nuevo cd de Infamia titulado &#8216;Sue\u00f1o o realidad&#8217; compuesto por 10 temas y colaboraciones muy importantes como Victor Garcia [&hellip;]<\/p>\n","protected":false},"author":12,"featured_media":0,"comment_status":"open","ping_status":"closed","sticky":false,"template":"","format":"standard","meta":[],"categories":[4],"tags":[],"_links":{"self":[{"href":"https:\/\/blogs.larioja.com\/metalpesado\/wp-json\/wp\/v2\/posts\/67"}],"collection":[{"href":"https:\/\/blogs.larioja.com\/metalpesado\/wp-json\/wp\/v2\/posts"}],"about":[{"href":"https:\/\/blogs.larioja.com\/metalpesado\/wp-json\/wp\/v2\/types\/post"}],"author":[{"embeddable":true,"href":"https:\/\/blogs.larioja.com\/metalpesado\/wp-json\/wp\/v2\/users\/12"}],"replies":[{"embeddable":true,"href":"https:\/\/blogs.larioja.com\/metalpesado\/wp-json\/wp\/v2\/comments?post=67"}],"version-history":[{"count":1,"href":"https:\/\/blogs.larioja.com\/metalpesado\/wp-json\/wp\/v2\/posts\/67\/revisions"}],"predecessor-version":[{"id":3778,"href":"https:\/\/blogs.larioja.com\/metalpesado\/wp-json\/wp\/v2\/posts\/67\/revisions\/3778"}],"wp:attachment":[{"href":"https:\/\/blogs.larioja.com\/metalpesado\/wp-json\/wp\/v2\/media?parent=67"}],"wp:term":[{"taxonomy":"category","embeddable":true,"href":"https:\/\/blogs.larioja.com\/metalpesado\/wp-json\/wp\/v2\/categories?post=67"},{"taxonomy":"post_tag","embeddable":true,"href":"https:\/\/blogs.larioja.com\/metalpesado\/wp-json\/wp\/v2\/tags?post=67"}],"curies":[{"name":"wp","href":"https:\/\/api.w.org\/{rel}","templated":true}]}}