{"id":71,"date":"2008-09-02T09:53:35","date_gmt":"2008-09-02T09:53:35","guid":{"rendered":"http:\/\/blogs.larioja.com\/metalpesado\/?p=71"},"modified":"2025-09-10T17:39:11","modified_gmt":"2025-09-10T15:39:11","slug":"negro-carmin-listas-el-asalto","status":"publish","type":"post","link":"https:\/\/blogs.larioja.com\/metalpesado\/negro-carmin-listas-el-asalto\/","title":{"rendered":"NEGRO CARMIN. \u00a1LISTAS PARA EL ASALTO!"},"content":{"rendered":"<p><img class=imgcen id=img_0 style=\"WIDTH: 552px; HEIGHT: 215px\" height=268 src=\"\/\/img515.imageshack.us\/img515\/5596\/zmk2mn1ymh7.jpg\" width=574\/><\/p>\n<p>A las riojanas <a id=link_1 title=http:\/\/www.myspace.com\/negrocarmin href=\"http:\/\/www.myspace.com\/negrocarmin\">NEGRO CARM\u00cdN<\/a> no hay quien las pare. Unos pocos dias despu\u00e9s de llevarse el premio del p\u00fablico en el certamen Concert Ebro 2008, acaban de ser proclamadas el grupo femenino m\u00e1s votado de la web <a id=link_0 title=http:\/\/mujeresdelrock.nireblog.com\/ href=\"http:\/\/mujeresdelrock.nireblog.com\/\">MUJERES DEL ROCK<\/a>. Es por ello que me hago eco aqu\u00ed y reproduzco sus declaraciones a dicha web en una interesante entrevista realizada a M\u00aaCarmen, su bajista : <\/p>\n<p><font size=3><\/font><font face=\"Times New Roman\"><\/font><font face=\"Times New Roman\" size=3><\/font><font face=\"Times New Roman\" size=3><\/font><font face=\"Times New Roman\" size=3><\/font><font size=3><\/font><font face=\"Times New Roman\"><\/font><font face=\"Times New Roman\" size=3><\/font><font face=\"Times New Roman\" size=3><\/font><font face=\"Times New Roman\" size=3><\/font><font size=3><\/font><font face=\"Times New Roman\"><\/font><font face=\"Times New Roman\" size=3><\/font><font size=3><\/font><font face=\"Times New Roman\"><\/font><font face=\"Times New Roman\" size=3><\/font><font size=3><\/font><font face=\"Times New Roman\"><\/font><font face=\"Times New Roman\" size=3><\/font><font face=\"Times New Roman\" size=3><\/font><font face=\"Times New Roman\" size=3><\/font><font face=\"Times New Roman\" size=3><\/font><font size=3><\/font><font face=\"Times New Roman\"><\/font><font face=\"Times New Roman\" size=3><\/font><font face=\"Times New Roman\" size=3><\/font><font face=\"Times New Roman\" size=3><\/font><font size=3><\/font><font face=\"Times New Roman\"><\/font><font face=\"Times New Roman\" size=3><\/font><font face=\"Times New Roman\" size=3><\/font><font face=\"Times New Roman\" size=3><\/font><font size=3><\/font><font face=\"Times New Roman\"><\/font><font face=\"Times New Roman\" size=3><\/font><font face=\"Times New Roman\" size=3><\/font><font face=\"Times New Roman\" size=3><\/font><font size=3><\/font><font face=\"Times New Roman\"><\/font><font face=\"Times New Roman\" size=3><\/font><font face=\"Times New Roman\" size=3><\/font><font face=\"Times New Roman\" size=3><\/font><font size=3><\/font><font face=\"Times New Roman\"><\/font><font face=\"Times New Roman\" size=3><\/font><font face=\"Times New Roman\" size=3><\/font><font face=\"Times New Roman\" size=3><\/font><font size=3><\/font><font face=\"Times New Roman\"><\/font><font face=\"Times New Roman\" size=3><\/font><font face=\"Times New Roman\" size=3><\/font><font face=\"Times New Roman\" size=3><\/font><font size=3><\/font><font face=\"Times New Roman\"><\/font><font face=\"Times New Roman\" size=3><\/font><font face=\"Times New Roman\" size=3><\/font><font face=\"Times New Roman\" size=3><\/font><font size=3><\/font><font face=\"Times New Roman\"><\/font><font face=\"Times New Roman\" size=3><\/font><font face=\"Times New Roman\" size=3><\/font><font face=\"Times New Roman\" size=3><\/font><font size=3><\/font><font face=\"Times New Roman\"><\/font><font face=\"Times New Roman\" size=3><\/font><font face=\"Times New Roman\" size=3><\/font><font face=\"Times New Roman\" size=3><\/font><font size=3><\/font><font face=\"Times New Roman\"><\/font><font face=\"Times New Roman\" size=3><\/font><font face=\"Times New Roman\" size=3><\/font><font face=\"Times New Roman\" size=3><\/font><font size=3><\/font><font face=\"Times New Roman\"><\/font><font face=\"Times New Roman\" size=3><\/font><font face=\"Times New Roman\" size=3><\/font><font face=\"Times New Roman\" size=3><\/font><font face=\"Times New Roman\" size=3><\/font><font face=\"Times New Roman\" size=3><\/font><font face=\"Times New Roman\" size=3><\/font><font size=3><\/font><font face=\"Times New Roman\"><\/font><font face=\"Times New Roman\" size=3><\/font><font face=\"Times New Roman\" size=3> <\/p>\n<p class=MsoNormal style=\"MARGIN: 0cm 0cm 0pt; TEXT-ALIGN: justify\"><strong>&#8220;Contadnos como se os ocurre el nombre de Negro Carm\u00edn < ?xml:namespace prefix = o ns = \"urn:schemas-microsoft-com:office:office\" \/><o:p><\/o:p><\/strong><\/p>\n<p><o:p><\/o:p> <\/p>\n<p class=MsoNormal style=\"MARGIN: 0cm 0cm 0pt; TEXT-ALIGN: justify\"><span style=\"mso-bidi-font-weight: bold\"><o:p><\/o:p>El nombre de Negro Carm\u00edn es invenci\u00f3n de mi pareja que tambi\u00e9n es m\u00fasico y pens\u00f3 que era un buen juego de palabras; lo m\u00e1s normal hubiera sido pensar en la composici\u00f3n \u201cRojo Carm\u00edn\u201d pero \u00e9l propuso Negro Carm\u00edn, pues el negro har\u00eda referencia a nuestro estilo musical y el carm\u00edn recordar\u00eda que somos un conjunto femenino.<o:p><\/o:p><\/span><\/p>\n<p class=MsoNormal style=\"MARGIN: 0cm 0cm 0pt; TEXT-ALIGN: justify\"><span style=\"mso-bidi-font-weight: bold\"><o:p> <\/o:p><\/span><\/p>\n<p class=MsoNormal style=\"MARGIN: 0cm 0cm 0pt; TEXT-ALIGN: justify\"><o:p><\/o:p><strong>Como surgi\u00f3 < ?xml:namespace prefix = st1 ns = \"urn:schemas-microsoft-com:office:smarttags\" \/><st1:personname productid=\"LA IDEA DE FORMAR\" u1:st=\"on\">la idea de formar<\/st1:personname> un grupo formado totalmente por mujeres.<o:p><\/o:p><\/strong><\/p>\n<p><o:p><\/o:p> <\/p>\n<p class=MsoNormal style=\"MARGIN: 0cm 0cm 0pt; TEXT-ALIGN: justify\"><o:p><span style=\"mso-bidi-font-weight: bold\"><\/span><\/o:p>Marta Beceiro y yo nos conocimos porque nuestras parejas estaban en el mismo grupo. Y fue durante una de sus actuaciones cuando pensamos en hacer una banda formada exclusivamente por chicas; y dicho y hecho, nos pusimos manos a la obra para encontrar componentes para nuestro proyecto. Hay que decir que la b\u00fasqueda fue muy dif\u00edcil pues nuestra Comunidad Aut\u00f3noma es muy peque\u00f1a con lo que encontrar chicas m\u00fasicas que quisieran tocar Metal era casi imposible\u2026pero aqu\u00ed estamos.<o:p><\/o:p><\/p>\n<p class=MsoNormal style=\"MARGIN: 0cm 0cm 0pt; TEXT-ALIGN: justify\"><span style=\"mso-bidi-font-weight: bold\"><o:p> <\/o:p><\/span><\/p>\n<p class=MsoNormal style=\"MARGIN: 0cm 0cm 0pt; TEXT-ALIGN: justify\"><o:p><\/o:p><strong>Hemos visto que cada una de vosotras os defin\u00eds de una forma muy personal al estar compuesto por, Marta BeIcero &#8211; baterista Rock-progresiva, M\u00aaCarmen Tortosa &#8211; bajista rockera, Ruth Arriero &#8211; cantautora, pero cual de las dos guitarristas es Punk o Heavy Metalera, Laura Lucas o Andrea Morgado.<o:p><\/o:p><\/strong><\/p>\n<p><o:p><\/o:p> <\/p>\n<p class=MsoNormal style=\"MARGIN: 0cm 0cm 0pt; TEXT-ALIGN: justify\"><o:p><span style=\"mso-bidi-font-weight: bold\"><\/span><\/o:p>La verdad es que cada una de nosotras tenemos unos gustos muy marcados y a la vez diferenciados de los de las dem\u00e1s. El caso que m\u00e1s llama la atenci\u00f3n es <st1:personname w:st=\"on\" ProductID=\"el de\"><\/st1:personname><st1:personname productid=\"el de\" u1:st=\"on\">el de<\/st1:personname> Ruth Arriero (cantante) ya que viene de un mundo en cierto modo muy alejado del rock como es <st1:personname w:st=\"on\" ProductID=\"el de\"><\/st1:personname><st1:personname productid=\"el de\" u1:st=\"on\">el de<\/st1:personname> los cantautores y es la que m\u00e1s ha tenido que luchar por adaptarse al resto, pero es precisamente la diversidad de gustos de todas nosotras uno de los factores que m\u00e1s especial hace a Negro Carm\u00edn. Respondiendo a vuestra curiosidad aclaro que Laura Lucas es <st1:personname w:st=\"on\" ProductID=\"la guitarrista Punk\"><\/st1:personname><st1:personname productid=\"la guitarrista Punk\" u1:st=\"on\">la guitarrista Punk<\/st1:personname> y Andrea Morgado <st1:personname w:st=\"on\" ProductID=\"la guitarrista Heavy Metalera.\"><\/st1:personname><st1:personname productid=\"la guitarrista Heavy Metalera.\" u1:st=\"on\">la guitarrista Heavy Metalera.<\/st1:personname><o:p><\/o:p><\/p>\n<p class=MsoNormal style=\"MARGIN: 0cm 0cm 0pt; TEXT-ALIGN: justify\"><span style=\"mso-bidi-font-weight: bold\"><o:p> <\/o:p><\/span><\/p>\n<p class=MsoNormal style=\"MARGIN: 0cm 0cm 0pt; TEXT-ALIGN: justify\"><o:p><\/o:p><strong>Tenemos entendido que todas hab\u00e9is salido del conservatorio de m\u00fasica, imaginamos que eso facilita las cosas a <st1:personname productid=\"LA HORA DE COMPONER\" u1:st=\"on\">la hora de componer<\/st1:personname>, pero el porque el componer en espa\u00f1ol, no os plante\u00e1is alg\u00fan tema en ingl\u00e9s.<o:p><\/o:p><\/strong><\/p>\n<p><o:p><\/o:p> <\/p>\n<p class=MsoNormal style=\"MARGIN: 0cm 0cm 0pt; TEXT-ALIGN: justify\"><o:p><span style=\"mso-bidi-font-weight: bold\"><\/span><\/o:p>Lo cierto es que la \u00fanica que ven\u00eda de conservatorio era Marta Beceiro. Las dem\u00e1s desarroll\u00e1bamos nuestros conocimientos musicales en academias de m\u00fasica.<o:p><\/o:p><\/p>\n<p class=MsoNormal style=\"MARGIN: 0cm 0cm 0pt; TEXT-ALIGN: justify\"><span style=\"mso-bidi-font-weight: bold\">Componemos en castellano porque nuestras letras son muy comprometidas, est\u00e1n cargadas de mensajes muy directos que queremos que todo el mundo entienda.<o:p><\/o:p><\/span><\/p>\n<p class=MsoNormal style=\"MARGIN: 0cm 0cm 0pt; TEXT-ALIGN: justify\"><span style=\"mso-bidi-font-weight: bold\"><o:p> <\/o:p><\/span><\/p>\n<p class=MsoNormal style=\"MARGIN: 0cm 0cm 0pt; TEXT-ALIGN: justify\"><o:p><\/o:p><strong>\u00bfQue quer\u00e9is transmitir con vuestras letras?<o:p><\/o:p><\/strong><\/p>\n<p><o:p><\/o:p> <\/p>\n<p class=MsoNormal style=\"MARGIN: 0cm 0cm 0pt; TEXT-ALIGN: justify\"><o:p><span style=\"mso-bidi-font-weight: bold\"><\/span><\/o:p>Principalmente queremos denunciar las injusticias que a nuestro parecer se siguen produciendo en el mundo sin que la mayor\u00eda de las personas hagan nada por combatirlas; nos gustar\u00eda que nuestras letras sirvieran de concienciaci\u00f3n social.<o:p><\/o:p><\/p>\n<p class=MsoNormal style=\"MARGIN: 0cm 0cm 0pt; TEXT-ALIGN: justify\"><span style=\"mso-bidi-font-weight: bold\"><o:p> <\/o:p><\/span><\/p>\n<p class=MsoNormal style=\"MARGIN: 0cm 0cm 0pt; TEXT-ALIGN: justify\"><o:p><\/o:p><strong>A nosotros particularmente de los cinco temas que hemos podido o\u00edr en vuestro espacio, nos quedamos en especial con vuestro tema \u201cSin Ti\u201d contad a los lectores de que tratan los temas.<o:p><\/o:p><\/strong><\/p>\n<p><o:p><\/o:p> <\/p>\n<p class=MsoNormal style=\"MARGIN: 0cm 0cm 0pt; TEXT-ALIGN: justify\"><o:p><span style=\"mso-bidi-font-weight: bold\"><\/span><\/o:p>El primer tema que compusimos recibe el nombre de \u201cEsplendor\u201d el cual habla de injusticias como la guerra o la fiesta nacional taurina, con la que muchos disfrutan <st1:personname w:st=\"on\" ProductID=\"y de\"><\/st1:personname><st1:personname productid=\"y de\" u1:st=\"on\">y de<\/st1:personname> la que se atreven a afirman que no es un maltrato animal\u2026 Cuando decimos esplendor es una forma ir\u00f3nica de reflejar todo lo injusto que hay en el mundo. Otro tema es \u201cNegro Carm\u00edn\u201d que habla de la mujer fatal que podr\u00eda haber en cada una de las componentes de <st1:personname w:st=\"on\" ProductID=\"la banda. En\"><\/st1:personname><st1:personname productid=\"la banda. En\" u1:st=\"on\">la banda. En<\/st1:personname> tercer lugar \u201cEstrellas de papel\u201d es por un lado una cr\u00edtica a todas esas personas que se entretienen entrometi\u00e9ndose en la vida de los dem\u00e1s y por otro una denuncia de la manipulaci\u00f3n de la informaci\u00f3n por parte de algunos medios de comunicaci\u00f3n. En la balada \u201c\u00c1lzate\u201d contamos la historia de una persona que empieza a rendirse, que no tiene ganas de vivir, sentimiento agravado por sus problemas con el alcohol\u2026 pero abri\u00e9ndole una puerta a <st1:personname w:st=\"on\" ProductID=\"la esperanza. Otro\"><\/st1:personname><st1:personname productid=\"la esperanza. Otro\" u1:st=\"on\">la esperanza. Otro<\/st1:personname> tema titulado \u201cElla me Puede\u201d habla de c\u00f3mo nos sentimos con la m\u00fasica, de que la m\u00fasica es algo que nos transporta a lugares de ensue\u00f1o y que no podemos deshacernos de ella pues siempre est\u00e1 en nuestro pensamiento\u2026 y es que nos puede. \u201cMar Hambriento\u201d trata de un tema muy presente en la actualidad como es <st1:personname w:st=\"on\" ProductID=\"la inmigraci\u00f3n. En\"><\/st1:personname><st1:personname productid=\"la inmigraci\u00f3n. En\" u1:st=\"on\">la inmigraci\u00f3n. En<\/st1:personname> esta canci\u00f3n contamos la tragedia de un inmigrante que abandona su familia, su vida\u2026 para conseguir un futuro mejor para \u00e9l y los suyos. Por el camino la adversidad est\u00e1 presente, compa\u00f1eros de \u201cviaje\u201d que mueren y el pensamiento de si llegara con vida siempre presente. Cuando por fin llega se encuentra con que la realidad es totalmente distinta a <st1:personname w:st=\"on\" ProductID=\"la so\u00f1ada. No\"><\/st1:personname><st1:personname productid=\"la so\u00f1ada. No\" u1:st=\"on\">la so\u00f1ada. No<\/st1:personname> tiene opci\u00f3n a trabajar, a conseguir papeles, tiene que sufrir los desprecios y el racismo d\u00eda a d\u00eda\u2026 \u201cSin T\u00ed\u201d es nuestra \u00faltima composici\u00f3n, una ficci\u00f3n desgraciadamente cercana a la realidad, un relato de una mujer maltratada por su pareja que, como desear\u00edamos que sucediera siempre, finalmente rompe con su triste existir en busca de la felicidad.<o:p><\/o:p><\/p>\n<p class=MsoNormal style=\"MARGIN: 0cm 0cm 0pt; TEXT-ALIGN: justify\"><span style=\"mso-bidi-font-weight: bold\"><o:p> <\/o:p><\/span><\/p>\n<p class=MsoNormal style=\"MARGIN: 0cm 0cm 0pt; TEXT-ALIGN: justify\"><o:p><\/o:p><strong>\u00bfCu\u00e1l es vuestro tema favorito de los que podemos o\u00edr?<o:p><\/o:p><\/strong><\/p>\n<p class=MsoNormal style=\"MARGIN: 0cm 0cm 0pt; TEXT-ALIGN: justify\"><o:p><span style=\"mso-bidi-font-weight: bold\"><\/span><\/o:p>A mi personalmente me gustan todas y creo que mis compa\u00f1eras est\u00e1n igual de orgullosas que yo de nuestros temas pero si tuviera que destacar alguno me decanto por \u201c\u00c1lzate\u201d y \u201cSin Ti\u201d.<o:p><\/o:p><\/p>\n<p class=MsoNormal style=\"MARGIN: 0cm 0cm 0pt; TEXT-ALIGN: justify\"><span style=\"mso-bidi-font-weight: bold\"><o:p> <\/o:p><\/span><\/p>\n<p class=MsoNormal style=\"MARGIN: 0cm 0cm 0pt; TEXT-ALIGN: justify\"><o:p><\/o:p><strong>Como veis esta el panorama Rockero por la zona de Logro\u00f1o?<o:p><\/o:p><\/strong><\/p>\n<p><o:p><\/o:p> <\/p>\n<p class=MsoNormal style=\"MARGIN: 0cm 0cm 0pt; TEXT-ALIGN: justify\"><o:p><span style=\"mso-bidi-font-weight: bold\"><\/span><\/o:p>Si lo comparamos con a\u00f1os anteriores podr\u00edamos decir que ha mejorado pues hay m\u00e1s grupos que nunca y parece que las instituciones se han dado cuenta de ello y est\u00e1n empezando a atender con mayor o menor fortuna algunas de nuestras demandas. A\u00fan as\u00ed queda mucho por hacer\u2026 pero bueno, podemos decir que las cosas van por buen camino.<o:p><\/o:p><\/p>\n<p class=MsoNormal style=\"MARGIN: 0cm 0cm 0pt; TEXT-ALIGN: justify\"><span style=\"mso-bidi-font-weight: bold\"><o:p> <\/o:p><\/span><\/p>\n<p class=MsoNormal style=\"MARGIN: 0cm 0cm 0pt; TEXT-ALIGN: justify\"><o:p><\/o:p><strong>Cre\u00e9is que es m\u00e1s dif\u00edcil salir adelante en el rock por ser una banda femenina.<o:p><\/o:p><\/strong><\/p>\n<p><o:p><\/o:p> <\/p>\n<p class=MsoNormal style=\"MARGIN: 0cm 0cm 0pt; TEXT-ALIGN: justify\"><o:p><span style=\"mso-bidi-font-weight: bold\"><\/span><\/o:p>No. S\u00ed es cierto que por ser mujeres tenemos que aguantar comentarios y juicios preconcebidos, pero me atrever\u00eda a decir que lo tenemos m\u00e1s f\u00e1cil pues el hecho de ser un conjunto femenino hace que se te preste m\u00e1s atenci\u00f3n\u2026 que no es poco.<o:p><\/o:p><\/p>\n<p class=MsoNormal style=\"MARGIN: 0cm 0cm 0pt; TEXT-ALIGN: justify\"><span style=\"mso-bidi-font-weight: bold\"><o:p> <\/o:p><\/span><\/p>\n<p class=MsoNormal style=\"MARGIN: 0cm 0cm 0pt; TEXT-ALIGN: justify\"><o:p><\/o:p><strong>Si tuvieseis que recomendar a otra banda de rock o con alguna componente femenina de nuestro pa\u00eds a quien har\u00edais referencia.<o:p><\/o:p><\/strong><\/p>\n<p class=MsoNormal style=\"MARGIN: 0cm 0cm 0pt; TEXT-ALIGN: justify\"><o:p><span style=\"mso-bidi-font-weight: bold\"><\/span><\/o:p>Destacar\u00eda la desgarrada y espectacular voz de Patricia Tapia, antes cantante de los desaparecidos Nexx y ahora corista de M\u00e4go de Oz. Y aunque no pertenece directamente al mundo del Rock pienso que har\u00eda un gran papel en el Heavy Metal M\u00f3nica Naranjo\u2026jeje, en serio, la voz y la fuerza de esa mujer son impresionantes.<o:p><\/o:p><\/p>\n<p class=MsoNormal style=\"MARGIN: 0cm 0cm 0pt; TEXT-ALIGN: justify\"><span style=\"mso-bidi-font-weight: bold\"><o:p> <\/o:p><\/span><\/p>\n<p class=MsoNormal style=\"MARGIN: 0cm 0cm 0pt; TEXT-ALIGN: justify\"><o:p><\/o:p><strong>Como se siente Negro Carm\u00edn al haber sido las ganadoras del premio otorgado por las votaciones de <st1:personname productid=\"LA WEB DE GRUPOSRIOJANOS.COM\" u1:st=\"on\">la Web de gruposriojanos.com<\/st1:personname> y al ver que tambi\u00e9n fuisteis el grupo m\u00e1s votado por Mujeres del Rock.<o:p><\/o:p><\/strong><\/p>\n<p><o:p><\/o:p> <\/p>\n<p class=MsoNormal style=\"MARGIN: 0cm 0cm 0pt; TEXT-ALIGN: justify\"><o:p><span style=\"mso-bidi-font-weight: bold\"><\/span><\/o:p>Uuuff\u2026pues content\u00edsimas y muy agradecidas a todas las personas que nos han votado pues supone una recompensa a nuestro esfuerzo y, al fin y al cabo, todo lo que somos o podamos llegar a ser depende en gran medida de la gente que nos apoya. Desde aqu\u00ed queremos transmitir todo nuestro agradecimiento a aquellos que nos votaron.<o:p><\/o:p><\/p>\n<p class=MsoNormal style=\"MARGIN: 0cm 0cm 0pt; TEXT-ALIGN: justify\"><span style=\"mso-bidi-font-weight: bold\"><o:p> <\/o:p><\/span><\/p>\n<p class=MsoNormal style=\"MARGIN: 0cm 0cm 0pt; TEXT-ALIGN: justify\"><o:p><\/o:p><strong>Cuantos conciertos llev\u00e1is realizados hasta el momento y vuestros planes futuros.<o:p><\/o:p><\/strong><\/p>\n<p><o:p><\/o:p> <\/p>\n<p class=MsoNormal style=\"MARGIN: 0cm 0cm 0pt; TEXT-ALIGN: justify\"><o:p><span style=\"mso-bidi-font-weight: bold\"><\/span><\/o:p>Los comienzos fueron muy dif\u00edciles y empezamos nuestra actividad en directo hace poco; tan solo hemos dado nueve conciertos pero en nuestros planes m\u00e1s inmediatos est\u00e1 el tocar much\u00edsimo m\u00e1s y la grabaci\u00f3n de un trabajo en estudio.<o:p><\/o:p><\/p>\n<p class=MsoNormal style=\"MARGIN: 0cm 0cm 0pt; TEXT-ALIGN: justify\"><span style=\"mso-bidi-font-weight: bold\"><o:p> <\/o:p><\/span><\/p>\n<p class=MsoNormal style=\"MARGIN: 0cm 0cm 0pt; TEXT-ALIGN: justify\"><o:p><\/o:p><strong>Que tal es <st1:personname productid=\"LA REACCI\u00d3N DEL P\u00daBLICO\" u1:st=\"on\">la reacci\u00f3n del p\u00fablico<\/st1:personname> cuando os ve sobre un escenario, contadnos como es un concierto de Negro Carm\u00edn.<o:p><\/o:p><\/strong><\/p>\n<p><o:p><\/o:p> <\/p>\n<p class=MsoNormal style=\"MARGIN: 0cm 0cm 0pt; TEXT-ALIGN: justify\"><o:p><span style=\"mso-bidi-font-weight: bold\"><\/span><\/o:p>La verdad es que notamos la expectaci\u00f3n de la gente e incluso podr\u00eda decir que en muchas ocasiones la incredulidad de ver a unas chicas hacer Heavy Metal puro y duro, jejeje\u2026<br \/>\nNosotras tratamos de guardar una est\u00e9tica acorde con nuestra m\u00fasica y hacemos lo posible por transmitir la energ\u00eda que sentimos al tocar nuestra m\u00fasica en directo. Hacemos alg\u00fan n\u00famero con fuego y vaya, tratamos de que todo el mundo se implique con nuestra actuaci\u00f3n y se vaya contento, seguro de haber visto un buen concierto de Rock\u2026 sin darle mayor importancia al hecho de que seamos una banda femenina.<o:p><\/o:p><\/p>\n<p class=MsoNormal style=\"MARGIN: 0cm 0cm 0pt; TEXT-ALIGN: justify\"><span style=\"mso-bidi-font-weight: bold\"><o:p> <\/o:p><\/span><\/p>\n<p class=MsoNormal style=\"MARGIN: 0cm 0cm 0pt; TEXT-ALIGN: justify\"><o:p><\/o:p><strong>Como ha sido <st1:personname productid=\"LA GRABACI\u00d3N DE LA\" u1:st=\"on\">la grabaci\u00f3n de la<\/st1:personname> versi\u00f3n de Rosendo \u201cMasculino, Singular\u201d, como os declinasteis por este tema en concreto, y cuando podremos o\u00edrlo.<o:p><\/o:p><\/strong><\/p>\n<p><o:p><\/o:p> <\/p>\n<p class=MsoNormal style=\"MARGIN: 0cm 0cm 0pt; TEXT-ALIGN: justify\"><o:p><span style=\"mso-bidi-font-weight: bold\"><\/span><\/o:p>Para ser nuestra primera grabaci\u00f3n en estudio la cosa no pudo ser mejor, no nos traicionaron los nervios y lo hicimos todo en tiempo record; a\u00fan no hemos escuchado el resultado final pero estamos muy orgullosas de nuestro trabajo, hemos hecho una versi\u00f3n muy Heavy, totalmente distinta a <st1:personname w:st=\"on\" ProductID=\"la original. El\"><\/st1:personname><st1:personname productid=\"la original. El\" u1:st=\"on\">la original. El<\/st1:personname> tema nos fue asignado por sorteo y quiz\u00e1 salga a la luz a finales de a\u00f1o pues forma parte del homenaje a Rosendo organizado por el Ayuntamiento de Logro\u00f1o y a\u00fan faltan por grabar varios grupos locales adem\u00e1s de ultimar la maquetaci\u00f3n del CD y la preparaci\u00f3n de un DVD del \u201cmaking of\u201d. Tenemos muchas ganas de que salga y poder compartirlo con vosotros.<o:p><\/o:p><\/p>\n<p class=MsoNormal style=\"MARGIN: 0cm 0cm 0pt; TEXT-ALIGN: justify\"><span style=\"mso-bidi-font-weight: bold\"><o:p> <\/o:p><\/span><\/p>\n<p class=MsoNormal style=\"MARGIN: 0cm 0cm 0pt; TEXT-ALIGN: justify\"><o:p><\/o:p><strong>Donde podemos encontrar a Negro Carm\u00edn, para que <st1:personname productid=\"LA GENTE PUEDA ACCEDER\" u1:st=\"on\">la gente pueda acceder<\/st1:personname> al grupo.<o:p><\/o:p><\/strong><\/p>\n<p><o:p><\/o:p> <\/p>\n<p class=MsoNormal style=\"MARGIN: 0cm 0cm 0pt; TEXT-ALIGN: justify\"><o:p><span style=\"mso-bidi-font-weight: bold\"><\/span><\/o:p>Para que todas las personas puedan acceder o contactar con nosotras pueden hacerlo a trav\u00e9s de nuestro myspace <a href=\"http:\/\/www.myspace.com\/negrocarmin\"><span style=\"COLOR: purple\"><span size=\"3\" face=\"Times New Roman\">http:\/\/www.myspace.com\/negrocarmin<\/span><\/span><\/a> o a trav\u00e9s de nuestro correo electr\u00f3nico <a href=\"mailto:negrocarmin@hotmail.com\">negrocarmin@hotmail.com<\/a>. Informar a todos que en breve os daremos nuestra direcci\u00f3n web pues ahora no nos es posible porque est\u00e1 en proceso de construcci\u00f3n.<o:p><\/o:p><\/p>\n<p class=MsoNormal style=\"MARGIN: 0cm 0cm 0pt; TEXT-ALIGN: justify\"><span style=\"mso-bidi-font-weight: bold\"><o:p> <\/o:p><\/span><\/p>\n<p class=MsoNormal style=\"MARGIN: 0cm 0cm 0pt; TEXT-ALIGN: justify\"><o:p><\/o:p><strong>Para finalizar, daros las gracias porque sois encantadoras, y que el equipo de Mujeres del Rock, esta encantado y ansiosos de teneros de vuelta muy pronto otra vez con nosotros, os deseamos lo mejor en vuestra trayectoria musical y que para despediros decid lo que quer\u00e1is.<o:p><\/o:p><\/strong><\/p>\n<p><o:p><\/o:p> <\/p>\n<p class=MsoNormal style=\"MARGIN: 0cm 0cm 0pt; TEXT-ALIGN: justify\"><o:p><span style=\"mso-bidi-font-weight: bold\"><\/span><\/o:p>Queremos animar a todo aquel que tenga oportunidad que se acerque a vernos en directo y a vosotros os damos la enhorabuena por vuestra iniciativa. Much\u00edsimas gracias por vuestro apoyo. Un saludo en nombre de todas las Negro Carm\u00edn.&#8221;<o:p><\/o:p><\/p>\n<p class=MsoNormal style=\"MARGIN: 0cm 0cm 0pt; TEXT-ALIGN: justify\">\n<p class=MsoNormal style=\"MARGIN: 0cm 0cm 0pt\"><strong><\/p>\n<p><\/strong><\/p>\n<p><\/font><\/p>\n","protected":false},"excerpt":{"rendered":"<p>A las riojanas NEGRO CARM\u00cdN no hay quien las pare. Unos pocos dias despu\u00e9s de llevarse el premio del p\u00fablico en el certamen Concert Ebro 2008, acaban de ser proclamadas el grupo femenino m\u00e1s votado de la web MUJERES DEL ROCK. Es por ello que me hago eco aqu\u00ed y reproduzco sus declaraciones a dicha [&hellip;]<\/p>\n","protected":false},"author":12,"featured_media":0,"comment_status":"open","ping_status":"closed","sticky":false,"template":"","format":"standard","meta":[],"categories":[4],"tags":[],"_links":{"self":[{"href":"https:\/\/blogs.larioja.com\/metalpesado\/wp-json\/wp\/v2\/posts\/71"}],"collection":[{"href":"https:\/\/blogs.larioja.com\/metalpesado\/wp-json\/wp\/v2\/posts"}],"about":[{"href":"https:\/\/blogs.larioja.com\/metalpesado\/wp-json\/wp\/v2\/types\/post"}],"author":[{"embeddable":true,"href":"https:\/\/blogs.larioja.com\/metalpesado\/wp-json\/wp\/v2\/users\/12"}],"replies":[{"embeddable":true,"href":"https:\/\/blogs.larioja.com\/metalpesado\/wp-json\/wp\/v2\/comments?post=71"}],"version-history":[{"count":1,"href":"https:\/\/blogs.larioja.com\/metalpesado\/wp-json\/wp\/v2\/posts\/71\/revisions"}],"predecessor-version":[{"id":3774,"href":"https:\/\/blogs.larioja.com\/metalpesado\/wp-json\/wp\/v2\/posts\/71\/revisions\/3774"}],"wp:attachment":[{"href":"https:\/\/blogs.larioja.com\/metalpesado\/wp-json\/wp\/v2\/media?parent=71"}],"wp:term":[{"taxonomy":"category","embeddable":true,"href":"https:\/\/blogs.larioja.com\/metalpesado\/wp-json\/wp\/v2\/categories?post=71"},{"taxonomy":"post_tag","embeddable":true,"href":"https:\/\/blogs.larioja.com\/metalpesado\/wp-json\/wp\/v2\/tags?post=71"}],"curies":[{"name":"wp","href":"https:\/\/api.w.org\/{rel}","templated":true}]}}