{"id":73,"date":"2008-09-04T11:32:49","date_gmt":"2008-09-04T11:32:49","guid":{"rendered":"http:\/\/blogs.larioja.com\/metalpesado\/?p=73"},"modified":"2025-09-10T17:39:10","modified_gmt":"2025-09-10T15:39:10","slug":"lujuria-nos-presenta-licantrofilia","status":"publish","type":"post","link":"https:\/\/blogs.larioja.com\/metalpesado\/lujuria-nos-presenta-licantrofilia\/","title":{"rendered":"LUJURIA NOS PRESENTA : LICANTROFILIA"},"content":{"rendered":"<p><img class=imgcen id=img_1 style=\"WIDTH: 539px; HEIGHT: 429px\" height=353 src=\"\/\/img413.imageshack.us\/img413\/8168\/lujurialb7.jpg\" width=539\/><\/p>\n<p><font size=3><\/font><font face=\"Times New Roman\"><\/font><font size=3><\/font><font face=\"Times New Roman\"><\/font><font face=\"Times New Roman\" size=3><\/font><font size=3><\/font><font face=\"Times New Roman\"><\/font><font size=3><\/font><font face=\"Times New Roman\"> <\/p>\n<p style=\"TEXT-ALIGN: justify\">Hay ocasiones en las que me siento especialmente orgulloso de pertenecer a esta gran familia que formamos todos los amantes del Heavy Metal patrio. Uno de ellos, mi amigo Oscar Sancho, es el m\u00e1s activo; profesor de Primaria, \u00e1vido coleccionista de vinilos, locutor de radio y vocalista de la banda segoviana <a title=http:\/\/profile.myspace.com\/index.cfm?fuseaction=user.viewprofile&#038;friendID=116693533 href=\"http:\/\/profile.myspace.com\/index.cfm?fuseaction=user.viewprofile&#038;friendID=116693533\"><font color=#800080>LUJURIA<\/font><\/a>, entre otras cosas. Con cinco L.P\u00b4s editados, un doble CD en directo, un recopilatorio y dos DvD\u00b4s en concierto, la banda presenta estos dias su sexto disco de estudio titulado &#8220;Licantrofilia&#8221;. Este nuevo trabajo se lanzaba al mercado el pasado 23 de Agosto en vinilo durante el festival Leyendas del Rock celebrado en Mazarr\u00f3n ( Murcia ) y ver\u00e1 proximamente la luz en su edici\u00f3n digital el pr\u00f3ximo 15 de Septiembre. Me puse r\u00e1pidamente en contacto con Oscar para que le contase a Metal Pesado las \u00faltimas novedades de Lujuria y alguna cosa m\u00e1s. Estas son sus declaraciones:<\/p>\n<p class=MsoNormal style=\"MARGIN: 0cm 0cm 0pt; TEXT-ALIGN: justify\"><span><strong>_Ya est\u00e1 aqu\u00ed el nuevo disco Oscar, y ya van\u2026< ?xml:namespace prefix = o ns = \"urn:schemas-microsoft-com:office:office\" \/><o:p><\/o:p><\/strong><\/span><\/p>\n<p class=MsoNormal style=\"MARGIN: 0cm 0cm 0pt; TEXT-ALIGN: justify\"><span lang=ES-TRAD style=\"mso-bidi-font-weight: bold\">\u00bfQuieres creer que no los llevo por cuenta? En serio t\u00edo, cada disco para mi es \u00fanico, es una parte de vida, yo no cuento lo importante de mi vida, no cuento mis discos, no cuento los conciertos, no cuento las chicas con las que he salido\u2026 , me parece tan banal reducir momentos importantes de la vida a n\u00fameros, s\u00f3lo cuento el dinero para ver si llego a fin de mes o puedo darme un capricho m\u00e1s y el tiempo que falta para que pase algo que no me est\u00e1 gustando, nada m\u00e1s, no cuento nada m\u00e1s. Que man\u00eda con recudir a n\u00famero los momentos. 1 es s\u00f3lo un n\u00famero y no es lo mismo un beso que un disparo, ni dos ojos que dos guardias civiles, ni tres sonrisas que tres l\u00e1grimas\u2026 me niego hermano, nunca me gustaron las matem\u00e1ticas, dicen que son ciencias exactas y son las m\u00e1s inexactas que hay, siempre fui de historia donde se narran momentos y aborrec\u00ed las matem\u00e1ticas que se empe\u00f1a en contabilizar vivencias\u2026 Hay grupos que con un disco se han ganado la gloria y otros con 20 no estar\u00e1n nunca en ella. Lujuria s\u00f3lo quiere hacer el mejor disco del que es capaz en cada momento y eso hemos hecho ahora, el mejor disco que hemos sido capaces, te lo aseguro<o:p><\/o:p><\/span><\/p>\n<p class=MsoNormal style=\"MARGIN: 0cm 0cm 0pt; TEXT-ALIGN: justify\"><span lang=ES-TRAD><o:p> <\/o:p><\/span><\/p>\n<p class=MsoNormal style=\"MARGIN: 0cm 0cm 0pt; TEXT-ALIGN: justify\"><span><strong>_ Hab\u00e9is elegido el t\u00edtulo Licantrofilia para este nuevo trabajo, \u00bfpor qu\u00e9?<o:p><\/o:p><\/strong><\/span><\/p>\n<p class=MsoNormal style=\"MARGIN: 0cm 0cm 0pt; TEXT-ALIGN: justify\"><span lang=ES-TRAD style=\"mso-bidi-font-weight: bold\">Nos hemos inventado la palabra a partir de Licantrop\u00eda, ya sabes el poder que tiene un ser humano para transformarse en lobo, a esa palabra le hemos quitado el sufijo p\u00eda y le hemos a\u00f1adido filia que es \u201camor a\u201d Nuestra intenci\u00f3n es dar a entender que nos gusta la lucha, que la seguimos creyendo necesaria (realmente m\u00e1s necesaria que nunca) y por eso amamos a los lobos, animales salvajes capaz de pelear por ellos como nadie, uni\u00e9ndose en manadas y luchando a muerte. Pero no queremos ser lobos, ni siquiera hombres-lobos, queremos conservar la inteligencia del hombre en esa lucha de ah\u00ed que a\u00f1adi\u00e9semos el sufijo filia, amamos esa manera de luchar pero con los a\u00f1os los represores se han hecho m\u00e1s listos y hay que combatirlos con inteligencia, esa es la idea, lucha a muerte pero con inteligencia, ellos se hacen m\u00e1s listos, nosotros debemos hacer lo mismo y ser m\u00e1s listos y m\u00e1s fieros.<o:p><\/o:p><\/span><\/p>\n<p class=MsoNormal style=\"MARGIN: 0cm 0cm 0pt; TEXT-ALIGN: justify\">\n<p><span lang=ES-TRAD><font size=3><\/font><font face=\"Times New Roman\"><\/font><\/span><\/p>\n<p class=MsoNormal style=\"MARGIN: 0cm 0cm 0pt; TEXT-ALIGN: justify\"><strong><\/p>\n<p><\/strong> <\/p>\n<p class=MsoNormal style=\"MARGIN: 0cm 0cm 0pt; TEXT-ALIGN: justify\"><span lang=ES-TRAD><font size=3><\/font><font face=\"Times New Roman\"><strong><img class=imgcen id=img_2 style=\"WIDTH: 488px; HEIGHT: 315px\" src=\"\/\/img341.imageshack.us\/img341\/4203\/nst1hd5.jpg\"\/> <o:p><\/o:p><\/strong><\/font><\/span><\/p>\n<p class=MsoNormal style=\"MARGIN: 0cm 0cm 0pt; TEXT-ALIGN: justify\"><strong><\/p>\n<p><\/strong> <\/p>\n<p class=MsoNormal style=\"MARGIN: 0cm 0cm 0pt; TEXT-ALIGN: justify\"><span lang=ES-TRAD><o:p><font face=\"Times New Roman\" size=3><\/font><\/o:p><\/span><\/p>\n<p><font size=3><\/font><font face=\"Times New Roman\"><\/font><font size=3><\/font><font face=\"Times New Roman\"><\/font><font face=\"Times New Roman\" size=3><\/font><font size=3><\/font><font face=\"Times New Roman\"><\/font><font size=3><\/font><font face=\"Times New Roman\"><\/font><font face=\"Times New Roman\" size=3><\/font><font size=3><\/font><font face=\"Times New Roman\"><\/font><font size=3><\/font><font face=\"Times New Roman\"><\/font><font face=\"Times New Roman\" size=3><\/font><font size=3><\/font><font face=\"Times New Roman\"><\/font><font size=3><\/font><font face=\"Times New Roman\"> <\/p>\n<p class=MsoNormal style=\"MARGIN: 0cm 0cm 0pt; TEXT-ALIGN: justify\"><b><span lang=ES-TRAD>_ Lo hab\u00e9is grabado el los estudios Cube de Madrid, \u00bfqu\u00e9 tal ha sido todo el proceso de grabaci\u00f3n? <\/span><\/b><\/p>\n<p class=MsoNormal style=\"MARGIN: 0cm 0cm 0pt; TEXT-ALIGN: justify\"><span lang=ES-TRAD style=\"mso-bidi-font-weight: bold\">No es la primera vez que grabamos en CUBE, si repetimos por algo ser\u00e1 \u00bfno crees? Es un gran estudio, para nosotros el mejor que hay para grabar rock y donde destaca el productor, Alberto Seara \u201cFlor\u201d, tambi\u00e9n consideramos que el mejor productor actualmente. Nos conoce de sobra y sabe sacar lo mejor de cada uno de nosotros. A mi, por ejemplo, es capaz de motivarme como nadie y sacarme unos tonos que nadie m\u00e1s consigue, me mima y me cuida y sabe cuando hay que parar (important\u00edsimo) y continuar al d\u00eda siguiente, hay veces que un m\u00fasico se ve en forma y quiere seguir pero, al menos en la voz, hay que ir despacio y dar cada d\u00eda el 100 % y eso me lo ha ense\u00f1ado Flor. Yo antes grababa la voz en muy pocas sesiones, ahora con un tema o dos por sesi\u00f3n, Flor da por finalizada mi sesi\u00f3n y me manda a descansar la voz para que al d\u00eda siguiente vuelva a estar al 100 %, a Flor no le vale el 99% te hace volver si no vas con el 100% y eso, en este disco, se nota. Me gustar\u00eda a\u00f1adir que luego el disco se masteriz\u00f3 en Argentina, en el estudio < ?xml:namespace prefix = st1 ns = \"urn:schemas-microsoft-com:office:smarttags\" \/><st1:personname w:st=\"on\" ProductID=\"La Nave\">La Nave<\/st1:personname> de Oseberg por Mart\u00edn Toledo, t\u00e9cnico habitual de Rata Blanca y un gran ingeniero de sonido. Acababa de comprar una mesa de masterizaci\u00f3n en USA que no la hay en toda Europa, y nos ha dejado una masterizaci\u00f3n que nadie tiene hoy d\u00eda en este pa\u00eds y casi nadie en Europa, salvo los grupos que masterizan en USA como Hamlet por ejemplo, as\u00ed que estamos muy satisfechos con el resultado final, ya lo oir\u00e1s ya\u2026<o:p><\/o:p><\/span><\/p>\n<p class=MsoNormal style=\"MARGIN: 0cm 0cm 0pt; TEXT-ALIGN: justify\"><span lang=ES-TRAD><o:p> <\/o:p><\/span><\/p>\n<p class=MsoNormal style=\"MARGIN: 0cm 0cm 0pt; TEXT-ALIGN: justify\"><b><span lang=ES-TRAD>_ \u00bfHab\u00e9is quedado satisfechos con el resultado obtenido?<\/span><\/b><\/p>\n<p class=MsoNormal style=\"MARGIN: 0cm 0cm 0pt; TEXT-ALIGN: justify\"><span lang=ES-TRAD style=\"mso-bidi-font-weight: bold\">Si claro, estamos encantados, de no estar satisfechos con algo lo hubi\u00e9semos repetido hasta estarlo, ni se nos ocurre sacar algo con lo que no estamos satisfechos, no ser\u00eda justo para nadie empezando por nosotros mismos t\u00edo<o:p><\/o:p><\/span><\/p>\n<p class=MsoNormal style=\"MARGIN: 0cm 0cm 0pt; TEXT-ALIGN: justify\"><span lang=ES-TRAD><o:p> <\/o:p><\/span><\/p>\n<p class=MsoNormal style=\"MARGIN: 0cm 0cm 0pt; TEXT-ALIGN: justify\"><b><span lang=ES-TRAD>_ \u00bfCuantos temas le dan forma?<\/span><\/b><\/p>\n<p class=MsoNormal style=\"MARGIN: 0cm 0cm 0pt; TEXT-ALIGN: justify\"><span lang=ES-TRAD style=\"mso-bidi-font-weight: bold\">Siempre hemos hecho lo mismo (salvo en el disco conceptual anterior a este porque era otro rollo) 10 temas y una versi\u00f3n de un grupo espa\u00f1ol al que queremos homenajear, en esta ocasi\u00f3n han sido SHALOM y su tema \u201cQu\u00e9 es mejor\u201d<o:p><\/o:p><\/span><\/p>\n<p class=MsoNormal style=\"MARGIN: 0cm 0cm 0pt; TEXT-ALIGN: justify\"><span lang=ES-TRAD><o:p> <\/o:p><\/span><\/p>\n<p class=MsoNormal style=\"MARGIN: 0cm 0cm 0pt; TEXT-ALIGN: justify\"><b><span lang=ES-TRAD>_ \u00bfSiguen la l\u00ednea que hasta ahora llevaba Lujuria o se desmarcan hacia otros lares? \u00a1Se cuenta por ah\u00ed que son ochenteros total!<\/span><\/b><\/p>\n<p class=MsoNormal style=\"MARGIN: 0cm 0cm 0pt; TEXT-ALIGN: justify\"><span lang=ES-TRAD style=\"mso-bidi-font-weight: bold\">\u00a1\u00a1Son ochentenos total!! Siempre hemos sido una banda enamorada de los ochenta pero siempre hemos pensado que estando en los 2000 no bastaba s\u00f3lo repetir esa f\u00f3rmula, hab\u00eda que demostrar que el rock avanza hermano. Esos avances se han notado m\u00e1s o menos seg\u00fan cada disco y por supuesto est\u00e1n presentes en este disco, por ejemplo la bater\u00eda de Maikel (ver\u00e1s cuando le ve\u00e1is en directo, es una m\u00e1quina) tiene mucho de la escuela de Machine Head o de Slipknot, los teclados de Ricardo son \u00fanicos y ha conseguido mezclar sonidos Hammond muy Purple con sonidos muy de Jens Johannsson (teclista de Stratovarius) pero todo ello con la perspectiva del sonido ochenteno haciendo de este disco algo \u00fanico, es el disco que cualquier banda de los ochenta sacar\u00eda en el 2008, para que nos entendamos.<\/span><\/p>\n<p class=MsoNormal style=\"MARGIN: 0cm 0cm 0pt; TEXT-ALIGN: justify\">\n<p><span lang=ES-TRAD><font size=3><\/font><font face=\"Times New Roman\"><span><\/span><\/font><\/span><\/p>\n<p><span lang=ES-TRAD><font size=3><\/font><font face=\"Times New Roman\"><span><\/span><o:p><strong><img class=imgcen id=img_3 style=\"WIDTH: 508px; HEIGHT: 351px\" src=\"\/\/i225.photobucket.com\/albums\/dd306\/vandenmania\/DSC_0119.jpg\"\/><\/strong><\/o:p><\/font><\/span><\/p>\n<p class=MsoNormal style=\"MARGIN: 0cm 0cm 0pt; TEXT-ALIGN: justify\"><strong><\/p>\n<p><\/strong> <\/p>\n<p class=MsoNormal style=\"MARGIN: 0cm 0cm 0pt; TEXT-ALIGN: justify\"><span lang=ES-TRAD><o:p><font face=\"Times New Roman\" size=3><\/font><\/o:p><\/span><\/p>\n<p><font size=3><\/font><font face=\"Times New Roman\"><\/font><font size=3><\/font><font face=\"Times New Roman\"><\/font><font size=3><\/font><font face=\"Times New Roman\"><\/font><font size=3><\/font><font face=\"Times New Roman\"><\/font><font size=3><\/font><font face=\"Times New Roman\"><\/font><font face=\"Times New Roman\" size=3><\/font><font size=3><\/font><font face=\"Times New Roman\"><\/font><font size=3><\/font><font face=\"Times New Roman\"><\/font><font face=\"Times New Roman\" size=3><\/font><font size=3><\/font><font face=\"Times New Roman\"><\/font><font size=3><\/font><font face=\"Times New Roman\"> <\/p>\n<p class=MsoNormal style=\"MARGIN: 0cm 0cm 0pt; TEXT-ALIGN: justify\"><b><span lang=ES-TRAD>_ Hab\u00e9is aparcado de momento el proyecto de V\u00eda L\u00e1ctea, vuestra discogr\u00e1fica, para entrar en las filas de Maldito Records. \u00bfComo surgi\u00f3 el tema?<\/span><\/b><\/p>\n<p class=MsoNormal style=\"MARGIN: 0cm 0cm 0pt; TEXT-ALIGN: justify\"><span lang=ES-TRAD style=\"mso-bidi-font-weight: bold\">Muchas veces, mientras est\u00e1bamos con nuestra discogr\u00e1fica, la pe\u00f1a me preguntaba si esa era la f\u00f3rmula adecuada para seguir adelante las bandas y yo siempre respond\u00ed que de momento no, es una f\u00f3rmula si quieres de supervivencia y que permite a muchos grupos sacar disco que de otra manera no sacar\u00edan pero no habr\u00e1s visto a ning\u00fan grupo que haya llegado muy arriba con esa f\u00f3rmula. Nosotros elegimos ese camino tras una decepci\u00f3n con la anterior discogr\u00e1fica para valorar con calma donde \u00edbamos a estar, no quer\u00edamos precipitarnos y volvernos a equivocar. As\u00ed que hicimos nuestra propia compa\u00f1\u00eda y a observar.<\/span><\/p>\n<p class=MsoNormal style=\"MARGIN: 0cm 0cm 0pt; TEXT-ALIGN: justify\"><span lang=ES-TRAD style=\"mso-bidi-font-weight: bold\">Una compa\u00f1\u00eda te da un equipo detr\u00e1s que de otra manera no tienes, hay m\u00e1s gente trabajando y adem\u00e1s m\u00e1s especializados en sus facetas. Entonces apareci\u00f3 Maldito Records, una compa\u00f1\u00eda que han formado m\u00fasicos de la zona de Valencia (principalmente gente de Insania) que, al ser m\u00fasicos, saben bien lo que un m\u00fasico necesita y que adem\u00e1s aman esto tanto como nosotros. Hablamos y decidimos caminar a su lado. El resultado ah\u00ed est\u00e1, este disco ha salido con una edici\u00f3n especial en vinilo, con un apoyo fuerte, con un videoclip absolutamente profesional que, por cierto, se estren\u00f3 este lunes 1 de septiembre en <a href=\"http:\/\/www.malditorecords.net\/\"><span style=\"COLOR: purple\">www.malditorecords.net<\/span><\/a> estad atentos, en fin como ves se nota que detr\u00e1s hay un equipo y estamos contentos.No veas la de veces que me preguntaba desesperado, \u00bfpor qu\u00e9 se empe\u00f1an en hacer las cosas mal con lo f\u00e1cil que es hacerlas bien? Mientras observaba cosas que pasaban en nuestra anterior discogr\u00e1fica. Pues bien hemos encontrado una compa\u00f1\u00eda que ha descubierto lo f\u00e1cil que es hacer las cosas bien siempre que haya dos pilares fundamentales, ganas de trabajar y amor a lo que haces, y eso es Maldito, as\u00ed que estamos felices de caminar con ellos.<o:p><\/o:p><\/span><\/p>\n<p class=MsoNormal style=\"MARGIN: 0cm 0cm 0pt; TEXT-ALIGN: justify\"><span lang=ES-TRAD><o:p> <\/o:p><\/span><\/p>\n<p class=MsoNormal style=\"MARGIN: 0cm 0cm 0pt; TEXT-ALIGN: justify\"><b><span lang=ES-TRAD>_ Nuria y C\u00e9sar (teclista y bater\u00eda respectivamente) ya no forman parte de Lujuria. \u00bfOs ha afectado este cambio de formaci\u00f3n a la hora de preparar este nuevo disco?<\/span><\/b><\/p>\n<p class=MsoNormal style=\"MARGIN: 0cm 0cm 0pt; TEXT-ALIGN: justify\"><span lang=ES-TRAD style=\"mso-bidi-font-weight: bold\">No no que va, Nuria ya nos avis\u00f3 con tiempo mientras hac\u00edamos la gira el verano pasado de que quer\u00eda tener m\u00e1s tiempo para ella, precisamente nos avis\u00f3 con ese tiempo para que pudi\u00e9semos buscar un sustituto adecuado y no perjudicar el trabajo del siguiente disco, as\u00ed que el cambio fue muy natural. En cuanto al Oso su evoluci\u00f3n es la l\u00f3gica, \u00e9l es tenor profesional y muy bueno, y cada vez ten\u00eda m\u00e1s trabajo de lo que nos alegramos enormemente, por eso hace tiempo que no nos acompa\u00f1aba en directo y s\u00f3lo nos ayudaba en la composici\u00f3n. Ahora ya ni para eso tiene tiempo as\u00ed que la composici\u00f3n la asume el grupo, algo que hicimos en el primer disco, como ves no es nada nuevo ni traum\u00e1tico. S\u00ed quiero tener un recuerdo para quien sustituy\u00f3 al oso, Fer, en los directos. Fer fue bater\u00eda de Lujuria mucho tiempo pero su reciente paternidad le impide ya seguir el ritmo de trabajo que llevamos. De ah\u00ed las dos incorporaciones, Maikel a la bater\u00eda y Ricardo al teclado. <o:p><\/o:p><\/span><\/p>\n<p class=MsoNormal style=\"MARGIN: 0cm 0cm 0pt; TEXT-ALIGN: justify\"><span lang=ES-TRAD><o:p> <\/o:p><\/span><\/p>\n<p class=MsoNormal style=\"MARGIN: 0cm 0cm 0pt; TEXT-ALIGN: justify\"><b><span lang=ES-TRAD>_ \u00bfY a partir de ahora, que? \u2026..<\/span><\/b><\/p>\n<p class=MsoNormal style=\"MARGIN: 0cm 0cm 0pt; TEXT-ALIGN: justify\"><span lang=ES-TRAD style=\"mso-bidi-font-weight: bold\">A tocar!!! Empezamos en octubre la gira que se llamar\u00e1 \u201cLicantrogira 2008\/09\u201d y a disfrutar de lo que m\u00e1s nos gusta, los directos. A trabajar para que el grupo siga subiendo y a vivir el puto rock and roll que nada nos gusta m\u00e1s en este mundo hermano.<\/span><\/p>\n<p class=MsoNormal style=\"MARGIN: 0cm 0cm 0pt; TEXT-ALIGN: justify\">\n<p><span lang=ES-TRAD><font size=3><\/font><font face=\"Times New Roman\"><\/font><\/span><\/p>\n<p><span lang=ES-TRAD><font size=3><\/font><font face=\"Times New Roman\"><o:p><\/o:p><\/font><\/span><strong><img class=imgcen id=img_5 style=\"WIDTH: 523px; HEIGHT: 375px\" src=\"\/\/img258.imageshack.us\/img258\/5226\/dsc0061mh6.jpg\"\/><\/p>\n<p><\/strong> <\/p>\n<p class=MsoNormal style=\"MARGIN: 0cm 0cm 0pt; TEXT-ALIGN: justify\"><strong><\/p>\n<p><\/strong> <\/p>\n<p class=MsoNormal style=\"MARGIN: 0cm 0cm 0pt; TEXT-ALIGN: justify\"><span lang=ES-TRAD><o:p><font face=\"Times New Roman\" size=3><\/font><\/o:p><\/span><\/p>\n<p><font size=3><\/font><font face=\"Times New Roman\"><\/font><font size=3><\/font><font face=\"Times New Roman\"><\/font><font size=3><\/font><font face=\"Times New Roman\"><\/font><font face=\"Times New Roman\" size=3><\/font><font size=3><\/font><font face=\"Times New Roman\"><\/font><font size=3><\/font><font face=\"Times New Roman\"><\/font><font size=3><\/font><font face=\"Times New Roman\"><\/font><font size=3><\/font><font face=\"Times New Roman\"><\/font><font size=3><\/font><font face=\"Times New Roman\"><\/font><font face=\"Times New Roman\" size=3> <\/p>\n<p class=MsoNormal style=\"MARGIN: 0cm 0cm 0pt; TEXT-ALIGN: justify\"><b><span lang=ES-TRAD>_ No s\u00e9 si sabr\u00e1s que desde hace poco hemos puesto en marcha la primera comunidad de heavy metal en <st1:personname w:st=\"on\" ProductID=\"La Rioja. Aqu?\">La Rioja. Aqu\u00ed<\/st1:personname> hay mucho metal Oscar, \u00bfcu\u00e1ndo nos vais a visitar?<\/span><\/b><\/p>\n<p class=MsoNormal style=\"MARGIN: 0cm 0cm 0pt; TEXT-ALIGN: justify\"><span lang=ES-TRAD style=\"mso-bidi-font-weight: bold\">S\u00e9 que hay mucho metal y con mucha historia, si hasta hay un libro sobre metal en <st1:personname w:st=\"on\" ProductID=\"la Rioja\">la Rioja<\/st1:personname> (igual conoces al escritor y todo ja ja ja ) Un gran libro que ojala tuviese su reflejo en las dem\u00e1s comunidades de este estado para que nuestra historia quedase escrita. A <st1:personname w:st=\"on\" ProductID=\"la Rioja\">la Rioja<\/st1:personname> os cabe el honor de haber sido los primeros.<\/span><\/p>\n<p class=MsoNormal style=\"MARGIN: 0cm 0cm 0pt; TEXT-ALIGN: justify\"><span lang=ES-TRAD style=\"mso-bidi-font-weight: bold\">Sobre nuestra visita ya sabes, estamos deseando como estamos deseando ir a cada rinc\u00f3n del mundo donde se nos quiera escuchar, de nosotros no depende, si alguien aparece y nos contrata vamos encantados, sabemos que os debemos visita pero alguien debe llamarnos \u00bfno?<o:p><\/o:p><\/span><\/p>\n<p class=MsoNormal style=\"MARGIN: 0cm 0cm 0pt; TEXT-ALIGN: justify\"><span lang=ES-TRAD><o:p> <\/o:p><\/span><\/p>\n<p class=MsoNormal style=\"MARGIN: 0cm 0cm 0pt; TEXT-ALIGN: justify\"><b><span lang=ES-TRAD>_ Agradeci\u00e9ndote tu atenci\u00f3n y dese\u00e1ndote lo mejor para este Licantrofilia. \u00bfQuieres a\u00f1adir algo m\u00e1s?<\/span><\/b><\/p>\n<p class=MsoNormal style=\"MARGIN: 0cm 0cm 0pt; TEXT-ALIGN: justify\"><span lang=ES-TRAD style=\"mso-bidi-font-weight: bold\">Por supuesto<\/span><\/p>\n<p class=MsoNormal style=\"MARGIN: 0cm 0cm 0pt; TEXT-ALIGN: justify\"><b><span lang=ES-TRAD>\u00a1\u00a1\u00a1\u00a1\u00a1\u00a1\u00a1\u00a1\u00a1\u00a1\u00a1\u00a1POR EL PUTO ROCK AND ROLL!!!!!!!!<\/span><\/b><\/p>\n<p class=MsoNormal style=\"MARGIN: 0cm 0cm 0pt; TEXT-ALIGN: justify\"><span lang=ES-TRAD style=\"FONT-SIZE: 12pt; FONT-FAMILY: 'Times New Roman'; mso-fareast-font-family: 'Times New Roman'; mso-ansi-language: ES-TRAD; mso-fareast-language: ES; mso-bidi-language: AR-SA\">Su video clip promocional del primer single &#8220;Cae la mascara&#8221; :<\/span><\/p>\n<p> <center><strong> <object height=344 width=425><param NAME=\"movie\" VALUE=\"http:\/\/www.youtube.com\/v\/SZvPlAvR4sA&#038;color1=0xb1b1b1&#038;color2=0xcfcfcf&#038;hl=es&#038;fs=1\"\/><param NAME=\"allowFullScreen\" VALUE=\"true\"\/><embed src=\"\/\/www.youtube.com\/v\/SZvPlAvR4sA&#038;color1=0xb1b1b1&#038;color2=0xcfcfcf&#038;hl=es&#038;fs=1\" type=\"application\/x-shockwave-flash\" allowfullscreen=\"true\" height=\"344\" width=\"425\"\/><\/object><\/strong><\/center>\n<\/p>\n<p><\/font><\/p>\n<p><\/font><\/p>\n<p><\/font><\/p>\n<p><\/font><\/p>\n","protected":false},"excerpt":{"rendered":"<p>Hay ocasiones en las que me siento especialmente orgulloso de pertenecer a esta gran familia que formamos todos los amantes del Heavy Metal patrio. Uno de ellos, mi amigo Oscar Sancho, es el m\u00e1s activo; profesor de Primaria, \u00e1vido coleccionista de vinilos, locutor de radio y vocalista de la banda segoviana LUJURIA, entre otras cosas. [&hellip;]<\/p>\n","protected":false},"author":12,"featured_media":0,"comment_status":"open","ping_status":"closed","sticky":false,"template":"","format":"standard","meta":[],"categories":[4],"tags":[],"_links":{"self":[{"href":"https:\/\/blogs.larioja.com\/metalpesado\/wp-json\/wp\/v2\/posts\/73"}],"collection":[{"href":"https:\/\/blogs.larioja.com\/metalpesado\/wp-json\/wp\/v2\/posts"}],"about":[{"href":"https:\/\/blogs.larioja.com\/metalpesado\/wp-json\/wp\/v2\/types\/post"}],"author":[{"embeddable":true,"href":"https:\/\/blogs.larioja.com\/metalpesado\/wp-json\/wp\/v2\/users\/12"}],"replies":[{"embeddable":true,"href":"https:\/\/blogs.larioja.com\/metalpesado\/wp-json\/wp\/v2\/comments?post=73"}],"version-history":[{"count":1,"href":"https:\/\/blogs.larioja.com\/metalpesado\/wp-json\/wp\/v2\/posts\/73\/revisions"}],"predecessor-version":[{"id":3772,"href":"https:\/\/blogs.larioja.com\/metalpesado\/wp-json\/wp\/v2\/posts\/73\/revisions\/3772"}],"wp:attachment":[{"href":"https:\/\/blogs.larioja.com\/metalpesado\/wp-json\/wp\/v2\/media?parent=73"}],"wp:term":[{"taxonomy":"category","embeddable":true,"href":"https:\/\/blogs.larioja.com\/metalpesado\/wp-json\/wp\/v2\/categories?post=73"},{"taxonomy":"post_tag","embeddable":true,"href":"https:\/\/blogs.larioja.com\/metalpesado\/wp-json\/wp\/v2\/tags?post=73"}],"curies":[{"name":"wp","href":"https:\/\/api.w.org\/{rel}","templated":true}]}}