{"id":77,"date":"2008-09-10T09:49:33","date_gmt":"2008-09-10T09:49:33","guid":{"rendered":"http:\/\/blogs.larioja.com\/metalpesado\/?p=77"},"modified":"2025-09-10T17:39:09","modified_gmt":"2025-09-10T15:39:09","slug":"entrevistamos-infamia","status":"publish","type":"post","link":"https:\/\/blogs.larioja.com\/metalpesado\/entrevistamos-infamia\/","title":{"rendered":"ENTREVISTAMOS A INFAMIA"},"content":{"rendered":"<p><center><img id=img_0 src=\"\/\/img204.imageshack.us\/img204\/900\/getattachmentwr9.jpg\"\/><\/center><\/p>\n<p class=MsoNormal style=\"MARGIN: 5pt 0cm; TEXT-ALIGN: justify; mso-pagination: none; mso-layout-grid-align: none\"><span style=\"mso-bidi-font-weight: bold\"><font size=3><\/font><font face=\"Times New Roman\">Mientras voy preparando la cr\u00edtica del nuevo disco de <a id=link_0 title=http:\/\/www.infamiametal.com href=\"http:\/\/www.infamiametal.com\/\">INFAMIA<\/a>, el cual os adelanto despu\u00e9s de escucharlo un par de veces que est\u00e1 muy bien y que han evolucionado un mont\u00f3n \u2013 menudo cambio le han dado a su m\u00fasica, me ha sorprendido much\u00edsimo &#8211; ,os presento aqu\u00ed la entrevista realizada el pasado viernes a Alberto, su bater\u00eda. Muy amablemente contest\u00f3 a Metal Pesado las siguientes preguntas :< ?xml:namespace prefix = o ns = \"urn:schemas-microsoft-com:office:office\" \/><o:p><\/o:p><\/font><\/span><\/p>\n<p class=MsoNormal style=\"MARGIN: 5pt 0cm; TEXT-ALIGN: justify; mso-pagination: none; mso-layout-grid-align: none\"><b><o:p><font face=\"Times New Roman\" size=3><\/font><\/o:p><\/b><\/p>\n<p class=MsoNormal style=\"MARGIN: 5pt 0cm; TEXT-ALIGN: justify; mso-pagination: none; mso-layout-grid-align: none\"><b><font size=3><\/font><font face=\"Times New Roman\">.- Bueno, la primera pregunta es casi obligada. Ha pasado un tiempo desde vuestro disco debut. Estais satisfechos con todo lo que os ha reportado esa grabaci\u00f3n?<o:p><\/o:p><\/font><\/b><\/p>\n<p class=MsoNormal style=\"MARGIN: 5pt 0cm; TEXT-ALIGN: justify; mso-pagination: none; mso-layout-grid-align: none\"><font face=\"Times New Roman\" size=3>La verdad es que estamos muy contentos de todo lo que hemos conseguido con nuestro primer cd. Hemos tenido muy buenas criticas, ganado concursos, realizado muchos conciertos, conocido a mucha gente&#8230; Ha sido una epoca muy buena y esperemos que con este<span style=\"mso-spacerun: yes\"> <\/span>nuevo disco las cosas vayan cada vez mejor. <\/font><\/p>\n<p class=MsoNormal style=\"MARGIN: 5pt 0cm; TEXT-ALIGN: justify; mso-pagination: none; mso-layout-grid-align: none\">\n<b><font size=3><\/font><font face=\"Times New Roman\">.- Llegais fuerte, con vuestro segundo disco &#8220;Sue\u00f1o o Realidad&#8221; debajo del brazo y con el apoyo de una discogr\u00e1fica, Triple A-Metal, con gente experimentada en el mundo de < ?xml:namespace prefix = st1 ns = \"urn:schemas-microsoft-com:office:smarttags\" \/><st1:personname w:st=\"on\" ProductID=\"la m\u00fasica. La\">la m\u00fasica. La<\/st1:personname> cosa pinta bien,no?<o:p><\/o:p><\/font><\/b><\/p>\n<p class=MsoNormal style=\"MARGIN: 5pt 0cm; TEXT-ALIGN: justify; mso-pagination: none; mso-layout-grid-align: none\"><font face=\"Times New Roman\" size=3>Lo que realmente nos motiva es que un musico con mucha experiencia como Alberto Ardines haya confiado en nosotros al ficharnos. Ademas la distribuci\u00f3n se encargar\u00e1 Avispa que es una de las mas importantes discograficas de Rock de Espa\u00f1a. Todo esto nos hace sentir que estamos haciendo un trabajo en condiciones.<\/font><\/p>\n<p class=MsoNormal style=\"MARGIN: 5pt 0cm; TEXT-ALIGN: justify; mso-pagination: none; mso-layout-grid-align: none\"><b><o:p><font face=\"Times New Roman\" size=3><\/font><\/o:p><\/b><\/p>\n<p class=MsoNormal style=\"MARGIN: 5pt 0cm; TEXT-ALIGN: justify; mso-pagination: none; mso-layout-grid-align: none\"><b><font size=3><\/font><font face=\"Times New Roman\">.- Habeis viajado hasta Oviedo. Contadnos como fue todo el proceso de grabaci\u00f3n. Que tal la experiencia de grabar con Ardines y cia?<o:p><\/o:p><\/font><\/b><\/p>\n<p class=MsoNormal style=\"MARGIN: 5pt 0cm; TEXT-ALIGN: justify; mso-pagination: none; mso-layout-grid-align: none\"><font face=\"Times New Roman\" size=3>Buff&#8230; Nos lo pasamos genial!!! La ventaja que tuvimos es que Mario es de Pola de Lena (a media hora de donde se encuentra el estudio&#8230; casualidades de la vida) y se nos ocurri\u00f3 ir a grabar alli. Estuvimos 2 semanas intensivas y a medida que los temas se iban terminando, Alberto Ardines nos dijo que los temas sonaban muy bien<span style=\"mso-spacerun: yes\"> <\/span>y dias despues nos propuso fichar por Triple A-Metal. <\/font><\/p>\n<p class=MsoNormal style=\"MARGIN: 5pt 0cm; TEXT-ALIGN: justify; mso-pagination: none; mso-layout-grid-align: none\"><o:p><font face=\"Times New Roman\" size=3><\/font><\/o:p><\/p>\n<p class=MsoNormal style=\"MARGIN: 5pt 0cm; TEXT-ALIGN: justify; mso-pagination: none; mso-layout-grid-align: none\"><b><font size=3><\/font><font face=\"Times New Roman\">.- \u00bfQue tal han quedado las nuevas canciones?\u00bfEstais satisfechos?<o:p><\/o:p><\/font><\/b><\/p>\n<p class=MsoNormal style=\"MARGIN: 5pt 0cm; TEXT-ALIGN: justify; mso-pagination: none; mso-layout-grid-align: none\"><font face=\"Times New Roman\" size=3>Estamos mas que satisfechos. Estos 10 temas son mucho mas pegadizos y melodicos. Se te quedan mas en <st1:personname w:st=\"on\" ProductID=\"la cabeza. La\">la cabeza. La<\/st1:personname> experiencia se nota<span style=\"mso-spacerun: yes\"> <\/span>y los a\u00f1os como grupo tambien. Sabemos perfectamente lo que queremos hacer. En cuanto al sonido del cd decir que todos los temas han quedado muy potentes ya que hemos trabajado en un estudio profesional y hay una gran diferencia respecto al primer cd, debido a que este se grab\u00f3 en nuestro local de ensayo.<\/font><\/p>\n<p class=MsoNormal style=\"MARGIN: 5pt 0cm; TEXT-ALIGN: justify; mso-pagination: none; mso-layout-grid-align: none\"><font face=\"Times New Roman\" size=3>Quiero destacar las colaboraciones de Victor Garcia en el tema &#8220;La luz del sol&#8221; y Manuel Ramil en la intro &#8220;Amanecer&#8221;. Estos tios son unos monstruos e hicieron un trabajo impresionante del que les estamos muy agradecidos. <br style=\"mso-special-character: line-break\"\/><br style=\"mso-special-character: line-break\"\/><\/font><\/p>\n<p class=MsoNormal style=\"MARGIN: 5pt 0cm; TEXT-ALIGN: justify; mso-pagination: none; mso-layout-grid-align: none\"><b><font size=3><\/font><font face=\"Times New Roman\">.- Que principales diferencias, adem\u00e1s del cambio de imagen, encontrais en este disco respecto a vuestro primer trabajo?<o:p><\/o:p><\/font><\/b><\/p>\n<p class=MsoNormal style=\"MARGIN: 5pt 0cm; TEXT-ALIGN: justify; mso-pagination: none; mso-layout-grid-align: none\"><font face=\"Times New Roman\" size=3>Una de las diferencias mas importantes son las letras de las canciones que han dejado de ser tan epicas y se centran mas en temas sociales como la violencia de genero, sentimientos como la muerte de un ser querido, etc&#8230;<\/font><\/p>\n<p class=MsoNormal style=\"MARGIN: 5pt 0cm; TEXT-ALIGN: justify; mso-pagination: none; mso-layout-grid-align: none\"><font face=\"Times New Roman\" size=3>El estilo de musica tambien ha cambiado bastante. Puedes escuchar temas como &#8220;La luz del sol&#8221; que es mas Power,<span style=\"mso-spacerun: yes\"> <\/span>&#8220;El llanto de tu adios&#8221; mas Hard Rock o &#8220;Sue\u00f1o o realidad&#8221; que suena mas Heavy. No queremos centrarnos en un tipo de musica determinada. Nuestras influencias pasan por muchos estilos y eso es lo que refleja este trabajo.<\/font><\/p>\n<p class=MsoNormal style=\"MARGIN: 5pt 0cm; TEXT-ALIGN: justify; mso-pagination: none; mso-layout-grid-align: none\"><font face=\"Times New Roman\" size=3><\/font><\/p>\n<p class=MsoNormal style=\"MARGIN: 5pt 0cm; TEXT-ALIGN: justify; mso-pagination: none; mso-layout-grid-align: none\"><img id=img_1 height=420 src=\"\/\/img247.imageshack.us\/img247\/8421\/l7342103df947032960fea0zr6.jpg\" width=542\/><\/p>\n<p class=MsoNormal style=\"MARGIN: 5pt 0cm; TEXT-ALIGN: justify; mso-pagination: none; mso-layout-grid-align: none\">\n<p class=MsoNormal style=\"MARGIN: 5pt 0cm; TEXT-ALIGN: justify; mso-pagination: none; mso-layout-grid-align: none\"><span style=\"mso-spacerun: yes\"><\/span><br \/>\n<b><font size=3><\/font><font face=\"Times New Roman\">.- Me imagino que vuestra discogr\u00e1fica, Triple A-Metal , pondr\u00e1 toda la carne en el asador con este &#8220;Sue\u00f1o o Realidad&#8221;. Sabeis ya que tipo de distribuici\u00f3n va a tener y donde se podr\u00e1 encontrar?<o:p><\/o:p><\/font><\/b><\/p>\n<p class=MsoNormal style=\"MARGIN: 5pt 0cm; TEXT-ALIGN: justify; mso-pagination: none; mso-layout-grid-align: none\"><font face=\"Times New Roman\" size=3>Sabemos que se ditribuir\u00e1 por toda Espa\u00f1a pero hasta finales de mes no se llevar\u00e1 a cabo por lo tanto es pronto para adelantar acontecimientos&#8230;<\/font><\/p>\n<p class=MsoNormal style=\"MARGIN: 5pt 0cm; TEXT-ALIGN: justify; mso-pagination: none; mso-layout-grid-align: none\">\n<b><font size=3><\/font><font face=\"Times New Roman\">.- &#8220;Sue\u00f1o o Realidad&#8221;, que significado tiene para vosotros?<o:p><\/o:p><\/font><\/b><\/p>\n<p class=MsoNormal style=\"MARGIN: 5pt 0cm; TEXT-ALIGN: justify; mso-pagination: none; mso-layout-grid-align: none\"><font face=\"Times New Roman\" size=3>Lo que significa es que lo que empez\u00f3 como un sue\u00f1o de ni\u00f1os de hacer un <st1:personname w:st=\"on\" ProductID=\"grupo de\">grupo de<\/st1:personname> heavy, fichar por una discografica, dar muchos conciertos, ahora es una realidad. Tambien es el titulo de una de nuestras canciones que habla de una persona que quiere evadirse del mundo real so\u00f1ando con encontrar algo mejor. Eso es lo que refleja la portada dise\u00f1ada por Daniel Alonso (Centinela, Warcry, Sauze&#8230;)<\/font><\/p>\n<p class=MsoNormal style=\"MARGIN: 5pt 0cm; TEXT-ALIGN: justify; mso-pagination: none; mso-layout-grid-align: none\">\n<b><font size=3><\/font><font face=\"Times New Roman\">.- Enseguida a presentarlo en directo como locos, no? Alguna fecha confirmada proximamente?<o:p><\/o:p><\/font><\/b><\/p>\n<p class=MsoNormal style=\"MARGIN: 5pt 0cm; TEXT-ALIGN: justify; mso-pagination: none; mso-layout-grid-align: none\"><font face=\"Times New Roman\" size=3>De momento vamos a tocar el 20 de Septiembre en Bilbao con un <st1:personname w:st=\"on\" ProductID=\"grupo de\">grupo de<\/st1:personname> all\u00ed y otro Frances. Ahora estamos concretando los conciertos para Octubre. Podeis meteros en nuestra web www.infamiametal.com o en nuestro myspace www.myspace.com\/infamiametal y os ireis enterando de todos los conciertos confirmados.<\/font><\/p>\n<p class=MsoNormal style=\"MARGIN: 5pt 0cm; TEXT-ALIGN: justify; mso-pagination: none; mso-layout-grid-align: none\">\n<b><font size=3><\/font><font face=\"Times New Roman\">.- \u00bfComo veis la escena heavy actualmente en nuestro pais? Aqu\u00ed en La Rioja, como bien sabeis, acabamos de crear la primera comunidad de Metal? Que os ha parecido la idea?<o:p><\/o:p><\/font><\/b><\/p>\n<p class=MsoNormal style=\"MARGIN: 5pt 0cm; TEXT-ALIGN: justify; mso-pagination: none; mso-layout-grid-align: none\"><font face=\"Times New Roman\" size=3>La escena heavy est\u00e1 muy jodida ya que este estilo es para un publico preciso y no se les da tanta promoci\u00f3n como con grupos de musica mas comercial. En la TV pasa lo mismo, de cada 100 videos musicales te puedes encontrar 1 o 2 de musica rock. Es una pena que haya grupos muy buenos por ah\u00ed y por falta de promoci\u00f3n tengan que tirar la toalla&#8230;<\/font><\/p>\n<p class=MsoNormal style=\"MARGIN: 5pt 0cm; TEXT-ALIGN: justify; mso-pagination: none; mso-layout-grid-align: none\"><font face=\"Times New Roman\" size=3>Metal Pesado es una idea muy buena para promocionar grupos no conocidos y sin tantos recursos. Ademas de este blog que mucha gente lee teneis <a id=link_0 title=http:\/\/www.myspace.com\/metalpesadoblog href=\"http:\/\/www.myspace.com\/metalpesadoblog\">myspace<\/a> que hoy en dia es de las mejores cosas que hay para que los grupos se den a conocer. Hacen falta cosas asi&#8230;.<\/font><\/p>\n<p class=MsoNormal style=\"MARGIN: 5pt 0cm; TEXT-ALIGN: justify; mso-pagination: none; mso-layout-grid-align: none\">\n<b><font size=3><\/font><font face=\"Times New Roman\">.-A corto o largo plazo nos podeis adelantar alg\u00fan futuro proyecto de Infamia?<o:p><\/o:p><\/font><\/b><\/p>\n<p class=MsoNormal style=\"MARGIN: 5pt 0cm; TEXT-ALIGN: justify; mso-pagination: none; mso-layout-grid-align: none\"><font face=\"Times New Roman\" size=3>Nuestra intenci\u00f3n es hacer conciertos cada vez mas lejos de La Rioja y que poco a poco se nos vaya conociendo cada vez mas y si mas tarde nos surge alguna cosa importante no os precupeis que os enterareis jejeje. <\/font><\/p>\n<p class=MsoNormal style=\"MARGIN: 5pt 0cm; TEXT-ALIGN: justify; mso-pagination: none; mso-layout-grid-align: none\"><o:p><font face=\"Times New Roman\" size=3><\/font><\/o:p><\/p>\n<p class=MsoNormal style=\"MARGIN: 5pt 0cm; TEXT-ALIGN: justify; mso-pagination: none; mso-layout-grid-align: none\"><b><font size=3><\/font><font face=\"Times New Roman\">.-Agradeceros toda vuestra atenci\u00f3n y si quereis a\u00f1adir algo m\u00e1s para los lectores de Metal Pesado?<o:p><\/o:p><\/font><\/b><\/p>\n<p class=MsoNormal style=\"MARGIN: 5pt 0cm; TEXT-ALIGN: justify; mso-pagination: none; mso-layout-grid-align: none\"><font face=\"Times New Roman\" size=3>Muchas gracias a toda la gente que nos apoya y va a nuestros conciertos.Y a los que no nos han escuchado decirles que nos den una oportunidad y que compren el cd que 10 euros no es nada!!!! jejeje <\/font><\/p>\n","protected":false},"excerpt":{"rendered":"<p>Mientras voy preparando la cr\u00edtica del nuevo disco de INFAMIA, el cual os adelanto despu\u00e9s de escucharlo un par de veces que est\u00e1 muy bien y que han evolucionado un mont\u00f3n \u2013 menudo cambio le han dado a su m\u00fasica, me ha sorprendido much\u00edsimo &#8211; ,os presento aqu\u00ed la entrevista realizada el pasado viernes a [&hellip;]<\/p>\n","protected":false},"author":12,"featured_media":0,"comment_status":"open","ping_status":"closed","sticky":false,"template":"","format":"standard","meta":[],"categories":[4],"tags":[1053],"_links":{"self":[{"href":"https:\/\/blogs.larioja.com\/metalpesado\/wp-json\/wp\/v2\/posts\/77"}],"collection":[{"href":"https:\/\/blogs.larioja.com\/metalpesado\/wp-json\/wp\/v2\/posts"}],"about":[{"href":"https:\/\/blogs.larioja.com\/metalpesado\/wp-json\/wp\/v2\/types\/post"}],"author":[{"embeddable":true,"href":"https:\/\/blogs.larioja.com\/metalpesado\/wp-json\/wp\/v2\/users\/12"}],"replies":[{"embeddable":true,"href":"https:\/\/blogs.larioja.com\/metalpesado\/wp-json\/wp\/v2\/comments?post=77"}],"version-history":[{"count":1,"href":"https:\/\/blogs.larioja.com\/metalpesado\/wp-json\/wp\/v2\/posts\/77\/revisions"}],"predecessor-version":[{"id":3768,"href":"https:\/\/blogs.larioja.com\/metalpesado\/wp-json\/wp\/v2\/posts\/77\/revisions\/3768"}],"wp:attachment":[{"href":"https:\/\/blogs.larioja.com\/metalpesado\/wp-json\/wp\/v2\/media?parent=77"}],"wp:term":[{"taxonomy":"category","embeddable":true,"href":"https:\/\/blogs.larioja.com\/metalpesado\/wp-json\/wp\/v2\/categories?post=77"},{"taxonomy":"post_tag","embeddable":true,"href":"https:\/\/blogs.larioja.com\/metalpesado\/wp-json\/wp\/v2\/tags?post=77"}],"curies":[{"name":"wp","href":"https:\/\/api.w.org\/{rel}","templated":true}]}}