{"id":78,"date":"2008-09-11T00:16:15","date_gmt":"2008-09-11T00:16:15","guid":{"rendered":"http:\/\/blogs.larioja.com\/metalpesado\/?p=78"},"modified":"2025-09-10T17:39:08","modified_gmt":"2025-09-10T15:39:08","slug":"proximamente-mago-oz-logrono","status":"publish","type":"post","link":"https:\/\/blogs.larioja.com\/metalpesado\/proximamente-mago-oz-logrono\/","title":{"rendered":"PROXIMAMENTE M\u00c4GO DE OZ EN LOGRO\u00d1O"},"content":{"rendered":"<p><img class=imgcen id=img_0 src=\"\/\/img183.imageshack.us\/img183\/7425\/barakaldodfdvd350xl3.jpg\"\/><br \/>\n <meta content=Word.Document name=ProgId\/> <meta content=\"Microsoft Word 11\" name=Generator\/> <meta content=\"Microsoft Word 11\" name=Originator\/><link href=\"file:\/\/\/C:%5CDOCUME%7E1%5CHEAVYM%7E1%5CCONFIG%7E1%5CTemp%5Cmsohtml1%5C01%5Cclip_filelist.xml\" rel=File-List\/>\n<style> <!--  \/* Style Definitions *\/  p.MsoNormal, li.MsoNormal, div.MsoNormal {mso-style-parent:\"\"; margin:0cm; margin-bottom:.0001pt; mso-pagination:widow-orphan; font-size:12.0pt; font-family:\"Times New Roman\"; mso-fareast-font-family:\"Times New Roman\"; mso-ansi-language:ES-TRAD;} @page Section1 {size:595.3pt 841.9pt; margin:70.85pt 3.0cm 70.85pt 3.0cm; mso-header-margin:35.4pt; mso-footer-margin:35.4pt; mso-paper-source:0;} div.Section1 {page:Section1;} --> <\/style>\n<p class=MsoNormal style=\"TEXT-ALIGN: justify\"><span lang=ES-TRAD>Los madrile\u00f1os <\/span><a id=link_0 title=http:\/\/www.magodeoz.com\/ href=\"http:\/\/www.magodeoz.com\/\">M\u00c4GO DE OZ<\/a> <span lang=ES-TRAD>estar\u00e1n firmando ejemplares de su \u00faltimo trabajo, un CD m\u00e1s un DVD en directo titulado \u201c<i>Barakaldo D.F.\u201d <\/i>el pr\u00f3ximo mi\u00e9rcoles 17 de Septiembre a partir de las 17:30 horas en el establecimiento comercial Media Markt de Logro\u00f1o. As\u00ed que ya sabeis, los seguidores de &#8220;Mago\u201d teneis una cita con el grupo en los exteriores de la citada firma comercial la pr\u00f3xima semana<i>.<\/i><\/span><\/p>\n<p class=MsoNormal style=\"TEXT-ALIGN: justify\">\n<span lang=ES-TRAD><\/span><\/p>\n<p class=MsoNormal style=\"TEXT-ALIGN: justify\"><span lang=ES-TRAD><br \/>\n<\/span><\/p>\n","protected":false},"excerpt":{"rendered":"<p>Los madrile\u00f1os M\u00c4GO DE OZ estar\u00e1n firmando ejemplares de su \u00faltimo trabajo, un CD m\u00e1s un DVD en directo titulado \u201cBarakaldo D.F.\u201d el pr\u00f3ximo mi\u00e9rcoles 17 de Septiembre a partir de las 17:30 horas en el establecimiento comercial Media Markt de Logro\u00f1o. As\u00ed que ya sabeis, los seguidores de &#8220;Mago\u201d teneis una cita con el [&hellip;]<\/p>\n","protected":false},"author":12,"featured_media":0,"comment_status":"open","ping_status":"closed","sticky":false,"template":"","format":"standard","meta":[],"categories":[4],"tags":[],"_links":{"self":[{"href":"https:\/\/blogs.larioja.com\/metalpesado\/wp-json\/wp\/v2\/posts\/78"}],"collection":[{"href":"https:\/\/blogs.larioja.com\/metalpesado\/wp-json\/wp\/v2\/posts"}],"about":[{"href":"https:\/\/blogs.larioja.com\/metalpesado\/wp-json\/wp\/v2\/types\/post"}],"author":[{"embeddable":true,"href":"https:\/\/blogs.larioja.com\/metalpesado\/wp-json\/wp\/v2\/users\/12"}],"replies":[{"embeddable":true,"href":"https:\/\/blogs.larioja.com\/metalpesado\/wp-json\/wp\/v2\/comments?post=78"}],"version-history":[{"count":1,"href":"https:\/\/blogs.larioja.com\/metalpesado\/wp-json\/wp\/v2\/posts\/78\/revisions"}],"predecessor-version":[{"id":3767,"href":"https:\/\/blogs.larioja.com\/metalpesado\/wp-json\/wp\/v2\/posts\/78\/revisions\/3767"}],"wp:attachment":[{"href":"https:\/\/blogs.larioja.com\/metalpesado\/wp-json\/wp\/v2\/media?parent=78"}],"wp:term":[{"taxonomy":"category","embeddable":true,"href":"https:\/\/blogs.larioja.com\/metalpesado\/wp-json\/wp\/v2\/categories?post=78"},{"taxonomy":"post_tag","embeddable":true,"href":"https:\/\/blogs.larioja.com\/metalpesado\/wp-json\/wp\/v2\/tags?post=78"}],"curies":[{"name":"wp","href":"https:\/\/api.w.org\/{rel}","templated":true}]}}