{"id":85,"date":"2008-09-18T09:30:53","date_gmt":"2008-09-18T09:30:53","guid":{"rendered":"http:\/\/blogs.larioja.com\/metalpesado\/?p=85"},"modified":"2025-09-10T17:39:06","modified_gmt":"2025-09-10T15:39:06","slug":"historias-rock","status":"publish","type":"post","link":"https:\/\/blogs.larioja.com\/metalpesado\/historias-rock\/","title":{"rendered":"HISTORIAS DE ROCK"},"content":{"rendered":"<p class=MsoNormal style=\"MARGIN: 0cm 0cm 0pt; TEXT-ALIGN: justify\"><font face=\"Times New Roman\" size=3>Dicen que lo prometido es deuda. Aqu\u00ed teneis la entrevista que realiz\u00e9 a los riojanos <a id=link_0 title=http:\/\/www.myspace.com\/rockinnervoice href=\"http:\/\/www.myspace.com\/rockinnervoice\">INNERVOICE<\/a> hace unos dias a prop\u00f3sito de su retorno a la actualidad musical. Este nuevo grupo eclosiona como un joven ave f\u00e9nix surgido de las cenizas de <strong>VADO PERMANENTE<\/strong> y <strong>LIS <\/strong>( un par de bandas ochenteras de la capital ) que promete dar un gran espect\u00e1culo ma\u00f1ana <strong>viernes en < ?xml:namespace prefix = st1 ns = \"urn:schemas-microsoft-com:office:smarttags\" \/><st1:personname w:st=\"on\" ProductID=\"la sala Biribay Jazz\"><\/st1:personname><st1:personname w:st=\"on\" ProductID=\"la sala Biribay\">la sala Biribay<\/st1:personname> Jazz Club de Logro\u00f1o a partir de las 22:30 horas de la noche<\/strong>.<\/font><\/p>\n<p class=MsoNormal style=\"MARGIN: 0cm 0cm 0pt; TEXT-ALIGN: justify\">< ?xml:namespace prefix = o ns = \"urn:schemas-microsoft-com:office:office\" \/><o:p><font face=\"Times New Roman\" size=3><\/font><\/o:p><\/p>\n<p class=MsoNormal style=\"MARGIN: 0cm 0cm 0pt; TEXT-ALIGN: justify\"><font face=\"Times New Roman\" size=3>El grupo, junto a un servidor, ha preparado un fanzine en el que detallan sus or\u00edgenes, aventuras y vivencias durante los a\u00f1os ochenta, \u00e9poca de su reinado en Logro\u00f1o. Han fabricado 200 copias que repartir\u00e1n gratuitamente ma\u00f1ana viernes durante toda la jornada en el centro cultural de la Gota de Leche ( Logro\u00f1o ) y en <st1:personname w:st=\"on\" ProductID=\"la sala Biribay\">la sala Biribay<\/st1:personname> por la noche. <\/font><\/p>\n<p><o:p><font face=\"Times New Roman\" size=3><\/font><\/o:p> <\/p>\n<p class=MsoNormal style=\"MARGIN: 0cm 0cm 0pt; TEXT-ALIGN: justify\">\n<p><span style=\"FONT-SIZE: 12pt; FONT-FAMILY: 'Times New Roman'; mso-fareast-font-family: 'Times New Roman'; mso-ansi-language: ES; mso-fareast-language: ES; mso-bidi-language: AR-SA\">Mientras esperamos ese interesante fanzine y el primer bolo de INNERVOICE en la capital despu\u00e9s de m\u00e1s de dos d\u00e9cadas, degustemos como aperitivo esta entrevista:<\/span><\/p>\n<p><span style=\"FONT-SIZE: 12pt; FONT-FAMILY: 'Times New Roman'; mso-fareast-font-family: 'Times New Roman'; mso-ansi-language: ES; mso-fareast-language: ES; mso-bidi-language: AR-SA\"><\/span> <\/p>\n<p class=MsoNormal style=\"MARGIN: 0cm 0cm 0pt; TEXT-ALIGN: justify\">\n<p><span style=\"FONT-SIZE: 12pt; FONT-FAMILY: 'Times New Roman'; mso-fareast-font-family: 'Times New Roman'; mso-ansi-language: ES; mso-fareast-language: ES; mso-bidi-language: AR-SA\"><\/span><\/p>\n<p><span style=\"FONT-SIZE: 12pt; FONT-FAMILY: 'Times New Roman'; mso-fareast-font-family: 'Times New Roman'; mso-ansi-language: ES; mso-fareast-language: ES; mso-bidi-language: AR-SA\"><img id=img_0 style=\"WIDTH: 557px; HEIGHT: 442px\" height=563 src=\"\/\/img516.imageshack.us\/img516\/9705\/vadomaristas1982pe2.jpg\" width=716\/><\/span><\/p>\n<p><span style=\"FONT-SIZE: 12pt; FONT-FAMILY: 'Times New Roman'; mso-fareast-font-family: 'Times New Roman'; mso-ansi-language: ES; mso-fareast-language: ES; mso-bidi-language: AR-SA\">Vado Permanente, Maristas 1982<\/span><\/p>\n<p class=MsoNormal style=\"MARGIN: 0cm 0cm 0pt; TEXT-ALIGN: justify\"><span style=\"FONT-SIZE: 12pt; FONT-FAMILY: 'Times New Roman'; mso-fareast-font-family: 'Times New Roman'; mso-ansi-language: ES; mso-fareast-language: ES; mso-bidi-language: AR-SA\"><\/span><\/p>\n<p><span style=\"FONT-SIZE: 12pt; FONT-FAMILY: 'Times New Roman'; mso-fareast-font-family: 'Times New Roman'; mso-ansi-language: ES; mso-fareast-language: ES; mso-bidi-language: AR-SA\"><\/span><\/p>\n<p><span style=\"FONT-SIZE: 12pt; FONT-FAMILY: 'Times New Roman'; mso-fareast-font-family: 'Times New Roman'; mso-ansi-language: ES; mso-fareast-language: ES; mso-bidi-language: AR-SA\"> <\/p>\n<p class=MsoNormal style=\"MARGIN: 0cm 0cm 0pt; TEXT-ALIGN: justify\"><b style=\"mso-bidi-font-weight: normal\">Innervoice es vuestro nombre actual, pero para el que no lo sepa, vosotros sois gente que viene de pasadas formaciones como Vado Permanente y Lis. S\u00e9 que es dif\u00edcil resumirlo, pero nos podriais contar brevemente la historia de aquellas formaciones?<o:p><\/o:p><\/b><\/p>\n<p class=MsoNormal style=\"MARGIN: 0cm 0cm 0pt; TEXT-ALIGN: justify\"><span style=\"COLOR: black\">Gonzalo y <st1:personname w:st=\"on\">Jose<\/st1:personname> ya hac\u00edan sus pinitos roqueros en el a\u00f1o 1.982 junto a otro cantante, y as\u00ed dieron su primer concierto para las chicas de <st1:personname w:st=\"on\" ProductID=\"la Ense?anza\">la Ense\u00f1anza<\/st1:personname> en el sal\u00f3n de Actos de Maristas, con un solo amplificador para las dos guitarras y la voz, y tuvimos que entregar las letras de las canciones que \u00edbamos a tocar para que nos las pudieran revisar y, en caso necesario, censurar.<o:p><\/o:p><\/span><\/p>\n<p class=MsoNormal style=\"MARGIN: 0cm 0cm 0pt; TEXT-ALIGN: justify\"><span style=\"COLOR: black\"><o:p><\/o:p><\/span><\/p>\n<p class=MsoNormal style=\"MARGIN: 0cm 0cm 0pt; TEXT-ALIGN: justify\"><span style=\"COLOR: black\">De ah\u00ed naci\u00f3 Vado Permanente (1.983-1.986) en el a\u00f1o 1.983 con Gonzalo a la voz y guitarra, <st1:personname w:st=\"on\">Jose<\/st1:personname> al bajo y voces y Fernando \u201cNano\u201d a la bater\u00eda. As\u00ed empezamos a ensayar en una carpinter\u00eda familiar fuera de su horario laboral.<o:p><\/o:p><\/span><\/p>\n<p class=MsoNormal style=\"MARGIN: 0cm 0cm 0pt; TEXT-ALIGN: justify\"><span style=\"COLOR: black\">Con esta formaci\u00f3n dimos varios conciertos, entre ellos el primer concierto de rock que se celebr\u00f3 en el Instituto Hnos. D\u00b4Elhuyar en Enero de 1.983 y de nuevo en Enero de 1.984 dentro de las fiestas del Centro.<o:p><\/o:p><\/span><\/p>\n<p class=MsoNormal style=\"MARGIN: 0cm 0cm 0pt; TEXT-ALIGN: justify\"><span style=\"COLOR: black\"><o:p><\/o:p><\/span><\/p>\n<p class=MsoNormal style=\"MARGIN: 0cm 0cm 0pt; TEXT-ALIGN: justify\"><span style=\"COLOR: black\">Como an\u00e9cdota, en el primero de ellos no hab\u00eda equipo de sonido y las guitarras y la voz, sonaron a trav\u00e9s del sistema de megafon\u00eda del sal\u00f3n de actos. En febrero de 1.984 se incorpor\u00f3 Rafa como segunda guitarra, quedando como definitiva la formaci\u00f3n.<span style=\"mso-spacerun: yes\"> <\/span>Nos trasladamos a ensayar a los locales de <st1:personname w:st=\"on\" ProductID=\"la CNT\">la CNT<\/st1:personname> en la calle los Ba\u00f1os, de los que sal\u00edamos pr\u00e1cticamente cada fin de semana y literalmente con los instrumentos al hombro, para tocar por todos los locales logro\u00f1eses en los que en aquella \u00e9poca se pod\u00eda tocar: Pub Celta, Bagdad, etc\u2026<o:p><\/o:p><\/span><\/p>\n<p class=MsoNormal style=\"MARGIN: 0cm 0cm 0pt; TEXT-ALIGN: justify\"><span style=\"COLOR: black\"><o:p><\/o:p><\/span><\/p>\n<p class=MsoNormal style=\"MARGIN: 0cm 0cm 0pt; TEXT-ALIGN: justify\"><span style=\"COLOR: black\">Como conciertos m\u00e1s destacados rese\u00f1ar:<o:p><\/o:p><\/span><\/p>\n<p class=MsoNormal style=\"MARGIN: 0cm 0cm 0pt 18pt; TEXT-INDENT: -18pt; TEXT-ALIGN: justify; mso-list: l0 level1 lfo1; tab-stops: list 18.0pt\"><span style=\"COLOR: black\"><span style=\"mso-list: Ignore\">&#8211;<span style=\"FONT: 7pt 'Times New Roman'\"> <\/span><\/span><\/span><span style=\"COLOR: black\">Plaza del Ayuntamiento de Logro\u00f1o junto a Ramonc\u00edn, dentro de las Fiestas de San Mateo de 1.985.<o:p><\/o:p><\/span><\/p>\n<p class=MsoNormal style=\"MARGIN: 0cm 0cm 0pt 18pt; TEXT-INDENT: -18pt; TEXT-ALIGN: justify; mso-list: l0 level1 lfo1; tab-stops: list 18.0pt\"><span style=\"COLOR: black\"><span style=\"mso-list: Ignore\">&#8211;<span style=\"FONT: 7pt 'Times New Roman'\"> <\/span><\/span><\/span><span style=\"COLOR: black\">Concierto programado dentro del antiguo Iberpop \u2013 luego pas\u00f3 a denominarse Actual, nombre que se mantiene.<o:p><\/o:p><\/span><\/p>\n<p class=MsoNormal style=\"MARGIN: 0cm 0cm 0pt 18pt; TEXT-INDENT: -18pt; TEXT-ALIGN: justify; mso-list: l0 level1 lfo1; tab-stops: list 18.0pt\"><span style=\"COLOR: black\"><span style=\"mso-list: Ignore\">&#8211;<span style=\"FONT: 7pt 'Times New Roman'\"> <\/span><\/span><\/span><span style=\"COLOR: black\">Parque del Hotel San Fernando de N\u00e1jera junto a Kortatu, Ertzainak, Speed y varios grupos riojanos m\u00e1s.<o:p><\/o:p><\/span><\/p>\n<p class=MsoNormal style=\"MARGIN: 0cm 0cm 0pt 18pt; TEXT-INDENT: -18pt; TEXT-ALIGN: justify; mso-list: l0 level1 lfo1; tab-stops: list 18.0pt\"><span style=\"COLOR: black\"><span style=\"mso-list: Ignore\">&#8211;<span style=\"FONT: 7pt 'Times New Roman'\"> <\/span><\/span><\/span><span style=\"COLOR: black\">La Nave en Avenida de Lobete de Logro\u00f1o junto a La Polla Records.<o:p><\/o:p><\/span><\/p>\n<p class=MsoNormal style=\"MARGIN: 0cm 0cm 0pt 18pt; TEXT-INDENT: -18pt; TEXT-ALIGN: justify; mso-list: l0 level1 lfo1; tab-stops: list 18.0pt\"><span style=\"COLOR: black\"><span style=\"mso-list: Ignore\">&#8211;<span style=\"FONT: 7pt 'Times New Roman'\"> <\/span><\/span><\/span><span style=\"COLOR: black\">Sal\u00f3n de Actos del Ayuntamiento de Logro\u00f1o en directo para la radio, programa de Pepe Domingo Casta\u00f1o, junto a La Polla Records.<o:p><\/o:p><\/span><\/p>\n<p class=MsoNormal style=\"MARGIN: 0cm 0cm 0pt 18pt; TEXT-INDENT: -18pt; TEXT-ALIGN: justify; mso-list: l0 level1 lfo1; tab-stops: list 18.0pt\"><span style=\"COLOR: black\"><span style=\"mso-list: Ignore\">&#8211;<span style=\"FONT: 7pt 'Times New Roman'\"> <\/span><\/span><\/span><span style=\"COLOR: black\">Plaza del Ayuntamiento de Logro\u00f1o, como tercer clasificado del Primer Morrorock 1.984, dentro del programa de Fiestas de San Mateo.<o:p><\/o:p><\/span><\/p>\n<p class=MsoNormal style=\"MARGIN: 0cm 0cm 0pt 18pt; TEXT-INDENT: -18pt; TEXT-ALIGN: justify; mso-list: l0 level1 lfo1; tab-stops: list 18.0pt\"><span style=\"COLOR: black\"><span style=\"mso-list: Ignore\">&#8211;<span style=\"FONT: 7pt 'Times New Roman'\"> <\/span><\/span><\/span><span style=\"COLOR: black\">Plaza Mayor de Valladolid dentro de las Fiestas de San mateo de dicha localidad.<o:p><\/o:p><\/span><\/p>\n<p class=MsoNormal style=\"MARGIN: 0cm 0cm 0pt 18pt; TEXT-INDENT: -18pt; TEXT-ALIGN: justify; mso-list: l0 level1 lfo1; tab-stops: list 18.0pt\"><span style=\"COLOR: black\"><span style=\"mso-list: Ignore\">&#8211;<span style=\"FONT: 7pt 'Times New Roman'\"> <\/span><\/span><\/span><span style=\"COLOR: black\"><o:p><\/o:p><\/span><\/p>\n<p class=MsoNormal style=\"MARGIN: 0cm 0cm 0pt; TEXT-ALIGN: justify\"><span style=\"COLOR: black\">Y conciertos en fiestas de Magisterio, por todos los barrios logro\u00f1eses en sus fiestas y pr\u00e1cticamente por casi todas las localidades riojanas y lim\u00edtrofes.<o:p><\/o:p><\/span><\/p>\n<p class=MsoNormal style=\"MARGIN: 0cm 0cm 0pt; TEXT-ALIGN: justify\"><span style=\"COLOR: black\"><o:p><\/o:p><\/span><\/p>\n<p class=MsoNormal style=\"MARGIN: 0cm 0cm 0pt; TEXT-ALIGN: justify\"><span style=\"COLOR: black\">Fuimos designados para telonear en Anoeta (San Sebasti\u00e1n) a la gran banda Accept, pero a \u00faltima hora hubo cambios y nos \u201cca\u00edmos\u201d del cartel.<o:p><\/o:p><\/span><\/p>\n<p class=MsoNormal style=\"MARGIN: 0cm 0cm 0pt; TEXT-ALIGN: justify\"><span style=\"COLOR: black\"><o:p><\/o:p><\/span><\/p>\n<p class=MsoNormal style=\"MARGIN: 0cm 0cm 0pt; TEXT-ALIGN: justify\"><span style=\"COLOR: black\">Ese fue el final de Vado Permanente en 1.986, dejando como \u00fanico documento sonoro una maqueta grabada con medios propios \u201cde la \u00e9poca\u201d en el local de ensayo.<o:p><\/o:p><\/span><\/p>\n<p class=MsoNormal style=\"MARGIN: 0cm 0cm 0pt; TEXT-ALIGN: justify\"><span style=\"COLOR: black\"><o:p><\/o:p><\/span><\/p>\n<p class=MsoNormal style=\"MARGIN: 0cm 0cm 0pt; TEXT-ALIGN: justify\"><span style=\"COLOR: black\">LIS (1.986-1.989) naci\u00f3 en mismo a\u00f1o con ex-componentes de dos bandas logro\u00f1esas, Vado Permanente y Cripta, pero tras varios cambios el grupo qued\u00f3 definitivamente formado por tres ex-Vado, Gonzalo a la guitarra y voces, <st1:personname w:st=\"on\">Jose<\/st1:personname> al bajo y voces, y Nano a la bater\u00eda m\u00e1s Alex como voz solista y Ferm\u00edn (actual teclista de La Uni\u00f3n) a las teclas y voces.<o:p><\/o:p><\/span><\/p>\n<p class=MsoNormal style=\"MARGIN: 0cm 0cm 0pt; TEXT-ALIGN: justify\"><span style=\"COLOR: black\">Dimos pocos conciertos, pues nos dedicamos m\u00e1s a componer y trabajar en el local de ensayo, y entre ellos los m\u00e1s destacables son los ofrecidos durante el a\u00f1o 1.988 en las siguientes salas:<o:p><\/o:p><\/span><\/p>\n<p class=MsoNormal style=\"MARGIN: 0cm 0cm 0pt; TEXT-ALIGN: justify\"><span style=\"COLOR: black\"><o:p><\/o:p><\/span><\/p>\n<p class=MsoNormal style=\"MARGIN: 0cm 0cm 0pt 36pt; TEXT-INDENT: -36pt; TEXT-ALIGN: justify; mso-list: l0 level1 lfo1; tab-stops: list 18.0pt\"><span style=\"COLOR: black\"><span style=\"mso-list: Ignore\">&#8211;<span style=\"FONT: 7pt 'Times New Roman'\"> <\/span><\/span><\/span><span style=\"COLOR: black\">Sala Romero de Lodosa, en Marzo<o:p><\/o:p><\/span><\/p>\n<p class=MsoNormal style=\"MARGIN: 0cm 0cm 0pt 36pt; TEXT-INDENT: -36pt; TEXT-ALIGN: justify; mso-list: l0 level1 lfo1; tab-stops: list 18.0pt\"><span style=\"COLOR: black\"><span style=\"mso-list: Ignore\">&#8211;<span style=\"FONT: 7pt 'Times New Roman'\"> <\/span><\/span><\/span><span style=\"COLOR: black\">Sala Sarao de Logro\u00f1o, en Octubre<o:p><\/o:p><\/span><\/p>\n<p class=MsoNormal style=\"MARGIN: 0cm 0cm 0pt 36pt; TEXT-INDENT: -36pt; TEXT-ALIGN: justify; mso-list: l0 level1 lfo1; tab-stops: list 18.0pt\"><span style=\"COLOR: black\"><span style=\"mso-list: Ignore\">&#8211;<span style=\"FONT: 7pt 'Times New Roman'\"> <\/span><\/span><\/span><span style=\"COLOR: black\">Sala Avenida de Logro\u00f1o (actualmente discoteca Aural) en Diciembre.<o:p><\/o:p><\/span><\/p>\n<p class=MsoNormal style=\"MARGIN: 0cm 0cm 0pt; TEXT-ALIGN: justify\"><span style=\"COLOR: black\"><o:p><\/o:p><\/span><\/p>\n<p class=MsoNormal style=\"MARGIN: 0cm 0cm 0pt; TEXT-ALIGN: justify\"><span style=\"COLOR: black\">Grabamos una maqueta en los primitivos estudios Sonovisi\u00f3n de la calle Sagasta (con master de bobina\u2026) en Febrero de 1.989 y a continuaci\u00f3n el grupo se disolvi\u00f3.<o:p><\/o:p><\/span><\/p>\n<p class=MsoNormal style=\"MARGIN: 0cm 0cm 0pt; TEXT-ALIGN: justify\"><span style=\"COLOR: black\">En Junio de 1.990 un representante de la discogr\u00e1fica EMI se interes\u00f3 por nosotros pero ya era demasiado tarde\u2026 una pena.<o:p><\/o:p><\/span><\/p>\n<p class=MsoNormal style=\"MARGIN: 0cm 0cm 0pt; TEXT-ALIGN: justify\"><span style=\"COLOR: black\">Quedaron como documentos sonoros la maqueta mencionada (sin terminar de mezclar ni masterizar) y una grabaci\u00f3n en directo del concierto del Avenida en cinta de cassette.<\/span><\/p>\n<p><span style=\"COLOR: black\"><o:p><\/o:p><\/span> <\/p>\n<p class=MsoNormal style=\"MARGIN: 0cm 0cm 0pt; TEXT-ALIGN: justify\">\n<p><img id=img_1 style=\"WIDTH: 558px; HEIGHT: 280px\" height=208 src=\"\/\/img118.imageshack.us\/img118\/7\/cartellisnw8.jpg\" width=492\/><\/p>\n<p>Logotipo original de LIS<\/p>\n<p class=MsoNormal style=\"MARGIN: 0cm 0cm 0pt; TEXT-ALIGN: justify\">\n<p class=MsoNormal style=\"MARGIN: 0cm 0cm 0pt; TEXT-ALIGN: justify\">\n<p class=MsoNormal style=\"MARGIN: 0cm 0cm 0pt; TEXT-ALIGN: justify\"><b style=\"mso-bidi-font-weight: normal\"><span style=\"COLOR: black\">Actualmente, \u00bfqui\u00e9n queda de aquellas bandas?<o:p><\/o:p><\/span><\/b><\/p>\n<p class=MsoNormal style=\"MARGIN: 0cm 0cm 0pt; TEXT-ALIGN: justify\"><span style=\"COLOR: black\">Quedamos s\u00f3lo Gonzalo y <st1:personname w:st=\"on\">Jose<\/st1:personname>, los dos como guitarras, ya que <st1:personname w:st=\"on\">Jose<\/st1:personname> ha abandonado el bajo y lo ha cambiado por la guitarra, su aut\u00e9ntica pasi\u00f3n.En un principio nos juntamos para el concierto homenaje a Gabi Lozano en septiembre de 2.007 y ya decidimos tirar para adelante con ello. Actualmente contamos con excepcionales m\u00fasicos y compa\u00f1eros de banda que son Rub\u00e9n Ciano a la voz, Fernando Castillo al bajo y Fran Gonzalo \u201cJafo\u201d a la bater\u00eda.<o:p><\/o:p><\/span><\/p>\n<p class=MsoNormal style=\"MARGIN: 0cm 0cm 0pt; TEXT-ALIGN: justify\"><b style=\"mso-bidi-font-weight: normal\"><span style=\"COLOR: black\"><o:p><\/o:p><\/span><\/b><\/p>\n<p class=MsoNormal style=\"MARGIN: 0cm 0cm 0pt; TEXT-ALIGN: justify\"><b style=\"mso-bidi-font-weight: normal\"><span style=\"COLOR: black\">\u00bfPor qu\u00e9 decidisteis adoptar un nuevo nombre para el grupo y no rescatar a Vado o Lis?<o:p><\/o:p><\/span><\/b><\/p>\n<p class=MsoNormal style=\"MARGIN: 0cm 0cm 0pt; TEXT-ALIGN: justify\"><span style=\"COLOR: black\">Porque aunque estamos \u201crescatando\u201d parte de sus temas originales, aquellas bandas nacieron y murieron\u2026 esto es otra historia. Adem\u00e1s ya hay un grupo actualmente con el nombre de Vado Permanente en Vilagarc\u00eda de Arosa y no ten\u00edamos ganas de entrar en posibles conflictos por el tema del nombre<b style=\"mso-bidi-font-weight: normal\">.<o:p><\/o:p><\/b><\/span><\/p>\n<p class=MsoNormal style=\"MARGIN: 0cm 0cm 0pt; TEXT-ALIGN: justify\"><b style=\"mso-bidi-font-weight: normal\"><span style=\"COLOR: black\"><o:p><\/o:p><\/span><\/b><\/p>\n<p class=MsoNormal style=\"MARGIN: 0cm 0cm 0pt; TEXT-ALIGN: justify\"><b style=\"mso-bidi-font-weight: normal\"><span style=\"COLOR: black\">Para los que todav\u00eda no os hayan escuchado\u2026\u00bfQu\u00e9 tipo de m\u00fasica hace Innervoice?<o:p><\/o:p><\/span><\/b><\/p>\n<p class=MsoNormal style=\"MARGIN: 0cm 0cm 0pt; TEXT-ALIGN: justify\"><span style=\"COLOR: black\">La verdad es que hemos retomado las cosas donde las dejamos, y por eso intentamos mantener en las canciones el mismo esp\u00edritu con el que fueron concebidas.<o:p><\/o:p><\/span><\/p>\n<p class=MsoNormal style=\"MARGIN: 0cm 0cm 0pt; TEXT-ALIGN: justify\"><span style=\"COLOR: black\">Seguimos haciendo lo que hac\u00edamos y nos gustaba, hardrock ochentero, AOR seg\u00fan los m\u00e1s puristas, pero intentamos que, aunque son temas que tienen unos 20 a\u00f1os o m\u00e1s, tengan un sonido fresco y actual. En ello estamos trabajando<b style=\"mso-bidi-font-weight: normal\">.<o:p><\/o:p><\/b><\/span><\/p>\n<p class=MsoNormal style=\"MARGIN: 0cm 0cm 0pt; TEXT-ALIGN: justify\"><b style=\"mso-bidi-font-weight: normal\"><span style=\"COLOR: black\"><o:p><\/o:p><\/span><\/b><\/p>\n<p class=MsoNormal style=\"MARGIN: 0cm 0cm 0pt; TEXT-ALIGN: justify\"><b style=\"mso-bidi-font-weight: normal\"><span style=\"COLOR: black\">En vuestro regreso a la actividad musical, \u00bfQu\u00e9 cambios habeis notado en esta nueva andadura por la escena riojana?<o:p><\/o:p><\/span><\/b><\/p>\n<p class=MsoNormal style=\"MARGIN: 0cm 0cm 0pt; TEXT-ALIGN: justify\"><span style=\"COLOR: black\">La verdad es que no tiene nada que ver lo que dejamos y lo que nos encontramos, tanto a nivel de cantidad como de calidad de bandas.De la misma forma los medios t\u00e9cnicos a los que ahora se tiene acceso (software y hardware orientado a grabaci\u00f3n y edici\u00f3n de audio e internet \u2013 myspace, youtube, web, etc\u2026) facilitan enormemente las posibilidades de dar a conocer nuestra m\u00fasica.Adem\u00e1s hay much\u00edsimos m\u00e1s apoyos e iniciativas institucionales para la m\u00fasica y los m\u00fasicos que los que pod\u00edamos encontrar en aquellos \u201cduros\u201d primeros a\u00f1os del rock en esta regi\u00f3n.<o:p><\/o:p><\/span><\/p>\n<p class=MsoNormal style=\"MARGIN: 0cm 0cm 0pt; TEXT-ALIGN: justify\"><b style=\"mso-bidi-font-weight: normal\"><span style=\"COLOR: black\"><o:p><\/o:p><\/span><\/b><\/p>\n<p class=MsoNormal style=\"MARGIN: 0cm 0cm 0pt; TEXT-ALIGN: justify\"><b style=\"mso-bidi-font-weight: normal\"><span style=\"COLOR: black\">Recientemente grabasteis un single titulado \u201cFlor de Lis\u201d con el que incluso os llegasteis a presentar a Eurovisi\u00f3n 2008. \u00bfC\u00f3mo se os ocurri\u00f3 la idea?<o:p><\/o:p><\/span><\/b><\/p>\n<p class=MsoNormal style=\"MARGIN: 0cm 0cm 0pt; TEXT-ALIGN: justify\"><span style=\"COLOR: black\">S\u00ed, la verdad es que intentamos adelantar y dar a conocer parte de nuestro trabajo con fines promocionales y lo grabamos en los reci\u00e9n inaugurados estudios Sonosfera de Calahorra.Dio la casualidad que coincidi\u00f3 el lanzamiento de nuestro cd-single con la selecci\u00f3n del tema para Eurovisi\u00f3n a trav\u00e9s de myspace y nos dijimos\u2026 por qu\u00e9 no?<o:p><\/o:p><\/span><\/p>\n<p class=MsoNormal style=\"MARGIN: 0cm 0cm 0pt; TEXT-ALIGN: justify\"><span style=\"COLOR: black\">Seguramente tal y c\u00f3mo est\u00e1n las cosas hoy en d\u00eda no hubi\u00e9ramos llegado a ning\u00fan sitio, pero\u2026 qui\u00e9n sabe? <o:p><\/o:p><\/span><\/p>\n<p class=MsoNormal style=\"MARGIN: 0cm 0cm 0pt; TEXT-ALIGN: justify\"><span style=\"COLOR: black\"><o:p><\/o:p><\/span><\/p>\n<p class=MsoNormal style=\"MARGIN: 0cm 0cm 0pt; TEXT-ALIGN: justify\"><span style=\"COLOR: black\">Ya hemos visto el resultado del certamen\u2026 cualquier cosa es posible (sobretodo si tienes \u201capoyos\u201d\u2026)Luego retiramos nuestra candidatura porque vimos que una de las condiciones para participar era que la canci\u00f3n no excediera de 3 minutos, cosa que no cumpl\u00edamos.<\/span><\/p>\n<p><span style=\"COLOR: black\"><\/span><\/p>\n<p><span style=\"COLOR: black\"><o:p><\/o:p><\/span><\/p>\n<p class=MsoNormal style=\"MARGIN: 0cm 0cm 0pt; TEXT-ALIGN: justify\">\n<p class=MsoNormal style=\"MARGIN: 0cm 0cm 0pt; TEXT-ALIGN: justify\">\n<p class=MsoNormal style=\"MARGIN: 0cm 0cm 0pt; TEXT-ALIGN: justify\">\n<p class=MsoNormal style=\"MARGIN: 0cm 0cm 0pt; TEXT-ALIGN: justify\">\n<p class=MsoNormal style=\"MARGIN: 0cm 0cm 0pt; TEXT-ALIGN: justify\"><img id=img_2 style=\"WIDTH: 556px; HEIGHT: 347px\" height=901 src=\"\/\/img517.imageshack.us\/img517\/7024\/dsc0234fn3.jpg\" width=1301\/><\/p>\n<p class=MsoNormal style=\"MARGIN: 0cm 0cm 0pt; TEXT-ALIGN: justify\">\n<p class=MsoNormal style=\"MARGIN: 0cm 0cm 0pt; TEXT-ALIGN: justify\">\n<p class=MsoNormal style=\"MARGIN: 0cm 0cm 0pt; TEXT-ALIGN: justify\">\n<p class=MsoNormal style=\"MARGIN: 0cm 0cm 0pt; TEXT-ALIGN: justify\">\n<p class=MsoNormal style=\"MARGIN: 0cm 0cm 0pt; TEXT-ALIGN: justify\">Innervoice en directo<\/p>\n<p class=MsoNormal style=\"MARGIN: 0cm 0cm 0pt; TEXT-ALIGN: justify\">\n<p class=MsoNormal style=\"MARGIN: 0cm 0cm 0pt; TEXT-ALIGN: justify\">\n<p class=MsoNormal style=\"MARGIN: 0cm 0cm 0pt; TEXT-ALIGN: justify\">\n<p class=MsoNormal style=\"MARGIN: 0cm 0cm 0pt; TEXT-ALIGN: justify\">\n<p class=MsoNormal style=\"MARGIN: 0cm 0cm 0pt; TEXT-ALIGN: justify\">\n<p class=MsoNormal style=\"MARGIN: 0cm 0cm 0pt; TEXT-ALIGN: justify\">\n<p class=MsoNormal style=\"MARGIN: 0cm 0cm 0pt; TEXT-ALIGN: justify\">\n<p class=MsoNormal style=\"MARGIN: 0cm 0cm 0pt; TEXT-ALIGN: justify\">\n<p class=MsoNormal style=\"MARGIN: 0cm 0cm 0pt; TEXT-ALIGN: justify\">\n<p class=MsoNormal style=\"MARGIN: 0cm 0cm 0pt; TEXT-ALIGN: justify\"><b style=\"mso-bidi-font-weight: normal\"><span style=\"COLOR: black\"><\/span><\/b><\/p>\n<p class=MsoNormal style=\"MARGIN: 0cm 0cm 0pt; TEXT-ALIGN: justify\"><b style=\"mso-bidi-font-weight: normal\"><span style=\"COLOR: black\">\u00bfExisten ahora mismo m\u00e1s facilidades que antes para los m\u00fasicos que empiezan en esto?<o:p><\/o:p><\/span><\/b><\/p>\n<p class=MsoNormal style=\"MARGIN: 0cm 0cm 0pt; TEXT-ALIGN: justify\"><span style=\"COLOR: black\">No tiene nada que ver, supongo que todo el mundo sufre lo que le toca en su momento, pero puedo asegurar que ahora gracias al \u201cmundo virtual\u201d ebay, foros, p\u00e1ginas web especificas con tiendas virtuales, etc\u2026 todo el mundo tiene f\u00e1cil acceso a material de gran calidad a precios razonables, adem\u00e1s, claro est\u00e1, de las tiendas especializadas de nuestra capital y alrededores.<o:p><\/o:p><\/span><\/p>\n<p class=MsoNormal style=\"MARGIN: 0cm 0cm 0pt; TEXT-ALIGN: justify\"><span style=\"COLOR: black\"><o:p><\/o:p><\/span><\/p>\n<p class=MsoNormal style=\"MARGIN: 0cm 0cm 0pt; TEXT-ALIGN: justify\"><span style=\"COLOR: black\">Adem\u00e1s como norma general los j\u00f3venes tienes m\u00e1s capacidad econ\u00f3mica que la que ten\u00edamos nosotros entonces y adem\u00e1s hay mucho m\u00e1s donde elegir y un rango de precios mucho m\u00e1s amplio.Entonces hab\u00eda poco y era o bien muy caro, o bien muy malo. Y el mercado de segunda mano se restring\u00eda a lo que ten\u00edas cercano, no exist\u00eda ese mundillo virtual.<o:p><\/o:p><\/span><\/p>\n<p class=MsoNormal style=\"MARGIN: 0cm 0cm 0pt; TEXT-ALIGN: justify\"><span style=\"COLOR: black\"><o:p><\/o:p><\/span><\/p>\n<p class=MsoNormal style=\"MARGIN: 0cm 0cm 0pt; TEXT-ALIGN: justify\"><span style=\"COLOR: black\">Hab\u00eda poco donde elegir si no ten\u00edas mucho dinero, que era lo m\u00e1s habitual.<o:p><\/o:p><\/span><\/p>\n<p class=MsoNormal style=\"MARGIN: 0cm 0cm 0pt; TEXT-ALIGN: justify\"><span style=\"COLOR: black\">Adem\u00e1s hay muchos m\u00e1s locales de ensayo, iniciativas y ayudas institucionales, etc\u2026 que antes no ten\u00edamos apenas.Ciertamente lo tienen much\u00edsimo m\u00e1s f\u00e1cil.<o:p><\/o:p><\/span><\/p>\n<p class=MsoNormal style=\"MARGIN: 0cm 0cm 0pt; TEXT-ALIGN: justify\"><b style=\"mso-bidi-font-weight: normal\"><span style=\"COLOR: black\"><o:p><\/o:p><\/span><\/b><\/p>\n<p class=MsoNormal style=\"MARGIN: 0cm 0cm 0pt; TEXT-ALIGN: justify\"><b style=\"mso-bidi-font-weight: normal\"><span style=\"COLOR: black\">\u00bfC\u00f3mo veis la escena riojana?\u00bfGoza de tan buena salud como se cuenta?<o:p><\/o:p><\/span><\/b><\/p>\n<p class=MsoNormal style=\"MARGIN: 0cm 0cm 0pt; TEXT-ALIGN: justify\"><span style=\"COLOR: black\">Sinceramente pensamos que hay mucho y muy bueno \u2013 tambi\u00e9n hay mucho y no tan bueno \u2013 y adem\u00e1s hay mucho movimiento, grabaciones, lanzamientos, conciertos, festivales, tributos, etc\u2026 Se est\u00e1n alcanzando objetivos antes inimaginables, hay grupos riojanos que act\u00faan en el extranjero, que ganan concursos a nivel nacional\u2026 Creemos que est\u00e1 en su mejor momento, al menos de todo lo que nosotros hemos conocido<b style=\"mso-bidi-font-weight: normal\">.<o:p><\/o:p><\/b><\/span><\/p>\n<p class=MsoNormal style=\"MARGIN: 0cm 0cm 0pt; TEXT-ALIGN: justify\"><b style=\"mso-bidi-font-weight: normal\"><span style=\"COLOR: black\"><o:p><\/o:p><\/span><\/b><\/p>\n<p class=MsoNormal style=\"MARGIN: 0cm 0cm 0pt; TEXT-ALIGN: justify\"><b style=\"mso-bidi-font-weight: normal\"><span style=\"COLOR: black\">\u00bfQu\u00e9 objetivos musicales os habeis marcado en esta nueva etapa, si es que lo habeis hecho?<o:p><\/o:p><\/span><\/b><\/p>\n<p class=MsoNormal style=\"MARGIN: 0cm 0cm 0pt; TEXT-ALIGN: justify\"><span style=\"COLOR: black\">Simplemente dar a conocer aquello que con tanta ilusi\u00f3n creamos hace muchos a\u00f1os y que sinceramente, con el coraz\u00f3n en la mano, creemos que merece la pena recuperar y mostrar.<o:p><\/o:p><\/span><\/p>\n<p class=MsoNormal style=\"MARGIN: 0cm 0cm 0pt; TEXT-ALIGN: justify\"><b style=\"mso-bidi-font-weight: normal\"><span style=\"COLOR: black\"><o:p><\/o:p><\/span><\/b><\/p>\n<p class=MsoNormal style=\"MARGIN: 0cm 0cm 0pt; TEXT-ALIGN: justify\"><b style=\"mso-bidi-font-weight: normal\"><span style=\"COLOR: black\">\u00bfSe os podr\u00e1 ver en directo pr\u00f3ximamente?<o:p><\/o:p><\/span><\/b><\/p>\n<p class=MsoNormal style=\"MARGIN: 0cm 0cm 0pt; TEXT-ALIGN: justify\"><span style=\"COLOR: black\">La verdad es que no ten\u00edamos previsto salir \u201ca escena\u201d tan pronto, pero hay compromisos adquiridos que cumplir, y seguramente el primero de ellos sea en Pradej\u00f3n a finales de Agosto, dentro de las Fiestas Patronales.<o:p><\/o:p><\/span><\/p>\n<p class=MsoNormal style=\"MARGIN: 0cm 0cm 0pt; TEXT-ALIGN: justify\"><span style=\"COLOR: black\">Luego seguir\u00e1n otro par de ellos m\u00e1s en la capital logro\u00f1esa.<o:p><\/o:p><\/span><\/p>\n<p class=MsoNormal style=\"MARGIN: 0cm 0cm 0pt; TEXT-ALIGN: justify\"><span style=\"COLOR: black\">De todas formas haremos pocos directos, ya que estamos muy centrados en el trabajo de local de ensayo y tenemos mucho qu\u00e9 hacer, como te puedes imaginar.<o:p><\/o:p><\/span><\/p>\n<p class=MsoNormal style=\"MARGIN: 0cm 0cm 0pt; TEXT-ALIGN: justify\"><b style=\"mso-bidi-font-weight: normal\"><span style=\"COLOR: black\"><o:p><\/o:p><\/span><\/b><\/p>\n<p class=MsoNormal style=\"MARGIN: 0cm 0cm 0pt; TEXT-ALIGN: justify\"><b style=\"mso-bidi-font-weight: normal\"><span style=\"COLOR: black\">\u00bfAlg\u00fan proyecto discogr\u00e1fico a corto o largo plazo para Innervoice?<o:p><\/o:p><\/span><\/b><\/p>\n<p class=MsoNormal style=\"MARGIN: 0cm 0cm 0pt; TEXT-ALIGN: justify\"><span style=\"COLOR: black\">Tenemos intenci\u00f3n, si todo va bien, de grabar un cd con una docena de temas originales de LIS y alguno m\u00e1s de Vado a finales de a\u00f1o, pero primero tenemos que recuperar todo ese material y arreglarlo para presentarlo al p\u00fablico en condiciones. Hay mucho trabajo detr\u00e1s de este proyecto y estamos trabajando duro en ello.<o:p><\/o:p><\/span><\/p>\n<p class=MsoNormal style=\"MARGIN: 0cm 0cm 0pt; TEXT-ALIGN: justify\"><span style=\"COLOR: black\"><o:p><\/o:p><\/span><\/p>\n<p class=MsoNormal style=\"MARGIN: 0cm 0cm 0pt; TEXT-ALIGN: justify\"><span style=\"COLOR: black\">Acabamos de participar y de ser seleccionados para el recopilatorio GOTA MUSIC vol II en el que aparece nuestro tema Flor de Lis y en breve entraremos a grabar nuestra personal aportaci\u00f3n al tributo a Rosendo Mercado que han organizado conocidos y reconocidos m\u00fasico-pensantes (gracias Bicho y Kb por admitirnos en ese proyecto) con el patrocinio del Ayuntamiento de Logro\u00f1o.<\/span><\/p>\n<p><span style=\"COLOR: black\"><\/span><\/p>\n<p class=MsoNormal style=\"MARGIN: 0cm 0cm 0pt; TEXT-ALIGN: justify\">\n<p class=MsoNormal style=\"MARGIN: 0cm 0cm 0pt; TEXT-ALIGN: justify\"><span style=\"COLOR: black\"><\/span><\/p>\n<p class=MsoNormal style=\"MARGIN: 0cm 0cm 0pt; TEXT-ALIGN: justify\"><span style=\"COLOR: black\"><o:p><\/o:p><\/span><\/p>\n<p class=MsoNormal style=\"MARGIN: 0cm 0cm 0pt; TEXT-ALIGN: justify\">\n<p class=MsoNormal style=\"MARGIN: 0cm 0cm 0pt; TEXT-ALIGN: justify\">\n<p class=MsoNormal style=\"MARGIN: 0cm 0cm 0pt; TEXT-ALIGN: justify\">\n<p class=MsoNormal style=\"MARGIN: 0cm 0cm 0pt; TEXT-ALIGN: justify\"><img id=img_3 style=\"WIDTH: 555px; HEIGHT: 264px\" height=609 src=\"\/\/img179.imageshack.us\/img179\/8643\/copiadeestudio2008qs8.jpg\" width=1383\/><\/p>\n<p class=MsoNormal style=\"MARGIN: 0cm 0cm 0pt; TEXT-ALIGN: justify\">\n<p class=MsoNormal style=\"MARGIN: 0cm 0cm 0pt; TEXT-ALIGN: justify\">\n<p class=MsoNormal style=\"MARGIN: 0cm 0cm 0pt; TEXT-ALIGN: justify\">\n<p class=MsoNormal style=\"MARGIN: 0cm 0cm 0pt; TEXT-ALIGN: justify\">Formaci\u00f3n Innervoice 2008<\/p>\n<p class=MsoNormal style=\"MARGIN: 0cm 0cm 0pt; TEXT-ALIGN: justify\">\n<p class=MsoNormal style=\"MARGIN: 0cm 0cm 0pt; TEXT-ALIGN: justify\">\n<p class=MsoNormal style=\"MARGIN: 0cm 0cm 0pt; TEXT-ALIGN: justify\">\n<p class=MsoNormal style=\"MARGIN: 0cm 0cm 0pt; TEXT-ALIGN: justify\">\n<p class=MsoNormal style=\"MARGIN: 0cm 0cm 0pt; TEXT-ALIGN: justify\">\n<p class=MsoNormal style=\"MARGIN: 0cm 0cm 0pt; TEXT-ALIGN: justify\">\n<p class=MsoNormal style=\"MARGIN: 0cm 0cm 0pt; TEXT-ALIGN: justify\">\n<p class=MsoNormal style=\"MARGIN: 0cm 0cm 0pt; TEXT-ALIGN: justify\">\n<p class=MsoNormal style=\"MARGIN: 0cm 0cm 0pt; TEXT-ALIGN: justify\">\n<p class=MsoNormal style=\"MARGIN: 0cm 0cm 0pt; TEXT-ALIGN: justify\"><b style=\"mso-bidi-font-weight: normal\"><span style=\"COLOR: black\"><\/span><\/b><\/p>\n<p class=MsoNormal style=\"MARGIN: 0cm 0cm 0pt; TEXT-ALIGN: justify\"><b style=\"mso-bidi-font-weight: normal\"><span style=\"COLOR: black\">Para aquellos que quieran contactar con vosotros o simplemente oir lo que haceis ahora, \u00bfD\u00f3nde se os puede encontrar?<o:p><\/o:p><\/span><\/b><\/p>\n<p class=MsoNormal style=\"MARGIN: 0cm 0cm 0pt; TEXT-ALIGN: justify\"><span style=\"COLOR: black\">Con motivo de lo de Eurovisi\u00f3n creamos un myspace en el que \u00fanicamente colgamos nuestro tema promocional Flor de Lis y es <a href=\"http:\/\/www.myspace.com\/rockinnervoice\"><span style=\"COLOR: black\">www.myspace.com\/rockinnervoice<\/span><\/a> adem\u00e1s estamos trabajando en nuestra web <a href=\"http:\/\/www.innervoice.es\/\"><span style=\"COLOR: black\">www.innervoice.es<\/span><\/a> la cual estar\u00e1 operativa seguramente a finales de a\u00f1o.Pero de momento la \u00fanica forma de escuchar lo que hacemos es venir al local de ensayo, por el que ya ha pasado alg\u00fan que otro amigo.<o:p><\/o:p><\/span><\/p>\n<p class=MsoNormal style=\"MARGIN: 0cm 0cm 0pt; TEXT-ALIGN: justify\"><b style=\"mso-bidi-font-weight: normal\"><span style=\"COLOR: black\"><span style=\"mso-spacerun: yes\"><\/span><o:p><\/o:p><\/span><\/b><\/p>\n<p class=MsoNormal style=\"MARGIN: 0cm 0cm 0pt; TEXT-ALIGN: justify\"><b style=\"mso-bidi-font-weight: normal\"><span style=\"COLOR: black\">Desearos lo mejor desde Metal Pesado y si quereis a\u00f1adir algo m\u00e1s\u2026<o:p><\/o:p><\/span><\/b><\/p>\n<p class=MsoNormal style=\"MARGIN: 0cm 0cm 0pt; TEXT-ALIGN: justify\"><span style=\"COLOR: black\">Simplemente agradeceros la deferencia de prestarnos vuestro espacio para darnos a conocer (de nuevo\u2026) y tambi\u00e9n queremos aprovechar para dar las gracias de coraz\u00f3n a toda la gente que nos ha echado una mano en este nuevo comienzo de andadura musical, que no han sido pocos, unos desde dentro (Oscar Ortega, J. Ram\u00f3n Le\u00f3n \u201cMontxi\u201d y Germ\u00e1n) y otros desde fuera de la banda (Garba, Angel, etc\u2026).<o:p><\/o:p><\/span><\/p>\n<p class=MsoNormal style=\"MARGIN: 0cm 0cm 0pt; TEXT-ALIGN: justify\"><span style=\"COLOR: black\"><o:p><\/o:p><\/span><\/p>\n<p class=MsoNormal style=\"MARGIN: 0cm 0cm 0pt; TEXT-ALIGN: justify\"><span style=\"COLOR: black\">Y por supuesto y principalmente agradecer a los que nos acompa\u00f1an en este proyecto y que nos ayudan a llevarlo a buen puerto y que son y forman el resto de componentes de INNERVOICE:<o:p><\/o:p><\/span><\/p>\n<p class=MsoNormal style=\"MARGIN: 0cm 0cm 0pt; TEXT-ALIGN: justify\"><span style=\"COLOR: black\">Rub\u00e9n, Fernando y Fran Gonzalo \u201cJafo\u201d.<o:p><\/o:p><\/span><\/p>\n<p class=MsoNormal style=\"MARGIN: 0cm 0cm 0pt; TEXT-ALIGN: justify\"><i style=\"mso-bidi-font-style: normal\"><u><span style=\"COLOR: black\">Sin ellos nada de esto ser\u00eda posible.<o:p><\/o:p><\/span><\/u><\/i><\/p>\n<p class=MsoNormal style=\"MARGIN: 0cm 0cm 0pt; TEXT-ALIGN: justify\"><span style=\"COLOR: black\"><o:p><\/o:p><\/span><\/p>\n<p class=MsoNormal style=\"MARGIN: 0cm 0cm 0pt; TEXT-ALIGN: justify\"><span style=\"COLOR: black\">Y que esperamos colmar las expectativas que sabemos que se han creado en torno a este proyecto. Al tiempo!!<o:p><\/o:p><\/span><\/p>\n<p class=MsoNormal style=\"MARGIN: 0cm 0cm 0pt; TEXT-ALIGN: justify\"><span style=\"COLOR: black\"><o:p><\/o:p><\/span><\/p>\n<p class=MsoNormal style=\"MARGIN: 0cm 0cm 0pt; TEXT-ALIGN: justify\"><span style=\"COLOR: black\">Gracias y un abrazo a todos.<o:p><\/o:p><\/span><\/p>\n<p class=MsoNormal style=\"MARGIN: 0cm 0cm 0pt; TEXT-ALIGN: justify\">\n<p><\/span><\/p>\n<p class=MsoNormal style=\"MARGIN: 0cm 0cm 0pt; TEXT-ALIGN: justify\">\n","protected":false},"excerpt":{"rendered":"<p>Dicen que lo prometido es deuda. Aqu\u00ed teneis la entrevista que realiz\u00e9 a los riojanos INNERVOICE hace unos dias a prop\u00f3sito de su retorno a la actualidad musical. Este nuevo grupo eclosiona como un joven ave f\u00e9nix surgido de las cenizas de VADO PERMANENTE y LIS ( un par de bandas ochenteras de la capital [&hellip;]<\/p>\n","protected":false},"author":12,"featured_media":0,"comment_status":"open","ping_status":"closed","sticky":false,"template":"","format":"standard","meta":[],"categories":[4],"tags":[1059,1242],"_links":{"self":[{"href":"https:\/\/blogs.larioja.com\/metalpesado\/wp-json\/wp\/v2\/posts\/85"}],"collection":[{"href":"https:\/\/blogs.larioja.com\/metalpesado\/wp-json\/wp\/v2\/posts"}],"about":[{"href":"https:\/\/blogs.larioja.com\/metalpesado\/wp-json\/wp\/v2\/types\/post"}],"author":[{"embeddable":true,"href":"https:\/\/blogs.larioja.com\/metalpesado\/wp-json\/wp\/v2\/users\/12"}],"replies":[{"embeddable":true,"href":"https:\/\/blogs.larioja.com\/metalpesado\/wp-json\/wp\/v2\/comments?post=85"}],"version-history":[{"count":1,"href":"https:\/\/blogs.larioja.com\/metalpesado\/wp-json\/wp\/v2\/posts\/85\/revisions"}],"predecessor-version":[{"id":3760,"href":"https:\/\/blogs.larioja.com\/metalpesado\/wp-json\/wp\/v2\/posts\/85\/revisions\/3760"}],"wp:attachment":[{"href":"https:\/\/blogs.larioja.com\/metalpesado\/wp-json\/wp\/v2\/media?parent=85"}],"wp:term":[{"taxonomy":"category","embeddable":true,"href":"https:\/\/blogs.larioja.com\/metalpesado\/wp-json\/wp\/v2\/categories?post=85"},{"taxonomy":"post_tag","embeddable":true,"href":"https:\/\/blogs.larioja.com\/metalpesado\/wp-json\/wp\/v2\/tags?post=85"}],"curies":[{"name":"wp","href":"https:\/\/api.w.org\/{rel}","templated":true}]}}