{"id":88,"date":"2008-09-22T16:42:53","date_gmt":"2008-09-22T16:42:53","guid":{"rendered":"http:\/\/blogs.larioja.com\/metalpesado\/?p=88"},"modified":"2025-09-10T17:39:05","modified_gmt":"2025-09-10T15:39:05","slug":"ataxia-f-dan-cara","status":"publish","type":"post","link":"https:\/\/blogs.larioja.com\/metalpesado\/ataxia-f-dan-cara\/","title":{"rendered":"\u00a1ATAXIA-F DAN LA CARA!"},"content":{"rendered":"<p><meta http-equiv=\"Content-Type\" content=\"text\/html; charset=utf-8\"\/><meta name=\"ProgId\" content=\"Word.Document\"\/><meta name=\"Generator\" content=\"Microsoft Word 11\"\/><meta name=\"Originator\" content=\"Microsoft Word 11\"\/><link rel=\"File-List\" href=\"file:\/\/\/C:%5CDOCUME%7E1%5CHEAVYM%7E1%5CCONFIG%7E1%5CTemp%5Cmsohtml1%5C01%5Cclip_filelist.xml\"\/><o:smarttagtype namespaceuri=\"urn:schemas-microsoft-com:office:smarttags\" name=\"PersonName\"><\/o:smarttagtype><!--[if gte mso 9]><xml>  <w:worddocument>   <w:view>Normal<\/w:view>   <w:zoom>0<\/w:zoom>   <w:hyphenationzone>21<\/w:hyphenationzone>   <w:punctuationkerning><\/w:punctuationkerning>   <w:validateagainstschemas><\/w:validateagainstschemas>   <w:saveifxmlinvalid>false<\/w:saveifxmlinvalid>   <w:ignoremixedcontent>false<\/w:ignoremixedcontent>   <w:alwaysshowplaceholdertext>false<\/w:alwaysshowplaceholdertext>   <w:compatibility>    <w:breakwrappedtables><\/w:breakwrappedtables>    <w:snaptogridincell><\/w:snaptogridincell>    <w:wraptextwithpunct><\/w:wraptextwithpunct>    <w:useasianbreakrules><\/w:useasianbreakrules>    <w:dontgrowautofit><\/w:dontgrowautofit>   <\/w:compatibility>   <w:browserlevel>MicrosoftInternetExplorer4<\/w:browserlevel>  <\/w:worddocument> <\/xml>< ![endif]--><!--[if gte mso 9]><xml>  <w:latentstyles DefLockedState=\"false\" LatentStyleCount=\"156\">  <\/w:latentstyles> <\/xml>< ![endif]--><!--[if !mso]><object classid=\"clsid:38481807-CA0E-42D2-BF39-B33AF135CC4D\" id=ieooui><\/object> \n\n<style> st1\\:*{behavior:url(#ieooui) } <\/style>\n\n < ![endif]--><\/p>\n<style> <!--  \/* Style Definitions *\/  p.MsoNormal, li.MsoNormal, div.MsoNormal {mso-style-parent:\"\"; margin:0cm; margin-bottom:.0001pt; mso-pagination:widow-orphan; font-size:12.0pt; font-family:\"Times New Roman\"; mso-fareast-font-family:\"Times New Roman\"; mso-ansi-language:ES-TRAD;} @page Section1 {size:595.3pt 841.9pt; margin:70.85pt 3.0cm 70.85pt 3.0cm; mso-header-margin:35.4pt; mso-footer-margin:35.4pt; mso-paper-source:0;} div.Section1 {page:Section1;} --> <\/style>\n<p><!--[if gte mso 10]> \n\n<style>  \/* Style Definitions *\/  table.MsoNormalTable {mso-style-name:\"Tabla normal\"; mso-tstyle-rowband-size:0; mso-tstyle-colband-size:0; mso-style-noshow:yes; mso-style-parent:\"\"; mso-padding-alt:0cm 5.4pt 0cm 5.4pt; mso-para-margin:0cm; mso-para-margin-bottom:.0001pt; mso-pagination:widow-orphan; font-size:10.0pt; font-family:\"Times New Roman\"; mso-ansi-language:#0400; mso-fareast-language:#0400; mso-bidi-language:#0400;} <\/style>\n\n < ![endif]-->  <\/p>\n<p class=\"MsoNormal\" style=\"text-align: justify;\"><img class=\"imgcen\" src=\"\/\/2.bp.blogspot.com\/_zTqkODlHyiE\/SNZzewf6wYI\/AAAAAAAAAUs\/z9-OTwsXk2g\/s320\/ATAXIAFportadaCD.jpg\" id=\"img_0\"\/><\/p>\n<p class=\"MsoNormal\" style=\"text-align: justify;\"><span lang=\"ES-TRAD\">Los de Briones vuelven a ser noticia. Esta vez nos enteramos gracias al art\u00edculo publicado en el Diario <st1:personname productid=\"La Rioja\" w:st=\"on\">La Rioja<\/st1:personname> por el periodista Sanda Sainz, que ATAXIA-F va a participar de manera solidaria en un concierto ben\u00e9fico a favor de los afectados por la enfermedad cuyo nombre bautiza a la banda y que se celebrar\u00e1 en la localidad madrile\u00f1a de Boadilla del Monte el pr\u00f3ximo 21 de Noviembre.<\/span><\/p>\n<p class=\"MsoNormal\"><span lang=\"ES-TRAD\"><o:p><\/o:p>Todos los detalles de la noticia los teneis<\/span><a href=\"http:\/\/www.larioja.com\/20080921\/cultura\/death-metal-solidario-20080921.html\" title=\"http:\/\/www.larioja.com\/20080921\/cultura\/death-metal-solidario-20080921.html\" id=\"link_1\"> AQUI<\/a>  <span lang=\"ES-TRAD\">.<\/p>\n<p> \u00a1Una vez m\u00e1s los m\u00fasicos riojanos dan la cara!<\/p>\n<p> Un video de <\/span><a href=\"http:\/\/www.myspace.com\/ataxiaf\" title=\"http:\/\/www.myspace.com\/ataxiaf\" id=\"link_1\">ATAXIA-F<\/a> , death metal de la vieja escuela:<\/p>\n<p class=\"MsoNormal\"><span lang=\"ES-TRAD\"><\/span><\/p>\n<p><center><object style=\"border: 0pt none ; margin: 0pt; background: transparent none repeat scroll 0% 0%; -moz-background-clip: -moz-initial; -moz-background-origin: -moz-initial; -moz-background-inline-policy: -moz-initial;\" width=\"425\" height=\"344\"><param name=\"movie\" value=\"http:\/\/www.youtube.com\/v\/rrzoaBOCmNI&#038;hl=es&#038;fs=1\"\/><param name=\"allowFullScreen\" value=\"true\"\/><embed src=\"\/\/www.youtube.com\/v\/rrzoaBOCmNI&#038;hl=es&#038;fs=1\" type=\"application\/x-shockwave-flash\" allowfullscreen=\"true\" width=\"425\" height=\"344\"\/><\/object><\/center><\/p>\n","protected":false},"excerpt":{"rendered":"<p>Los de Briones vuelven a ser noticia. Esta vez nos enteramos gracias al art\u00edculo publicado en el Diario La Rioja por el periodista Sanda Sainz, que ATAXIA-F va a participar de manera solidaria en un concierto ben\u00e9fico a favor de los afectados por la enfermedad cuyo nombre bautiza a la banda y que se celebrar\u00e1 [&hellip;]<\/p>\n","protected":false},"author":12,"featured_media":0,"comment_status":"open","ping_status":"closed","sticky":false,"template":"","format":"standard","meta":[],"categories":[4],"tags":[],"_links":{"self":[{"href":"https:\/\/blogs.larioja.com\/metalpesado\/wp-json\/wp\/v2\/posts\/88"}],"collection":[{"href":"https:\/\/blogs.larioja.com\/metalpesado\/wp-json\/wp\/v2\/posts"}],"about":[{"href":"https:\/\/blogs.larioja.com\/metalpesado\/wp-json\/wp\/v2\/types\/post"}],"author":[{"embeddable":true,"href":"https:\/\/blogs.larioja.com\/metalpesado\/wp-json\/wp\/v2\/users\/12"}],"replies":[{"embeddable":true,"href":"https:\/\/blogs.larioja.com\/metalpesado\/wp-json\/wp\/v2\/comments?post=88"}],"version-history":[{"count":1,"href":"https:\/\/blogs.larioja.com\/metalpesado\/wp-json\/wp\/v2\/posts\/88\/revisions"}],"predecessor-version":[{"id":3757,"href":"https:\/\/blogs.larioja.com\/metalpesado\/wp-json\/wp\/v2\/posts\/88\/revisions\/3757"}],"wp:attachment":[{"href":"https:\/\/blogs.larioja.com\/metalpesado\/wp-json\/wp\/v2\/media?parent=88"}],"wp:term":[{"taxonomy":"category","embeddable":true,"href":"https:\/\/blogs.larioja.com\/metalpesado\/wp-json\/wp\/v2\/categories?post=88"},{"taxonomy":"post_tag","embeddable":true,"href":"https:\/\/blogs.larioja.com\/metalpesado\/wp-json\/wp\/v2\/tags?post=88"}],"curies":[{"name":"wp","href":"https:\/\/api.w.org\/{rel}","templated":true}]}}