{"id":94,"date":"2008-10-02T11:51:05","date_gmt":"2008-10-02T11:51:05","guid":{"rendered":"http:\/\/blogs.larioja.com\/metalpesado\/?p=94"},"modified":"2025-09-10T17:38:42","modified_gmt":"2025-09-10T15:38:42","slug":"zenobia-ultimas-noticias","status":"publish","type":"post","link":"https:\/\/blogs.larioja.com\/metalpesado\/zenobia-ultimas-noticias\/","title":{"rendered":"ZENOBIA, \u00a1ULTIMAS NOTICIAS!"},"content":{"rendered":"<p><img loading=\"lazy\" title=\"http:\/\/profile.myspace.com\/index.cfm?fuseaction=user.viewprofile&#038;friendid=182374862\" href=\"http:\/\/profile.myspace.com\/index.cfm?fuseaction=user.viewprofile&#038;friendid=182374862\" class=\"imgcen\" src=\"\/\/i200.photobucket.com\/albums\/aa314\/zenobia_photos\/myspace\/foto_myspace1.jpg\" id=\"img_0\" width=\"465\" height=\"237\"\/><br \/>\n<span class=\"Estilo6\"><br \/>\nLos riojanos <\/span><a href=\"http:\/\/www.zenobia-metal.com\/zenobia.html\" title=\"http:\/\/www.zenobia-metal.com\/zenobia.html\" id=\"link_0\">ZENOBIA<\/a> <span class=\"Estilo6\"> nos remit\u00edan ayer esta nota de prensa, sin duda, buenas noticias : &#8220;La banda se halla ultimando la composici\u00f3n de las canciones de su segundo y pr\u00f3ximo disco. Jorge Berceo nos revela que la intenci\u00f3n del grupo es entrar en el estudio de grabaci\u00f3n sobre el mes de Diciembre para dar vida a un \u00e1lbum que desean especialmente. Desde Julio de 2005, cuando &#8220;Luchando hasta el Final&#8221; vi\u00f3 la luz, ha habido cambios en la formaci\u00f3n de ZENOBIA con las salidas de Asier y Cristian y la llegada de I\u00f1aki. A partir de este momento, el grupo ha continuado como un cuarteto y consideran que en sus nuevas composiciones han desarrollado una gran evoluci\u00f3n musical. Tambi\u00e9n el grupo destaca que el sonido renacido de sus intengrantes conserva todos los matices musicales que definen a ZENOBIA de principio a fin y que, a su vez, han conseguido dar vida a canciones m\u00e1s potentes que nunca sin que se lleguen a echar en falta los arreglos de teclado que eran m\u00e1s protagonistas. Por otra parte, se est\u00e1 trabajando duramente desde ZENOBIA para conseguir una distribuci\u00f3n de su nuevo disco en todas las tiendas y un lanzamiento del mismo que se acerque al m\u00e1s alto nivel profesional.&#8221;<\/span><\/p>\n","protected":false},"excerpt":{"rendered":"<p>Los riojanos ZENOBIA nos remit\u00edan ayer esta nota de prensa, sin duda, buenas noticias : &#8220;La banda se halla ultimando la composici\u00f3n de las canciones de su segundo y pr\u00f3ximo disco. Jorge Berceo nos revela que la intenci\u00f3n del grupo es entrar en el estudio de grabaci\u00f3n sobre el mes de Diciembre para dar vida [&hellip;]<\/p>\n","protected":false},"author":12,"featured_media":0,"comment_status":"open","ping_status":"closed","sticky":false,"template":"","format":"standard","meta":[],"categories":[4],"tags":[2378],"_links":{"self":[{"href":"https:\/\/blogs.larioja.com\/metalpesado\/wp-json\/wp\/v2\/posts\/94"}],"collection":[{"href":"https:\/\/blogs.larioja.com\/metalpesado\/wp-json\/wp\/v2\/posts"}],"about":[{"href":"https:\/\/blogs.larioja.com\/metalpesado\/wp-json\/wp\/v2\/types\/post"}],"author":[{"embeddable":true,"href":"https:\/\/blogs.larioja.com\/metalpesado\/wp-json\/wp\/v2\/users\/12"}],"replies":[{"embeddable":true,"href":"https:\/\/blogs.larioja.com\/metalpesado\/wp-json\/wp\/v2\/comments?post=94"}],"version-history":[{"count":1,"href":"https:\/\/blogs.larioja.com\/metalpesado\/wp-json\/wp\/v2\/posts\/94\/revisions"}],"predecessor-version":[{"id":3751,"href":"https:\/\/blogs.larioja.com\/metalpesado\/wp-json\/wp\/v2\/posts\/94\/revisions\/3751"}],"wp:attachment":[{"href":"https:\/\/blogs.larioja.com\/metalpesado\/wp-json\/wp\/v2\/media?parent=94"}],"wp:term":[{"taxonomy":"category","embeddable":true,"href":"https:\/\/blogs.larioja.com\/metalpesado\/wp-json\/wp\/v2\/categories?post=94"},{"taxonomy":"post_tag","embeddable":true,"href":"https:\/\/blogs.larioja.com\/metalpesado\/wp-json\/wp\/v2\/tags?post=94"}],"curies":[{"name":"wp","href":"https:\/\/api.w.org\/{rel}","templated":true}]}}